{"id":663421,"date":"2026-01-14T17:30:11","date_gmt":"2026-01-14T17:30:11","guid":{"rendered":"https:\/\/www.europesays.com\/fr\/663421\/"},"modified":"2026-01-14T17:30:11","modified_gmt":"2026-01-14T17:30:11","slug":"danciennes-videos-du-rappeur-koba-lad-en-prison-diffusees-sur-les-reseaux-son-avocate-porte-plainte","status":"publish","type":"post","link":"https:\/\/www.europesays.com\/fr\/663421\/","title":{"rendered":"D\u2019anciennes vid\u00e9os du rappeur Koba LaD en prison diffus\u00e9es sur les r\u00e9seaux, son avocate porte plainte"},"content":{"rendered":"<p>\n    <strong>INFO LE FIGARO &#8211;<\/strong> Des vid\u00e9os virales montrant Koba LaD jubilant dans sa cellule ont \u00e9t\u00e9 partag\u00e9es sur les r\u00e9seaux, certains y voyant un d\u00e9fi lanc\u00e9 \u00e0 l\u2019administration p\u00e9nitentiaire. Mais les extraits n\u2019ont pas \u00e9t\u00e9 tourn\u00e9s dans sa prison actuelle. Son avocate a port\u00e9 plainte.<\/p>\n<p class=\"fig-paragraph\">Un sourire jusqu\u2019aux oreilles, le rappeur Koba LaD sautille dans sa cellule, hilare apr\u00e8s une suppos\u00e9e fouille des surveillants p\u00e9nitentiaires. La vid\u00e9o a \u00e9t\u00e9 largement relay\u00e9e sur les r\u00e9seaux sociaux ces derniers jours, accompagn\u00e9e de commentaires affirmant qu\u2019il ferait un \u00abpied de nez au syst\u00e8me\u00bb.\u00a0<a href=\"http:\/\/www.lefigaro.fr\/faits-divers\/evasion-de-mohamed-amra-le-rappeur-koba-lad-porte-drapeau-de-la-black-manjack-family-et-possible-vitrine-d-activites-criminelles-20250324\" data-fig-type=\"Article\" data-gtm-custom-categorie=\"navigation\" data-gtm-custom-action=\"crossclick\" data-gtm-custom-label=\"Contextuel\" data-gtm-event=\"customEventSPE\" data-fig-domain=\"LEFIGARO\" target=\"_blank\" rel=\"noopener\">L\u2019artiste, de son vrai nom Marcel Junior Loutarila<\/a>, est actuellement incarc\u00e9r\u00e9 \u00e0 la prison de Meaux Chauconin-Neufmontiers (Seine-et-Marne), \u00e0 l\u2019isolement, \u00e0 la suite de sa condamnation pour homicide involontaire pour laquelle il a fait appel. En r\u00e9alit\u00e9, l\u2019extrait n\u2019a pas \u00e9t\u00e9 tourn\u00e9 dans cet \u00e9tablissement p\u00e9nitentiaire. Son avocate a port\u00e9 plainte ce mercredi midi, r\u00e9v\u00e8le Le Figaro.<\/p>\n<p class=\"fig-paragraph\">Sur les images, le rappeur se situe dans une cellule en d\u00e9sordre, jonch\u00e9e de bouteilles de soda, de v\u00eatements ou de paires de chaussures. Sur une autre, il serait en train d\u2019ouvrir des colis de No\u00ebl re\u00e7us en d\u00e9tention. Malgr\u00e9 la pagaille, l\u2019administration p\u00e9nitentiaire est formelle: ces s\u00e9quences n\u2019ont pas \u00e9t\u00e9 tourn\u00e9es \u00e0 Meaux. L\u2019une a \u00e9t\u00e9 tourn\u00e9e \u00abau centre p\u00e9nitentiaire de la Seine-Saint-Denis (NDLR: maison d\u2019arr\u00eat de Villepinte), o\u00f9 il y \u00e9tait d\u00e9tenu entre le 16 avril 2025 et le 24 novembre dernier\u00bb, nous indique-t-on. \u00abAu cours de cette p\u00e9riode, il a fait l\u2019objet de plusieurs comparutions en commission de discipline pour des d\u00e9tentions de t\u00e9l\u00e9phone portable. Il a \u00e9t\u00e9 sanctionn\u00e9 \u00e0 chacune de ses comparutions\u00bb, insiste l\u2019administration p\u00e9nitentiaire, ajoutant que c\u2019est justement l\u2019introduction de t\u00e9l\u00e9phones portables qui lui a valu son placement au quartier d\u2019isolement, comme nous vous\u00a0<a href=\"http:\/\/www.lefigaro.fr\/faits-divers\/incarcere-pour-un-accident-mortel-le-rappeur-koba-lad-place-a-l-isolement-20251128\" data-fig-type=\"NewsFlash\" data-gtm-custom-categorie=\"navigation\" data-gtm-custom-action=\"crossclick\" data-gtm-custom-label=\"Contextuel\" data-gtm-event=\"customEventSPE\" data-fig-domain=\"LEFIGARO\" target=\"_blank\" rel=\"noopener\">le r\u00e9v\u00e9lions en novembre dernier<\/a>.<\/p>\n<p>                                            <a class=\"fig-a11y-skip\" href=\"#fig-a11y-skip-main-inarticle\" data-module=\"a11y-skip\" data-context=\"was @visible\"><br \/>\n    Passer la publicit\u00e9<br \/>\n<\/a>            <\/p>\n<p>                                            \u00abCes publications avaient pour but de lui nuire publiquement\u00bb<\/p>\n<p class=\"fig-paragraph\">Les vid\u00e9os ont \u00e9t\u00e9 partag\u00e9es sur le r\u00e9seau social Snapchat par plusieurs comptes, dont \u00abIllanmgo\u00bb, \u00abWsh.of\u00bb, \u00abdes comptes qui se font passer pour lui\u00bb, d\u00e9nonce son avocate Me May-Sarah Vogelhut. Actuellement, la cellule du rappeur est fouill\u00e9e \u00abdeux \u00e0 trois fois par jour\u00bb. \u00abCes publications avaient pour but de lui nuire publiquement\u00bb, s\u2019insurge-t-elle. Elle a donc d\u00e9pos\u00e9 plainte ce mercredi midi dans un commissariat de la capitale pour \u00abusurpation d\u2019identit\u00e9\u00bb. La p\u00e9naliste s\u2019interroge sur le calendrier de cette diffusion sur les r\u00e9seaux sociaux alors que la d\u00e9fense du rappeur tente d\u2019obtenir un am\u00e9nagement de peine. En parall\u00e8le, Me Vogelhut a d\u00e9nonc\u00e9 dans sa plainte des faits d\u2019escroquerie visant des comptes Snapchat utilisant le nom de sc\u00e8ne de son client pour inciter des internautes \u00e0 \u00abinvestir sur des sites qui s\u2019av\u00e8rent \u00eatre frauduleux\u00bb.<\/p>\n<p class=\"fig-paragraph\">En juin 2025, le rappeur Koba LaD\u00a0<a href=\"http:\/\/www.lefigaro.fr\/faits-divers\/entre-excuses-et-reconnaissance-de-facade-le-rappeur-koba-lad-condamne-a-six-ans-de-prison-pour-l-accident-de-la-route-mortel-20250625\" target=\"_blank\" data-fig-type=\"Article\" rel=\"noopener\" data-gtm-custom-categorie=\"navigation\" data-gtm-custom-action=\"crossclick\" data-gtm-custom-label=\"Contextuel\" data-gtm-event=\"customEventSPE\" data-fig-domain=\"LEFIGARO\">a \u00e9cop\u00e9 de six ans de prison<\/a>\u00a0pour un accident de la route mortel dans lequel il a reconnu \u00eatre \u00aben faute\u00bb. Au volant d\u2019une berline de luxe et test\u00e9 positif au cannabis, il avait percut\u00e9 \u00e0 grande vitesse un camion \u00e0 l\u2019arr\u00eat sur une bretelle de sortie d\u2019une station essence en septembre 2024, sur l\u2019autoroute A86. Dans l\u2019accident le passager avant, William Dogbey, 30 ans, un ami proche, avait \u00e9t\u00e9 tu\u00e9, tandis que la petite amie du d\u00e9funt, assise \u00e0 l\u2019arri\u00e8re, avait \u00e9t\u00e9 l\u00e9g\u00e8rement bless\u00e9e. En parall\u00e8le, il est mis en examen dans\u00a0<a href=\"http:\/\/www.lefigaro.fr\/faits-divers\/il-a-fait-trembler-l-europe-wallah-quand-koba-lad-commentait-l-evasion-d-amra-depuis-la-prison-20250409\" target=\"_blank\" data-fig-type=\"Article\" rel=\"noopener\" data-gtm-custom-categorie=\"navigation\" data-gtm-custom-action=\"crossclick\" data-gtm-custom-label=\"Contextuel\" data-gtm-event=\"customEventSPE\" data-fig-domain=\"LEFIGARO\">l\u2019enqu\u00eate tentaculaire sur l\u2019\u00e9vasion de Mohamed Amra<\/a>\u00a0pour \u00abassociation de malfaiteurs en vue de commettre un d\u00e9lit\u00bb,\u00a0un d\u00e9lit passible de cinq ans de prison. Dans cette proc\u00e9dure, il a b\u00e9n\u00e9fici\u00e9 d\u2019un placement sous contr\u00f4le judiciaire, \u00e0 l\u2019inverse des principales figures du dossier.<\/p>\n","protected":false},"excerpt":{"rendered":"INFO LE FIGARO &#8211; Des vid\u00e9os virales montrant Koba LaD jubilant dans sa cellule ont \u00e9t\u00e9 partag\u00e9es sur&hellip;\n","protected":false},"author":2,"featured_media":663422,"comment_status":"","ping_status":"","sticky":false,"template":"","format":"standard","meta":{"footnotes":""},"categories":[1355],"tags":[58,59,1011,27,18240,1361,873,806,3616],"class_list":{"0":"post-663421","1":"post","2":"type-post","3":"status-publish","4":"format-standard","5":"has-post-thumbnail","7":"category-musique","8":"tag-divertissement","9":"tag-entertainment","10":"tag-fr","11":"tag-france","12":"tag-koba-lad","13":"tag-music","14":"tag-musique","15":"tag-prison","16":"tag-rap"},"share_on_mastodon":{"url":"https:\/\/pubeurope.com\/@fr\/115894644057432104","error":""},"_links":{"self":[{"href":"https:\/\/www.europesays.com\/fr\/wp-json\/wp\/v2\/posts\/663421","targetHints":{"allow":["GET"]}}],"collection":[{"href":"https:\/\/www.europesays.com\/fr\/wp-json\/wp\/v2\/posts"}],"about":[{"href":"https:\/\/www.europesays.com\/fr\/wp-json\/wp\/v2\/types\/post"}],"author":[{"embeddable":true,"href":"https:\/\/www.europesays.com\/fr\/wp-json\/wp\/v2\/users\/2"}],"replies":[{"embeddable":true,"href":"https:\/\/www.europesays.com\/fr\/wp-json\/wp\/v2\/comments?post=663421"}],"version-history":[{"count":0,"href":"https:\/\/www.europesays.com\/fr\/wp-json\/wp\/v2\/posts\/663421\/revisions"}],"wp:featuredmedia":[{"embeddable":true,"href":"https:\/\/www.europesays.com\/fr\/wp-json\/wp\/v2\/media\/663422"}],"wp:attachment":[{"href":"https:\/\/www.europesays.com\/fr\/wp-json\/wp\/v2\/media?parent=663421"}],"wp:term":[{"taxonomy":"category","embeddable":true,"href":"https:\/\/www.europesays.com\/fr\/wp-json\/wp\/v2\/categories?post=663421"},{"taxonomy":"post_tag","embeddable":true,"href":"https:\/\/www.europesays.com\/fr\/wp-json\/wp\/v2\/tags?post=663421"}],"curies":[{"name":"wp","href":"https:\/\/api.w.org\/{rel}","templated":true}]}}