{"id":663429,"date":"2026-01-14T17:34:18","date_gmt":"2026-01-14T17:34:18","guid":{"rendered":"https:\/\/www.europesays.com\/fr\/663429\/"},"modified":"2026-01-14T17:34:18","modified_gmt":"2026-01-14T17:34:18","slug":"jean-louis-murat-ressuscite-par-son-fils","status":"publish","type":"post","link":"https:\/\/www.europesays.com\/fr\/663429\/","title":{"rendered":"Jean-Louis Murat ressuscit\u00e9 par son fils"},"content":{"rendered":"<p>\u00ab\u2009La transmission de ses valeurs \u00e0 ses enfants, c\u2019est \u00e7a, la vraie noblesse\u2009\u00bb, nous confiait en 2018 celui qui avait emprunt\u00e9 son pseudonyme \u00e0 un roi de Naples autant qu\u2019\u00e0 un village du Puy-de-D\u00f4me. Son Auvergne natale, l\u2019auteur de \u00ab\u2009J\u2019ai fr\u00e9quent\u00e9 la beaut\u00e9\u2009\u00bb l\u2019a souvent chant\u00e9e. Sur sa famille, il \u00e9tait plus discret. Longtemps, il a cach\u00e9 l\u2019existence de son premier fils, n\u00e9 en 1971, bien avant le succ\u00e8s. Aujourd\u2019hui, celui-ci prend la plume pour raconter <a href=\"https:\/\/www.parismatch.com\/culture\/musique\/jean-louis-murat-est-mort-225518\" target=\"_blank\" rel=\"noopener\">son p\u00e8re, d\u00e9c\u00e9d\u00e9 en mai 2023<\/a>. Un portrait intime, parfois \u00e0 rebours de l\u2019image du po\u00e8te t\u00e9n\u00e9breux de la chanson fran\u00e7aise. Prof de droit \u00e0 Lyon, Yann Bergheaud a aussi cr\u00e9\u00e9 l\u2019institut Jean-Louis Murat pour transmettre son h\u00e9ritage musical. Il prend la parole pour la premi\u00e8re fois.\u00a0<\/p>\n<p><strong>Paris Match. Pourquoi ce livre\u2009?<\/strong><\/p>\n<p><strong>Yann Bergheaud. <\/strong>Parce que je veux faire conna\u00eetre mon p\u00e8re. Quand il \u00e9tait vivant, je pensais qu\u2019il fallait qu\u2019il donne sa propre version des choses. Il m\u2019avait r\u00e9pondu\u2009: \u201cJe n\u2019\u00e9crirai pas d\u2019autobio, parce que c\u2019est mettre un pied dans la tombe.\u201d Marc Besse, mon coauteur, lui avait propos\u00e9 la m\u00eame d\u00e9marche. Donc, apr\u00e8s sa mort, nous nous sommes retrouv\u00e9s sur le fait qu\u2019on devait s\u2019y mettre.<\/p>\n<p><strong>Vous avez le sentiment qu\u2019on le connaissait mal\u2009?<\/strong><\/p>\n<p>Tr\u00e8s mal. Ce n\u2019\u00e9tait pas quelqu\u2019un qui donnait beaucoup de cl\u00e9s, il lan\u00e7ait plein de fausses pistes. Il y a des gens qui l\u2019\u00e9coutent, qui l\u2019aiment et qui pensent le conna\u00eetre, mais qui ne le connaissent pas. Et puis il y a tous ceux qui ne l\u2019aiment pas ou qui ne l\u2019\u00e9coutent pas et qui pensent aussi le conna\u00eetre\u2026<\/p>\n<p>    La suite apr\u00e8s cette publicit\u00e9<\/p>\n<p><strong>On savait qu\u2019il vous avait eu tr\u00e8s jeune, \u00e0 19\u202fans, m\u00eame s\u2019il ne parlait jamais de vous\u2026 Pourquoi vous avoir cach\u00e9\u2009?<\/strong><\/p>\n<p>C\u2019\u00e9tait un souhait de ma m\u00e8re. Mes parents se sont s\u00e9par\u00e9s quand j\u2019avais 5\u202fans, il ont divorc\u00e9 en\u202f1980, et quand mon p\u00e8re a commenc\u00e9 \u00e0 \u00eatre un peu connu, elle lui a demand\u00e9 de ne pas parler de moi. Mais je n\u2019ai pas \u00e9t\u00e9 tant pr\u00e9serv\u00e9 que \u00e7a&#8230;<\/p>\n<p><strong>Vous vivez mal les premiers succ\u00e8s de votre p\u00e8re\u2009?<\/strong><\/p>\n<p>On habitait alors \u00e0 Clermont-Ferrand, o\u00f9 tout se savait. Mon p\u00e8re a d\u2019abord pas mal gal\u00e9r\u00e9, son premier 45-tours \u00e9tait pass\u00e9 inaper\u00e7u, son premier album n\u2019avait pas \u00e9t\u00e9 d\u00e9fendu par la maison de disques. Quand le succ\u00e8s lui tombe dessus, en\u202f1987, je n\u2019ai pas envie que le regard des autres soit braqu\u00e9 sur moi en tant que \u201cfils de\u201d. Certains avaient aussi tendance \u00e0 vouloir \u00e9clairer tout ce qu\u2019il faisait. Je trouvais par exemple que Bayon, le journaliste de \u201cLib\u00e9ration\u201d qui allait jusqu\u2019\u00e0 photographier mon p\u00e8re dans son lit, au r\u00e9veil, \u00e9tait tr\u00e8s intrusif.<\/p>\n<p><strong>Durant vos cinq premi\u00e8res ann\u00e9es, il a \u00e9t\u00e9 un papa merveilleux. Puis il s\u2019est \u00e9loign\u00e9. Pourquoi\u2009?<\/strong><\/p>\n<p>La vie n\u2019\u00e9tait pas forc\u00e9ment facile pour lui, \u00e0 cette \u00e9poque. Il \u00e9tait franchement d\u00e9prim\u00e9 parce qu\u2019il gal\u00e9rait. En ce qui me concerne, il ne comprenait rien aux rythmes scolaires, aux vacances. Quand il venait me chercher pour une balade dans le Massif central, c\u2019\u00e9tait souvent le dimanche, veille de rentr\u00e9e. Donc on faisait tout tr\u00e8s vite, \u00e0 l\u2019arrache. Il me prenait chez lui quand il en avait le temps. Peut-\u00eatre avait-il \u00e9t\u00e9 p\u00e8re trop jeune\u2026 Je l\u2019ai compris quand je le suis moi-m\u00eame devenu, bien plus tard.<\/p>\n<p>    <img decoding=\"async\" src=\"https:\/\/www.europesays.com\/fr\/wp-content\/uploads\/2026\/01\/sc_11.jpg\" alt=\"Une jeune pousse et un photographe en herbe. Yann Bergheaud et son p\u00e8re Jean-Louis Murat, en 1974.\" loading=\"lazy\"\/><\/p>\n<p>\n      Une jeune pousse et un photographe en herbe. Yann Bergheaud et son p\u00e8re Jean-Louis Murat, en 1974.<\/p>\n<p>                                \u00a9 DR<\/p>\n<p>    <img decoding=\"async\" src=\"https:\/\/www.europesays.com\/fr\/wp-content\/uploads\/2026\/01\/sc_12.jpg\" alt=\"Une jeune pousse et un photographe en herbe. Yann Bergheaud et son p\u00e8re Jean-Louis Murat, en 1974.\" loading=\"lazy\"\/><\/p>\n<p>\n      Une jeune pousse et un photographe en herbe. Yann Bergheaud et son p\u00e8re Jean-Louis Murat, en 1974.<\/p>\n<p>                                \u00a9 DR<\/p>\n<p><strong>\u00c0 l\u2019adolescence, avez-vous \u00e9t\u00e9 un gar\u00e7on compliqu\u00e9\u2009?<\/strong><\/p>\n<p>Probablement\u2026 On a eu des engueulades \u00e0 cette p\u00e9riode, j\u2019avais besoin de m\u2019affirmer, j\u2019\u00e9tais aussi un peu en r\u00e9volte contre lui et contre le monde entier. J\u2019\u00e9tais extr\u00eamement engag\u00e9 \u00e0 gauche, je lisais L\u00e9nine, vous voyez\u2009? [Il sourit.] Apr\u00e8s mes 20\u202fans, tout cela s\u2019est tass\u00e9. Quand il vivait \u00e0 Clermont, je passais le voir. Puis il s\u2019est install\u00e9 \u00e0 Douharesse, c\u2019\u00e9tait plus compliqu\u00e9, parce que c\u2019\u00e9tait loin. Mais on se parlait, on s\u2019\u00e9crivait des SMS, on \u00e9changeait des playlists, on \u00addiscutait \u00e9norm\u00e9ment musique. Il a toujours \u00e9t\u00e9 l\u00e0 pour moi, pour mes filles.<\/p>\n<p>\u00abIl me disait que c\u2019\u00e9tait \u00e0 moi de d\u00e9cider de ma vie: \u201cCur\u00e9 ou sportif, tant que tu t\u2019\u00e9clates, fonce\u201d\u00bb<br \/>\u00a0<\/p>\n<p><strong>Y avait-il beaucoup de non-dits dans votre relation\u2009? Vous a-t-il fait de la peine\u2009?<\/strong><\/p>\n<p>Quand j\u2019\u00e9tais enfant, pour me construire, \u00e7a n\u2019a pas toujours \u00e9t\u00e9 simple. \u00c7a m\u2019a pes\u00e9 de ne pas pouvoir parler avec lui. Mon p\u00e8re \u00e9tait un taiseux, tout se passait dans les regards\u2026 C\u2019est aussi quelqu\u2019un qui gardait plein de choses secr\u00e8tes, parce qu\u2019il avait une sensibilit\u00e9 extr\u00eame.<\/p>\n<p><strong>A-t-il suivi vos \u00e9tudes\u2009?<\/strong><\/p>\n<p>Tout le temps. Quand je me suis lanc\u00e9 dans le droit, \u00e7a lui paraissait abscons, mais il m\u2019a pos\u00e9 beaucoup de questions pour comprendre. Il a toujours \u00e9t\u00e9 derri\u00e8re moi, tout en me disant que c\u2019\u00e9tait \u00e0 moi de d\u00e9cider de ce que je ferais de ma vie\u2009: \u201cCur\u00e9 ou sportif, tant que tu t\u2019\u00e9clates, fonce.\u201d<\/p>\n<p>    <img decoding=\"async\" src=\"https:\/\/www.europesays.com\/fr\/wp-content\/uploads\/2026\/01\/sc_34.jpg\" alt=\"Yann Bergheaud avec ses parents, Michelle et Jean-Louis Murat, lors de sa communion solennelle. \u00c0 La Bourboule, en 1983.\" loading=\"lazy\"\/><\/p>\n<p>\n      Yann Bergheaud avec ses parents, Michelle et Jean-Louis Murat, lors de sa communion solennelle. \u00c0 La Bourboule, en 1983. <\/p>\n<p>                                \u00a9 DR<\/p>\n<p><strong>La musique ne vous a jamais tent\u00e9\u2009?<\/strong><\/p>\n<p>Comme lui, j\u2019ai jou\u00e9 \u00e0 un moment dans la fanfare du R\u00e9veil bourboulien. Mais je me suis vite rendu compte que je n\u2019\u00e9tais pas tr\u00e8s dou\u00e9, sans doute pas assez bosseur. En revanche, j\u2019ai toujours beaucoup \u00e9cout\u00e9 de musique, y compris la sienne.<\/p>\n<p><strong>\u00c0 quel moment avez-vous pris conscience de son m\u00e9tier\u2009?<\/strong><\/p>\n<p>Tr\u00e8s vite, j\u2019ai eu l\u2019image d\u2019un papa qui travaillait \u00e9norm\u00e9ment. Je me souviens du festival \u00e0 La Bourboule dans lequel il avait jou\u00e9 avec Clara, son premier groupe. Moi, je m\u2019occupais de la buvette, j\u2019amenais les sodas. [Il sourit.] J\u2019\u00e9tais tr\u00e8s admiratif de le voir sur sc\u00e8ne. M\u00eame si, au d\u00e9but, il \u00e9tait un peu trop en retrait, son c\u00f4t\u00e9 Lou Reed\u2026<\/p>\n<p><strong>Ce n\u2019\u00e9tait pas quelqu\u2019un fait pour la vie de famille\u2009?<\/strong><\/p>\n<p>Il en a toujours eu envie. Mais la sienne lui avait jou\u00e9 des tours, son p\u00e8re le laissant seul avec ma tante et ma grand-m\u00e8re. Donc il n\u2019a pas eu toutes les cl\u00e9s. Et il a \u00e9t\u00e9 super maladroit. J\u2019ai eu la trouille de lui annoncer \u00adl\u2019arriv\u00e9e de ma premi\u00e8re fille, je ne savais pas comment il allait r\u00e9agir. Et, en fait, quand elle est n\u00e9e, il a saut\u00e9 dans sa voiture pour venir la voir \u00e0 Lyon. Il l\u2019a prise dans ses bras, comme s\u2019il avait toujours tenu un b\u00e9b\u00e9. C\u2019\u00e9tait super \u00e9mouvant.<\/p>\n<p>    <img decoding=\"async\" src=\"https:\/\/www.europesays.com\/fr\/wp-content\/uploads\/2026\/01\/sc_48.jpg\" alt=\"L\u2019une des derni\u00e8res photos de famille de Jean-Louis Murat, avec sa petite-fille Lisa et Yann, \u00e0 l\u2019open de tennis du Sancy. Juillet 2022.\" loading=\"lazy\"\/><\/p>\n<p>\n      L\u2019une des derni\u00e8res photos de famille de Jean-Louis Murat, avec sa petite-fille Lisa et Yann, \u00e0 l\u2019open de tennis du Sancy. Juillet 2022. <\/p>\n<p>                                \u00a9 DR<\/p>\n<p>\u00abIl a parfois pris des positions ind\u00e9fendables. Mais ses sorties sur Johnny Hallyday me faisaient beaucoup rire\u00bb<\/p>\n<p><strong>Est-ce qu\u2019il s\u2019adressait parfois \u00e0 vous dans ses chansons\u2009?<\/strong><\/p>\n<p>Toute son \u0153uvre est impr\u00e9gn\u00e9e de sa vie, mais il utilisait des artifices pour que tout ne soit pas facilement appr\u00e9hendable. Un titre comme \u201cLa d\u00e9b\u00e2cle\u201d, par exemple, c\u2019est pour moi, de mani\u00e8re indirecte. Il \u00e9voque la difficult\u00e9 de vivre \u00e0 Paris \u2013\u00a0nous avions pass\u00e9 deux\u202fans rue Michel-Ange, dans le XVIe, et moi, gamin, je n\u2019aspirais qu\u2019\u00e0 jouer dehors. Tr\u00e8s t\u00f4t, aussi, il m\u2019a demand\u00e9 mon avis sur ses chansons. Au d\u00e9but, je n\u2019osais pas trop lui r\u00e9pondre. Puis il m\u2019a un peu secou\u00e9\u2009: \u201cTu dois avoir un avis, une opinion. M\u00eame si je suis ton p\u00e8re.\u201d Alors, du coup, des opinions, j\u2019en avais\u2026<\/p>\n<p><strong>Vous n\u2019aimiez notamment pas ses prises de parole \u00e9ruptives dans les m\u00e9dias.<\/strong><\/p>\n<p>Et je ne me g\u00eanais pas pour lui dire. Ce n\u2019\u00e9tait pas lui, ce genre de conneries, juste un moyen de d\u00e9fense. Je crois qu\u2019il s\u2019est pris \u00e0 son propre pi\u00e8ge, \u00e0 force d\u2019aller chez Ardisson, chez Ruquier\u2026 Peut-\u00eatre r\u00eavait-il de reproduire les querelles entre les Stones et les Beatles. Mais il jouait seul dans la cour\u2026 Et il a parfois pris des positions ou tenu des propos ind\u00e9fendables. M\u00eame s\u2019il savait aussi me faire marrer. Ses sorties sur Johnny Hallyday me faisaient beaucoup rire.<\/p>\n<p><strong>En 2019, <\/strong><a href=\"https:\/\/www.parismatch.com\/Culture\/Musique\/Jean-Louis-Murat-J-ai-termine-ce-disque-le-matin-du-jugement-de-divorce-1682512\" target=\"_blank\" rel=\"noopener\"><strong>il divorce de Laure, sa seconde \u00e9pouse<\/strong><\/a><strong>, et se retrouve seul dans ses montagnes\u2026<\/strong><\/p>\n<p>Oui, je vois bien qu\u2019il n\u2019a plus de copains\u2009; Christophe, son meilleur ami, est mort en\u202f2018. Donc il ressent un sacr\u00e9 vide. Il vend de moins en moins de disques, ses conditions de travail sont de plus en plus pr\u00e9caires. Il avait envie de gaiet\u00e9. Si son album \u201cBaby Love\u201d swingue, c\u2019est parce que c\u2019est ce dont il avait besoin \u00e0 ce moment-l\u00e0. Et aussi car il est de nouveau amoureux. La flamme s\u2019\u00e9tait rallum\u00e9e. Mais le confinement est arriv\u00e9. L\u2019enfer\u2026 Il avait tendance \u00e0 \u00eatre hypocondriaque, donc il avait vraiment tr\u00e8s peur du Covid. Mon p\u00e8re, c\u2019est quand m\u00eame la seule personne que je connaisse qui a r\u00e9ussi \u00e0 faire p\u00e9ter l\u2019\u00e9mail de ses dents \u00e0 force de les brosser\u2026<\/p>\n<p><strong>Il disait ne pas accorder d\u2019importance aux ventes de ses disques\u2026<\/strong><\/p>\n<p>C\u2019est ce qu\u2019il disait, oui. Mais, en r\u00e9alit\u00e9, c\u2019\u00e9tait compliqu\u00e9. Sa chanson pour Indochine lui rapportait plus d\u2019argent que ses propres disques&#8230; \u00c7a lui mettait un coup au moral.<\/p>\n<p>    <img decoding=\"async\" src=\"https:\/\/www.europesays.com\/fr\/wp-content\/uploads\/2026\/01\/sc_42.jpg\" alt=\"Jean-Louis Murat, l\u2019art d\u2019\u00eatre grand-p\u00e8re en musique, avec Lisa, en 2006.\" loading=\"lazy\"\/><\/p>\n<p>\n      Jean-Louis Murat, l\u2019art d\u2019\u00eatre grand-p\u00e8re en musique, avec Lisa, en 2006.<\/p>\n<p>                                \u00a9 DR<\/p>\n<p><strong>\u00c0 propos de ses collaborations, vous dites qu\u2019il n\u2019aimait pas \u201cRegrets\u201d, son duo avec Myl\u00e8ne Farmer. Pourquoi\u2009?<\/strong><\/p>\n<p>Il n\u2019\u00e9tait pas fan des arrangements, il l\u2019a vraiment fait pour Myl\u00e8ne. Il est rest\u00e9 assez discret sur cette histoire. Mais il m\u2019a toujours parl\u00e9 avec \u00e9norm\u00e9ment de respect de Myl\u00e8ne et de Laurent Boutonnat.<\/p>\n<p><strong>A-t-il pu \u00eatre amoureux d\u2019elle\u2009?<\/strong><\/p>\n<p>Je ne sais pas. Mon p\u00e8re et les femmes, c\u2019\u00e9tait toujours une op\u00e9ration s\u00e9duction, qui fonctionnait ou pas. Il \u00e9tait assez coureur, quand m\u00eame\u2026<\/p>\n<p>\u00abJe ne connais m\u00eame pas le nom de famille de Sarah, ma demis\u0153ur\u2026 Ce livre, c\u2019est aussi pour lui dire que ma porte reste toujours ouverte\u00bb<\/p>\n<p><strong>Vous r\u00e9v\u00e9lez aussi qu\u2019il \u00e9tait le p\u00e8re d\u2019une fille, Sarah, n\u00e9e en 1976, votre demi-s\u0153ur. Quelle est son histoire\u2009?<\/strong><\/p>\n<p>On en a parl\u00e9 quelques fois. Je sentais bien qu\u2019il ne voulait pas tout me dire. Je sais qu\u2019il ne l\u2019a pas reconnue mais qu\u2019ils se sont vus, gu\u00e8re plus. De ce que j\u2019ai compris, sa relation avec la m\u00e8re de Sarah \u00e9tait complexe. Je ne connais m\u00eame pas son nom de famille\u2026 Quand il est mort, elle a envoy\u00e9 des fleurs \u00e0 ses obs\u00e8ques. Ce livre, c\u2019est aussi pour lui dire que ma porte reste toujours ouverte, qu\u2019elle fait partie des enfants. Apr\u00e8s, qu\u2019il n\u2019y ait pas eu de rencontres, de partages, c\u2019est la vie\u2026<\/p>\n<p><strong>La naissance de sa fille Justine, en 2004, l\u2019a-t-elle chang\u00e9\u2009?<\/strong><\/p>\n<p>Je ne crois pas. Il \u00e9tait super avec Justine, il \u00e9tait super avec moi, il \u00e9tait super avec mes filles, il \u00e9tait super avec Gaspard (son fils cadet). La photo qu\u2019il a toujours voulue et qu\u2019on a mise dans son cercueil, c\u2019est l\u2019image de nous cinq ensemble, ses trois enfants et ses deux petites-filles.<\/p>\n<p><strong>Il y a une autre femme tr\u00e8s importante dans la vie de Jean-Louis Murat, c\u2019est Ren\u00e9e, sa m\u00e8re\u2026<\/strong><\/p>\n<p>Ils \u00e9taient tr\u00e8s proches, alors qu\u2019ils n\u2019arr\u00eataient pas de s\u2019engueuler. Ma grand-m\u00e8re a \u00e9t\u00e9 malade pendant longtemps, et on avait annonc\u00e9 \u00e0 mon p\u00e8re\u2009: \u201cC\u2019est une question de jours.\u201d En fait, elle a tenu des mois. Mais il vivait avec cette pression. Elle est venue \u00e0 l\u2019un de ses derniers concerts, \u00e0 plus de 90\u202fans. Il \u00e9tait totalement flipp\u00e9 qu\u2019elle soit l\u00e0, et tellement heureux aussi. Quand elle est d\u00e9c\u00e9d\u00e9e, dix jours plus tard, il l\u2019a tr\u00e8s mal v\u00e9cu. C\u2019est \u00e0 ce moment-l\u00e0 que je me suis dit qu\u2019il fallait qu\u2019on fasse des choses ensemble, comme un grand d\u00e9jeuner de famille. Qui n\u2019a h\u00e9las jamais eu lieu.<\/p>\n<p>    <img decoding=\"async\" src=\"https:\/\/www.europesays.com\/fr\/wp-content\/uploads\/2026\/01\/sc_47.jpg\" alt=\"Pour les 50 ans de son fils, Jean-Louis Murat, grand lecteur, lui offre une \u00e9dition rare des \u00ab Lettres originales de Mirabeau \u00bb. Octobre 2021.\" loading=\"lazy\"\/><\/p>\n<p>\n      Pour les 50 ans de son fils, Jean-Louis Murat, grand lecteur, lui offre une \u00e9dition rare des \u00ab Lettres originales de Mirabeau \u00bb. Octobre 2021. <\/p>\n<p>                                \u00a9 DR<\/p>\n<p><strong>Il n\u2019organisait pas lui-m\u00eame de r\u00e9union\u2009?<\/strong><\/p>\n<p>Le dernier No\u00ebl, il a fallu tout acheter chez un traiteur, parce qu\u2019il \u00e9tait du genre \u00e0 dire\u2009: \u201cOn se verra au go\u00fbter le 25.\u201d Il vivait dans des conditions assez disparates, il \u00e9tait bien chez lui, o\u00f9 rien n\u2019avait boug\u00e9 depuis trente ans. Le confort, il s\u2019en foutait, il roulait en Dacia, \u00e7a lui allait parfaitement.<\/p>\n<p><strong>Son d\u00e9c\u00e8s est-il accidentel\u2009?<\/strong><\/p>\n<p>Oui, c\u2019est un truc con. Il avait des douleurs dans la jambe et il pensait que des s\u00e9ances de kin\u00e9 suffiraient. En fait, c\u2019\u00e9tait une phl\u00e9bite. Un petit caillot est mont\u00e9 au c\u0153ur. Les pompiers sont arriv\u00e9s chez lui trop tard. Il est d\u00e9c\u00e9d\u00e9 d\u2019une embolie pulmonaire.<\/p>\n<p><strong>Que regrettez-vous de ne pas lui avoir dit\u2009?<\/strong><\/p>\n<p>Je n\u2019ai peut-\u00eatre pas assez pu lui dire que j\u2019\u00e9tais tr\u00e8s fier de lui. Que j\u2019\u00e9tais heureux de l\u2019avoir comme p\u00e8re. Finalement, l\u2019\u00e9ducation qu\u2019il m\u2019a donn\u00e9e, les valeurs qu\u2019il m\u2019a transmises sont tr\u00e8s significatives dans ma vie d\u2019homme\u2009: l\u2019importance du travail, de s\u2019accomplir dans la r\u00e9alisation de choses, intellectuelles ou mat\u00e9rielles. Rester droit dans ses bottes, \u00eatre loyal\u2026<\/p>\n<p><strong>D\u00e9sormais, \u00eates-vous le gardien du temple Murat\u2009?<\/strong><\/p>\n<p>Je n\u2019aime pas vraiment cette expression. \u00c0 sa mort, je me suis rendu compte qu\u2019il y avait tout un business \u00e0 g\u00e9rer. J\u2019ai appel\u00e9 Mathieu Ferr\u00e9, le fils de L\u00e9o, pour comprendre le fonctionnement. Mathieu a eu ces mots\u2009: \u201cNous sommes des ayants droit, mais aussi des ayants devoir.\u201d C\u2019est pour \u00e7a que j\u2019ai lanc\u00e9 l\u2019institut Jean-Louis Murat, avec des proches de mon p\u00e8re, pour monter des \u00e9v\u00e9nements autour de son \u0153uvre. On a commenc\u00e9 l\u2019\u00e9t\u00e9 dernier, lors du Tour de France, \u00e0 La\u202fBourboule \u2013\u202fmon p\u00e8re adorait le cyclisme\u2026 Je me suis aussi rendu compte qu\u2019il n\u2019\u00e9tait pas tr\u00e8s aim\u00e9 dans la vall\u00e9e.<\/p>\n<p><strong>Lui, l\u2019Auvergnat qui n\u2019a cess\u00e9 de chanter sa terre\u2009?<\/strong><\/p>\n<p>Oui. Mon p\u00e8re, c\u2019\u00e9tait un peu le mec qui avait r\u00e9ussi. Et en Auvergne on n\u2019aime pas ces gens-l\u00e0.<\/p>\n<p>    <img decoding=\"async\" src=\"https:\/\/www.europesays.com\/fr\/wp-content\/uploads\/2026\/01\/sc_20122025_img_1080.jpg\" alt=\"Devant les roches Tuili\u00e8re et Sanadoire, encadrant la vall\u00e9e et le hameau o\u00f9 le chanteur est mort d\u2019une embolie pulmonaire, le 25 mai 2023. Yann souhaite cr\u00e9er un jardin Jean-Louis Murat.\" loading=\"lazy\"\/><\/p>\n<p>\n      Devant les roches Tuili\u00e8re et Sanadoire, encadrant la vall\u00e9e et le hameau o\u00f9 le chanteur est mort d\u2019une embolie pulmonaire, le 25 mai 2023. Yann souhaite cr\u00e9er un jardin Jean-Louis Murat.<\/p>\n<p>                Paris Match<br \/>\n                      \/<br \/>\n                                \u00a9 H\u00e9l\u00e8ne Pambrun<\/p>\n<p>    <img decoding=\"async\" src=\"https:\/\/www.europesays.com\/fr\/wp-content\/uploads\/2026\/01\/sc_20122025_img_1372-1.jpg\" alt=\"Yann avec sa femme, Marie, et leurs filles, Lucie, 15 ans, et Lisa, 25 ans. Au lac de Gu\u00e9ry, le 20 d\u00e9cembre.\" loading=\"lazy\"\/><\/p>\n<p>\n      Yann avec sa femme, Marie, et leurs filles, Lucie, 15 ans, et Lisa, 25 ans. Au lac de Gu\u00e9ry, le 20 d\u00e9cembre.<\/p>\n<p>                Paris Match<br \/>\n                      \/<br \/>\n                                \u00a9 H\u00e9l\u00e8ne Pambrun<\/p>\n<p><strong>Quid des in\u00e9dits\u2009? Il disait qu\u2019il y avait des centaines de choses dans ses tiroirs.<\/strong><\/p>\n<p>Oui, il y a vraiment plein de choses\u2009: des chansons, des disques avort\u00e9s, des textes, des carnets, des tableaux\u2026 Mais, tant que la succession n\u2019est pas r\u00e9gl\u00e9e, tout est bloqu\u00e9. C\u2019est un peu tendu au sein de la famille, au d\u00e9triment, h\u00e9las, de l\u2019\u0153uvre de mon p\u00e8re. C\u2019est dommage.<\/p>\n<p><strong>Certaines voix sur Internet s\u2019opposent d\u00e9j\u00e0 \u00e0 votre livre.<\/strong><\/p>\n<p>Ce sont des gens qui n\u2019ont pas lu \u201cLe\u202froman de Murat\u201d, donc c\u2019est assez irrationnel. Faire son deuil dans ces conditions n\u2019est pas simple. J\u2019esp\u00e8re que ce livre va \u00eatre un d\u00e9clencheur, pour qu\u2019on prenne conscience de l\u2019ampleur de son \u0153uvre.<\/p>\n<p><strong>Jean-Louis Murat \u00e9tait-il un homme heureux\u2009?<\/strong><\/p>\n<p>Je le crois. Il cultivait sa joie de vivre. Moi, j\u2019ai beaucoup ri avec lui. Il croquait la vie \u00e0 pleines dents. M\u00eame si c\u2019\u00e9tait difficile pour lui de ne pas avoir rencontr\u00e9 la reconnaissance qu\u2019il aurait d\u00fb avoir.<\/p>\n<p>    <img decoding=\"async\" src=\"https:\/\/www.europesays.com\/fr\/wp-content\/uploads\/2026\/01\/sc_couv_bergheaud_yann_l.jpg\" alt=\"\u00abLe roman de Murat\u00bb, de Yann Bergheaud, \u00e9d. Albin Michel, 336 pages, 22,90 euros.\" loading=\"lazy\"\/><\/p>\n<p>\n      \u00abLe roman de Murat\u00bb, de Yann Bergheaud, \u00e9d. Albin Michel, 336 pages, 22,90 euros.<\/p>\n<p>                                \u00a9 DR<\/p>\n","protected":false},"excerpt":{"rendered":"\u00ab\u2009La transmission de ses valeurs \u00e0 ses enfants, c\u2019est \u00e7a, la vraie noblesse\u2009\u00bb, nous confiait en 2018 celui&hellip;\n","protected":false},"author":2,"featured_media":663430,"comment_status":"","ping_status":"","sticky":false,"template":"","format":"standard","meta":{"footnotes":""},"categories":[8],"tags":[58,59,1011,27],"class_list":{"0":"post-663429","1":"post","2":"type-post","3":"status-publish","4":"format-standard","5":"has-post-thumbnail","7":"category-divertissement","8":"tag-divertissement","9":"tag-entertainment","10":"tag-fr","11":"tag-france"},"share_on_mastodon":{"url":"https:\/\/pubeurope.com\/@fr\/115894660274083880","error":""},"_links":{"self":[{"href":"https:\/\/www.europesays.com\/fr\/wp-json\/wp\/v2\/posts\/663429","targetHints":{"allow":["GET"]}}],"collection":[{"href":"https:\/\/www.europesays.com\/fr\/wp-json\/wp\/v2\/posts"}],"about":[{"href":"https:\/\/www.europesays.com\/fr\/wp-json\/wp\/v2\/types\/post"}],"author":[{"embeddable":true,"href":"https:\/\/www.europesays.com\/fr\/wp-json\/wp\/v2\/users\/2"}],"replies":[{"embeddable":true,"href":"https:\/\/www.europesays.com\/fr\/wp-json\/wp\/v2\/comments?post=663429"}],"version-history":[{"count":0,"href":"https:\/\/www.europesays.com\/fr\/wp-json\/wp\/v2\/posts\/663429\/revisions"}],"wp:featuredmedia":[{"embeddable":true,"href":"https:\/\/www.europesays.com\/fr\/wp-json\/wp\/v2\/media\/663430"}],"wp:attachment":[{"href":"https:\/\/www.europesays.com\/fr\/wp-json\/wp\/v2\/media?parent=663429"}],"wp:term":[{"taxonomy":"category","embeddable":true,"href":"https:\/\/www.europesays.com\/fr\/wp-json\/wp\/v2\/categories?post=663429"},{"taxonomy":"post_tag","embeddable":true,"href":"https:\/\/www.europesays.com\/fr\/wp-json\/wp\/v2\/tags?post=663429"}],"curies":[{"name":"wp","href":"https:\/\/api.w.org\/{rel}","templated":true}]}}