{"id":663443,"date":"2026-01-14T17:42:11","date_gmt":"2026-01-14T17:42:11","guid":{"rendered":"https:\/\/www.europesays.com\/fr\/663443\/"},"modified":"2026-01-14T17:42:11","modified_gmt":"2026-01-14T17:42:11","slug":"le-centre-commercial-jeanne-darc-disparait-du-paysage","status":"publish","type":"post","link":"https:\/\/www.europesays.com\/fr\/663443\/","title":{"rendered":"le centre commercial Jeanne-d\u2019Arc dispara\u00eet du paysage"},"content":{"rendered":"<p>Des palissades de protection emp\u00eachent les passants d\u2019assister \u00e0 l\u2019op\u00e9ration de d\u00e9construction. Mais les bras des engins de chantier qui de temps \u00e0 autre \u00e9mergent de l\u2019\u00eelot de l\u2019avenue Jeanne-d\u2019Arc laissent deviner l\u2019ampleur des interventions. Apr\u00e8s plusieurs semaines de d\u00e9samiantage, une op\u00e9ration assur\u00e9e par l\u2019entreprise meusienne Brabant, le centre commercial de la rue Jeanne-d\u2019Arc vit ses derni\u00e8res heures.<\/p>\n<p>Vid\u00e9 de ses occupants depuis de nombreux mois, cet \u00e9tablissement progressivement d\u00e9sert\u00e9 par les commer\u00e7ants, en proie de surcro\u00eet \u00e0 des probl\u00e8mes d\u2019\u00e9tanch\u00e9it\u00e9, n\u2019\u00e9tait plus qu\u2019une vilaine verrue qui g\u00e2chait le paysage.<\/p>\n<p>Sa seule et ultime fonction aura \u00e9t\u00e9 n\u00e9anmoins, en juillet dernier, de servir de terrain d\u2019entra\u00eenement pour les forces de l\u2019ordre et de secours, en l\u2019occurrence les policiers du RAID (unit\u00e9 Recherche, assistance, intervention et dissuasion) et les hommes du SDIS (Service d\u00e9partemental d\u2019incendie et de secours).<\/p>\n<p>  La future place de Londres<\/p>\n<p>Cette op\u00e9ration d\u2019envergure, qui intrigue de nombreux passants, fait suite \u00e0 <a href=\"https:\/\/www.estrepublicain.fr\/societe\/2025\/08\/23\/renovation-urbaine-le-quartier-vand-est-en-chantier\" target=\"_blank\" rel=\"noopener\">la d\u00e9molition des immeubles<\/a> Haarlem, Courlis, Serins et Hulottes, situ\u00e9s \u00e0 quelques centaines de m\u00e8tres. Elle s\u2019inscrit dans le cadre de l\u2019acte\u00a0II de l\u2019ANRU, cens\u00e9 m\u00e9tamorphoser le quartier Vand\u2019Est-\u00c9toile-For\u00eat Noire.<\/p>\n<p>\u00c0 la place du centre commercial, sera am\u00e9nag\u00e9e une nouvelle place, irrigu\u00e9e par des art\u00e8res favorisant les d\u00e9placements doux, et des axes de verdure, excroissances du parc Richard-Pouille. Une nouvelle MJC y sera construite, en remplacement de la MJC \u00c9toile, bient\u00f4t d\u00e9molie \u00e9galement. <a href=\"https:\/\/www.estrepublicain.fr\/social\/2021\/12\/14\/la-fabrique-des-possibles-pour-former-et-accompagner#:~:text=La%20fabrique%20des%20possibles%2C%20c,familiariser%20avec%20l&#039;outil%20num%C3%A9rique.\" target=\"_blank\" rel=\"noopener\">La Fabrique des possibles,<\/a> tiers-lieu, abrit\u00e9e actuellement dans un immeuble de l\u2019avenue du G\u00e9n\u00e9ral-Leclerc, y est \u00e9galement attendue, ainsi que <a href=\"https:\/\/www.estrepublicain.fr\/culture-loisirs\/2024\/12\/27\/des-habitants-(re)decouvrent-l-histoire-de-leur-ville-avec-hilo\" target=\"_blank\" rel=\"noopener\">l\u2019HiLo, une entit\u00e9 d\u00e9di\u00e9e \u00e0 la m\u00e9moire du quartier.<\/a><\/p>\n<p>  \u00c0 l\u2019horizon 2027<\/p>\n<p>La future place de Londres accueillera aussi la nouvelle agence commerciale MMH, laquelle sera surplomb\u00e9e d\u2019une trentaine d\u2019appartements, destin\u00e9s \u00e0 la vente. En face, de l\u2019autre c\u00f4t\u00e9 de la rue Jeanne-d\u2019Arc devrait \u00eatre construit un immeuble mixte comprenant des logements, et au rez-de-chauss\u00e9e, des commerces de proximit\u00e9.<\/p>\n<p>Pour m\u00e9moire Le co\u00fbt de l\u2019acte\u00a0II de la r\u00e9novation urbaine, \u00e0 Vand\u0153uvre, est estim\u00e9 \u00e0 97\u00a0millions d\u2019euros. L\u2019ANRU (Agence nationale de r\u00e9novation urbaine) abonde \u00e0 hauteur de 20\u00a0millions d\u2019euros. Le reste de l\u2019enveloppe budg\u00e9taire est assum\u00e9 par les bailleurs sociaux, la Ville et la M\u00e9tropole. Ce programme pr\u00e9vu par engagement sur la p\u00e9riode de 2015-2026, donnera lieu \u00e0 des travaux au-del\u00e0 de cette p\u00e9riode\u00a0; la future place de Londres \u00e9tant attendue \u00e0 l\u2019horizon 2027.<\/p>\n","protected":false},"excerpt":{"rendered":"Des palissades de protection emp\u00eachent les passants d\u2019assister \u00e0 l\u2019op\u00e9ration de d\u00e9construction. Mais les bras des engins de&hellip;\n","protected":false},"author":2,"featured_media":663444,"comment_status":"","ping_status":"","sticky":false,"template":"","format":"standard","meta":{"footnotes":""},"categories":[9635],"tags":[1111,11,1704,1777,674,1011,27,775,1908,6364,1702,12,25,104,5711],"class_list":{"0":"post-663443","1":"post","2":"type-post","3":"status-publish","4":"format-standard","5":"has-post-thumbnail","7":"category-nancy","8":"tag-actu","9":"tag-actualites","10":"tag-edition-nancy-et-agglomeration","11":"tag-eu","12":"tag-europe","13":"tag-fr","14":"tag-france","15":"tag-grand-est","16":"tag-logement","17":"tag-metropole-du-grand-nancy-54b1","18":"tag-nancy","19":"tag-news","20":"tag-republique-francaise","21":"tag-societe","22":"tag-vandoeuvre-les-nancy"},"share_on_mastodon":{"url":"https:\/\/pubeurope.com\/@fr\/115894691033452332","error":""},"_links":{"self":[{"href":"https:\/\/www.europesays.com\/fr\/wp-json\/wp\/v2\/posts\/663443","targetHints":{"allow":["GET"]}}],"collection":[{"href":"https:\/\/www.europesays.com\/fr\/wp-json\/wp\/v2\/posts"}],"about":[{"href":"https:\/\/www.europesays.com\/fr\/wp-json\/wp\/v2\/types\/post"}],"author":[{"embeddable":true,"href":"https:\/\/www.europesays.com\/fr\/wp-json\/wp\/v2\/users\/2"}],"replies":[{"embeddable":true,"href":"https:\/\/www.europesays.com\/fr\/wp-json\/wp\/v2\/comments?post=663443"}],"version-history":[{"count":0,"href":"https:\/\/www.europesays.com\/fr\/wp-json\/wp\/v2\/posts\/663443\/revisions"}],"wp:featuredmedia":[{"embeddable":true,"href":"https:\/\/www.europesays.com\/fr\/wp-json\/wp\/v2\/media\/663444"}],"wp:attachment":[{"href":"https:\/\/www.europesays.com\/fr\/wp-json\/wp\/v2\/media?parent=663443"}],"wp:term":[{"taxonomy":"category","embeddable":true,"href":"https:\/\/www.europesays.com\/fr\/wp-json\/wp\/v2\/categories?post=663443"},{"taxonomy":"post_tag","embeddable":true,"href":"https:\/\/www.europesays.com\/fr\/wp-json\/wp\/v2\/tags?post=663443"}],"curies":[{"name":"wp","href":"https:\/\/api.w.org\/{rel}","templated":true}]}}