{"id":663451,"date":"2026-01-14T17:46:10","date_gmt":"2026-01-14T17:46:10","guid":{"rendered":"https:\/\/www.europesays.com\/fr\/663451\/"},"modified":"2026-01-14T17:46:10","modified_gmt":"2026-01-14T17:46:10","slug":"un-rassemblement-de-gauche-et-ecologiste-en-ordre-de-marche-dans-lattente-de-la-candidature-de-michael-delafosse-le-maire-de-montpellier","status":"publish","type":"post","link":"https:\/\/www.europesays.com\/fr\/663451\/","title":{"rendered":"Un \u00ab\u00a0rassemblement\u00a0\u00bb de gauche et \u00e9cologiste en ordre de marche dans l\u2019attente de la candidature de Micha\u00ebl Delafosse, le maire de Montpellier"},"content":{"rendered":"<p>\n                                                                Une dizaine d\u2019organisations politiques ont confirm\u00e9 leur volont\u00e9 de voir le maire sortant Micha\u00ebl Delafosse \u00eatre candidat \u00e0 sa succession dans une logique de \u00ab\u00a0rassemblement\u00a0\u00bb des forces de gauche et \u00e9cologistes.\n                            <\/p>\n<p>\u00ab\u00a0Depuis 1998, je m\u2019occupe de constituer des majorit\u00e9s. \u00c7a n\u2019a jamais \u00e9t\u00e9 aussi simple que cette fois-ci\u00a0\u00bb. Fin connaisseur des arcanes politiques et des rapports de force, Christian Assaf l\u2019affirme\u00a0: l\u2019action de Micha\u00ebl Delafosse et son \u00e9quipe, le \u00ab\u00a0bilan\u00a0\u00bb du mandat, ont \u00e9t\u00e9 des arguments d\u00e9cisifs pour construire un\u00a0\u00ab\u00a0rassemblement\u00a0\u00bb des forces de gauche et \u00e9cologistes\u2026 en attendant la probable candidature du maire sortant.<\/p>\n<p>Anciens et nouveaux venus<\/p>\n<p>Ce mercredi, au club de la presse, ces soutiens se sont rassembl\u00e9s, \u00e9lus de la majorit\u00e9 sortante, des socialistes aux communistes en passant par les \u00e9cologistes en rupture de ban avec leur parti, des repr\u00e9sentants du parti animaliste, du Parti radical de gauche et de Place publique. Un \u00ab\u00a0collectif\u00a0\u00bb auquel se sont agr\u00e9g\u00e9s de nouveaux venus comme l\u2019ancienne d\u00e9put\u00e9e LFI Muriel Ressiguier\u00a0ou le mouvement de la gauche r\u00e9publicaine et socialiste de l\u2019ancienne ministre Marie-No\u00eblle Lienemann. \u00ab\u00a0C\u2019est le p\u00e9rim\u00e8tre d\u2019un rassemblement, d\u2019une majorit\u00e9 qui a su s\u2019\u00e9largir. Il est plus large que celui de 2020\u00a0\u00bb pr\u00e9sente S\u00e9bastien Cote, le directeur de campagne de la majorit\u00e9 sortante.<\/p>\n<p>Une \u00e9quipe fi\u00e8re du bilan en mati\u00e8re de mobilit\u00e9s, de la\u00efcit\u00e9, d\u2019actions sociales, de d\u00e9veloppement \u00e9conomique. \u00ab\u00a0On a une grande fiert\u00e9 de ce bilan. L\u2019id\u00e9e est d\u2019\u00eatre dans la continuit\u00e9 pour aller plus loin dans la transition \u00e9cologique et solidaire\u00a0\u00bb a r\u00e9sum\u00e9 l\u2019adjointe \u00e9cologiste Marie Massart.<\/p>\n<p>Programme pr\u00eat \u00e0 95\u00a0%<\/p>\n<p>\u00ab\u00a0Je souhaite que ce collectif ait\u00a0un meneur. Que Micha\u00ebl Delafosse continue ce qu\u2019il a commenc\u00e9\u00a0\u00bb a relay\u00e9 Muriel Ressiguier. Selon S\u00e9bastien Cote un \u00ab\u00a0travail de convergence sur les id\u00e9es\u00a0\u00bb a d\u00e9j\u00e0 \u00e9t\u00e9 men\u00e9 entre l\u2019ensemble de ces partenaires et \u00ab\u00a095\u00a0%\u00a0\u00bb du programme, \u00ab\u00a0est pr\u00eat\u00a0\u00bb.<\/p>\n<p>\u00ab\u00a0Quand le capitaine sera connu il le pr\u00e9sentera. Nous pensons fortement que Micha\u00ebl Delafosse sera candidat. C\u2019est une d\u00e9cision lourde et importante. Le timing lui appartient\u00a0\u00bb. L\u2019\u00e9quipage, lui, se tient pr\u00eat m\u00eame si, \u00e0 l\u2019int\u00e9rieur, des appr\u00e9ciations divergent comme sur le contournement ouest de Montpellier. \u00ab\u00a0Le rassemblement ce n\u2019est pas la caporalisation\u00a0\u00bb r\u00e9pond Christian Assaf.<\/p>\n","protected":false},"excerpt":{"rendered":"Une dizaine d\u2019organisations politiques ont confirm\u00e9 leur volont\u00e9 de voir le maire sortant Micha\u00ebl Delafosse \u00eatre candidat \u00e0&hellip;\n","protected":false},"author":2,"featured_media":663452,"comment_status":"","ping_status":"","sticky":false,"template":"","format":"standard","meta":{"footnotes":""},"categories":[9599],"tags":[1111,11,5949,1777,674,1011,27,7089,2208,3434,12,2680,316,25],"class_list":{"0":"post-663451","1":"post","2":"type-post","3":"status-publish","4":"format-standard","5":"has-post-thumbnail","7":"category-montpellier","8":"tag-actu","9":"tag-actualites","10":"tag-elections","11":"tag-eu","12":"tag-europe","13":"tag-fr","14":"tag-france","15":"tag-herault","16":"tag-montpellier","17":"tag-municipales-2026","18":"tag-news","19":"tag-occitanie","20":"tag-politique","21":"tag-republique-francaise"},"share_on_mastodon":{"url":"https:\/\/pubeurope.com\/@fr\/115894706730894247","error":""},"_links":{"self":[{"href":"https:\/\/www.europesays.com\/fr\/wp-json\/wp\/v2\/posts\/663451","targetHints":{"allow":["GET"]}}],"collection":[{"href":"https:\/\/www.europesays.com\/fr\/wp-json\/wp\/v2\/posts"}],"about":[{"href":"https:\/\/www.europesays.com\/fr\/wp-json\/wp\/v2\/types\/post"}],"author":[{"embeddable":true,"href":"https:\/\/www.europesays.com\/fr\/wp-json\/wp\/v2\/users\/2"}],"replies":[{"embeddable":true,"href":"https:\/\/www.europesays.com\/fr\/wp-json\/wp\/v2\/comments?post=663451"}],"version-history":[{"count":0,"href":"https:\/\/www.europesays.com\/fr\/wp-json\/wp\/v2\/posts\/663451\/revisions"}],"wp:featuredmedia":[{"embeddable":true,"href":"https:\/\/www.europesays.com\/fr\/wp-json\/wp\/v2\/media\/663452"}],"wp:attachment":[{"href":"https:\/\/www.europesays.com\/fr\/wp-json\/wp\/v2\/media?parent=663451"}],"wp:term":[{"taxonomy":"category","embeddable":true,"href":"https:\/\/www.europesays.com\/fr\/wp-json\/wp\/v2\/categories?post=663451"},{"taxonomy":"post_tag","embeddable":true,"href":"https:\/\/www.europesays.com\/fr\/wp-json\/wp\/v2\/tags?post=663451"}],"curies":[{"name":"wp","href":"https:\/\/api.w.org\/{rel}","templated":true}]}}