{"id":663459,"date":"2026-01-14T17:50:12","date_gmt":"2026-01-14T17:50:12","guid":{"rendered":"https:\/\/www.europesays.com\/fr\/663459\/"},"modified":"2026-01-14T17:50:12","modified_gmt":"2026-01-14T17:50:12","slug":"valentin-gabriac-rn-condamne-ces-actes-ignobles","status":"publish","type":"post","link":"https:\/\/www.europesays.com\/fr\/663459\/","title":{"rendered":"Valentin Gabriac (RN) \u00ab\u00a0condamne ces actes ignobles\u00a0\u00bb"},"content":{"rendered":"<p>La garde \u00e0 vue de l\u2019ancien <a href=\"https:\/\/www.ledauphine.com\/faits-divers-justice\/2026\/01\/14\/depots-d-os-de-porc-devant-une-mosquee-un-ancien-conseiller-municipal-place-en-garde-a-vue-pour-provocation-a-la-haine\" target=\"_blank\" rel=\"noopener\">\u00e9lu fontainois d\u2019extr\u00eame droite Franck Sinisi<\/a> dans le cadre des investigations men\u00e9es sur le d\u00e9p\u00f4t d\u2019ossements de porc devant la porte de la salle de pri\u00e8re de la rue Marguerite-Tavel en septembre, a fait r\u00e9agir Valentin Gabriac.<\/p>\n<p>Le candidat du <a href=\"https:\/\/www.ledauphine.com\/elections\/2025\/12\/08\/grenoble-le-rn-associe-a-l-udr-entre-en-campagne-et-sa-liste-est-prete\" target=\"_blank\" rel=\"noopener\">Rassemblement national<\/a> pour les prochaines \u00e9lections <a href=\"https:\/\/www.ledauphine.com\/d\/elections-municipales-a-grenoble-qui-pour-diriger-la-capitale-des-alpes-b680a716-7cd1-44d5-beea-9e6d1132b539\" target=\"_blank\" rel=\"noopener\">municipales \u00e0 Grenoble<\/a> indique dans un communiqu\u00e9 qu\u2019il \u00ab\u00a0condamne de la mani\u00e8re la plus ferme ces actes ignobles, inadmissibles et profond\u00e9ment condamnables. S\u2019en prendre \u00e0 un lieu de culte, provoquer, humilier, chercher \u00e0 attiser la haine\u00a0: c\u2019est inacceptable et cela ne doit faire l\u2019objet d\u2019aucune complaisance. Si les faits sont av\u00e9r\u00e9s, ils doivent \u00eatre sanctionn\u00e9s avec la plus grande s\u00e9v\u00e9rit\u00e9\u00a0\u00bb.<\/p>\n<p>Le candidat pr\u00e9cise \u00e9galement qu\u2019il n\u2019a \u00ab\u00a0strictement aucun lien avec M. Sinisi, ni de pr\u00e8s ni de loin et aucun rapport avec ces agissements. M.\u00a0Sinisi est, \u00e0 mes yeux, un individu d\u00e9testable, extr\u00e9miste, m\u00e9prisable et haineux dont les d\u00e9rives sont connues depuis longtemps\u00a0\u00bb, rappelant qu\u2019il a \u00e9t\u00e9 exclu du parti en 2017. \u00ab\u00a0Ces provocations doivent \u00eatre combattues, et leurs auteurs poursuivis si les faits sont confirm\u00e9s\u00a0\u00bb.<\/p>\n","protected":false},"excerpt":{"rendered":"La garde \u00e0 vue de l\u2019ancien \u00e9lu fontainois d\u2019extr\u00eame droite Franck Sinisi dans le cadre des investigations men\u00e9es&hellip;\n","protected":false},"author":2,"featured_media":663460,"comment_status":"","ping_status":"","sticky":false,"template":"","format":"standard","meta":{"footnotes":""},"categories":[9566],"tags":[1111,11,2430,271,272,112,4188,1777,674,274,107,9592,1011,27,2731,2732,108,12,316,25],"class_list":{"0":"post-663459","1":"post","2":"type-post","3":"status-publish","4":"format-standard","5":"has-post-thumbnail","7":"category-grenoble","8":"tag-actu","9":"tag-actualites","10":"tag-auvergne-rhone-alpes","11":"tag-crime","12":"tag-delit-et-contravention","13":"tag-edition-grenoble-agglomeration","14":"tag-elections-municipales","15":"tag-eu","16":"tag-europe","17":"tag-faits-divers-justice","18":"tag-fil-info","19":"tag-fontaine","20":"tag-fr","21":"tag-france","22":"tag-grenoble","23":"tag-grenoble-bassin","24":"tag-isere","25":"tag-news","26":"tag-politique","27":"tag-republique-francaise"},"share_on_mastodon":{"url":"https:\/\/pubeurope.com\/@fr\/115894722423147859","error":""},"_links":{"self":[{"href":"https:\/\/www.europesays.com\/fr\/wp-json\/wp\/v2\/posts\/663459","targetHints":{"allow":["GET"]}}],"collection":[{"href":"https:\/\/www.europesays.com\/fr\/wp-json\/wp\/v2\/posts"}],"about":[{"href":"https:\/\/www.europesays.com\/fr\/wp-json\/wp\/v2\/types\/post"}],"author":[{"embeddable":true,"href":"https:\/\/www.europesays.com\/fr\/wp-json\/wp\/v2\/users\/2"}],"replies":[{"embeddable":true,"href":"https:\/\/www.europesays.com\/fr\/wp-json\/wp\/v2\/comments?post=663459"}],"version-history":[{"count":0,"href":"https:\/\/www.europesays.com\/fr\/wp-json\/wp\/v2\/posts\/663459\/revisions"}],"wp:featuredmedia":[{"embeddable":true,"href":"https:\/\/www.europesays.com\/fr\/wp-json\/wp\/v2\/media\/663460"}],"wp:attachment":[{"href":"https:\/\/www.europesays.com\/fr\/wp-json\/wp\/v2\/media?parent=663459"}],"wp:term":[{"taxonomy":"category","embeddable":true,"href":"https:\/\/www.europesays.com\/fr\/wp-json\/wp\/v2\/categories?post=663459"},{"taxonomy":"post_tag","embeddable":true,"href":"https:\/\/www.europesays.com\/fr\/wp-json\/wp\/v2\/tags?post=663459"}],"curies":[{"name":"wp","href":"https:\/\/api.w.org\/{rel}","templated":true}]}}