{"id":663461,"date":"2026-01-14T17:51:17","date_gmt":"2026-01-14T17:51:17","guid":{"rendered":"https:\/\/www.europesays.com\/fr\/663461\/"},"modified":"2026-01-14T17:51:17","modified_gmt":"2026-01-14T17:51:17","slug":"le-deplacement-a-grenoble-programme","status":"publish","type":"post","link":"https:\/\/www.europesays.com\/fr\/663461\/","title":{"rendered":"Le d\u00e9placement \u00e0 Grenoble programm\u00e9"},"content":{"rendered":"<p>              La programmation compl\u00e8te<\/p>\n<p><strong>Vendredi 13 mars 2026 \u00e0 20h00 : le Multiplex sur beIN SPORTS 1 et les matchs en int\u00e9gralit\u00e9 sur beIN SPORTS MAX 4 \u00e0 8<\/strong><br \/>EA Guingamp \u2013 Amiens SC<br \/>Montpellier H\u00e9rault SC \u2013 Stade Lavallois MFC<br \/>SC Bastia \u2013 US Boulogne CO<br \/>Clermont Foot 63 \u2013 Pau FC<br \/>AS Nancy-Lorraine \u2013 Le Mans FC<\/p>\n<p><strong>Samedi 14 mars 2026 \u00e0 14h00 sur beIN SPORTS 1<\/strong><br \/>Stade de Reims \u2013 Rodez Aveyron Football<\/p>\n<p><strong>Samedi 14 mars 2026 \u00e0 20h00 sur beIN SPORTS 1<\/strong><br \/>Grenoble Foot 38 \u2013 AS Saint-\u00c9tienne<\/p>\n<p><strong>Lundi 16 mars 2026 \u00e0 20h45 sur beIN SPORTS 1<\/strong><br \/>FC Annecy \u2013 ESTAC Troyes<\/p>\n","protected":false},"excerpt":{"rendered":"La programmation compl\u00e8te Vendredi 13 mars 2026 \u00e0 20h00 : le Multiplex sur beIN SPORTS 1 et les&hellip;\n","protected":false},"author":2,"featured_media":663462,"comment_status":"","ping_status":"","sticky":false,"template":"","format":"standard","meta":{"footnotes":""},"categories":[9566],"tags":[1111,11,2430,1777,674,1011,27,2731,12,25],"class_list":{"0":"post-663461","1":"post","2":"type-post","3":"status-publish","4":"format-standard","5":"has-post-thumbnail","7":"category-grenoble","8":"tag-actu","9":"tag-actualites","10":"tag-auvergne-rhone-alpes","11":"tag-eu","12":"tag-europe","13":"tag-fr","14":"tag-france","15":"tag-grenoble","16":"tag-news","17":"tag-republique-francaise"},"share_on_mastodon":{"url":"https:\/\/pubeurope.com\/@fr\/115894726279467294","error":""},"_links":{"self":[{"href":"https:\/\/www.europesays.com\/fr\/wp-json\/wp\/v2\/posts\/663461","targetHints":{"allow":["GET"]}}],"collection":[{"href":"https:\/\/www.europesays.com\/fr\/wp-json\/wp\/v2\/posts"}],"about":[{"href":"https:\/\/www.europesays.com\/fr\/wp-json\/wp\/v2\/types\/post"}],"author":[{"embeddable":true,"href":"https:\/\/www.europesays.com\/fr\/wp-json\/wp\/v2\/users\/2"}],"replies":[{"embeddable":true,"href":"https:\/\/www.europesays.com\/fr\/wp-json\/wp\/v2\/comments?post=663461"}],"version-history":[{"count":0,"href":"https:\/\/www.europesays.com\/fr\/wp-json\/wp\/v2\/posts\/663461\/revisions"}],"wp:featuredmedia":[{"embeddable":true,"href":"https:\/\/www.europesays.com\/fr\/wp-json\/wp\/v2\/media\/663462"}],"wp:attachment":[{"href":"https:\/\/www.europesays.com\/fr\/wp-json\/wp\/v2\/media?parent=663461"}],"wp:term":[{"taxonomy":"category","embeddable":true,"href":"https:\/\/www.europesays.com\/fr\/wp-json\/wp\/v2\/categories?post=663461"},{"taxonomy":"post_tag","embeddable":true,"href":"https:\/\/www.europesays.com\/fr\/wp-json\/wp\/v2\/tags?post=663461"}],"curies":[{"name":"wp","href":"https:\/\/api.w.org\/{rel}","templated":true}]}}