{"id":663465,"date":"2026-01-14T17:58:17","date_gmt":"2026-01-14T17:58:17","guid":{"rendered":"https:\/\/www.europesays.com\/fr\/663465\/"},"modified":"2026-01-14T17:58:17","modified_gmt":"2026-01-14T17:58:17","slug":"la-sante-au-regard-des-enjeux-de-societe","status":"publish","type":"post","link":"https:\/\/www.europesays.com\/fr\/663465\/","title":{"rendered":"la sant\u00e9 au regard des enjeux de soci\u00e9t\u00e9"},"content":{"rendered":"<p>Un espace de d\u00e9bat et m\u00eame \u00ab\u00a0un lieu de r\u00e9sistance face aux attaques populistes contre la science\u00a0\u00bb, dixit le m\u00e9decin et \u00e9lu Alexandre Feltz. Pour la seizi\u00e8me ann\u00e9e cons\u00e9cutive, le Forum europ\u00e9en de bio\u00e9thique va reprendre ses quartiers \u00e0 Strasbourg, du mercredi\u00a04 au samedi 7\u00a0f\u00e9vrier. Du fait de l\u2019actualit\u00e9, \u00e0 commencer par la crise de l\u2019h\u00f4pital et de la m\u00e9decine lib\u00e9rale, \u00ab une th\u00e9matique qui pose des questions et agite a \u00e9t\u00e9 volontairement retenue\u00a0\u00bb, vient d\u2019annoncer Aur\u00e9lien Benoilid, le pr\u00e9sident de son association organisatrice. En l\u2019occurrence\u00a0: \u00ab\u00a0Sant\u00e9 et soci\u00e9t\u00e9\u00a0\u00bb.<\/p>\n<p>  Co\u00fbt et acc\u00e8s aux soins<\/p>\n<p>Ce th\u00e8me g\u00e9n\u00e9rique va \u00eatre d\u00e9clin\u00e9 au travers de deux conf\u00e9rences et douze tables rondes auxquelles participeront au total 51 professionnels de sant\u00e9, chercheurs, philosophes et sociologues. Ils se pencheront, par exemple, sur <a href=\"https:\/\/www.dna.fr\/sante\/2024\/02\/04\/l-intelligence-artificielle-(ia)-le-sujet-qui-s-imposait\" target=\"_blank\" rel=\"noopener\"> l\u2019utilisation m\u00e9dicale de l\u2019intelligence artificielle<\/a> , le concept \u00ab\u00a0One health\u00a0\u00bb, la solidarit\u00e9 avec les plus fragiles, le mal-\u00eatre des soignants\u2026 Ou encore sur le co\u00fbt et l\u2019acc\u00e8s aux soins, y compris dans des services d\u2019urgence toujours plus satur\u00e9s. \u00ab\u00a0Les d\u00e9serts m\u00e9dicaux ne sont pas que dans la Creuse, rappelle Alexandre Feltz. Ils sont aussi d\u00e9sormais dans les quartiers p\u00e9riph\u00e9riques de nos villes.\u00a0\u00bb<\/p>\n<p>\u00ab\u00a0Ces sujets vont mettre en perspective l\u2019individu et le collectif dont les choix de soci\u00e9t\u00e9 se font parfois au d\u00e9triment de l\u2019un ou de l\u2019autre\u00a0\u00bb, insiste Aur\u00e9lien Benoilid. Leur traitement, ajoute-t-il, va faire l\u2019objet \u00ab\u00a0d\u2019une dimension europ\u00e9enne plus marqu\u00e9e\u00a0\u00bb que lors des pr\u00e9c\u00e9dentes \u00e9ditions du Forum. L\u2019ambition affich\u00e9e\u00a0: \u00ab\u00a0Apprendre des autres et apprendre aux autres\u00a0\u00bb. Dans cette logique, des jeunes de diff\u00e9rents pays de l\u2019UE vont \u00eatre charg\u00e9s de retranscrire des r\u00e9flexions et id\u00e9es \u00e9mises lors des diff\u00e9rentes tables rondes. Le support \u00e9crit qui d\u00e9coulera de leurs travaux sera remis ult\u00e9rieurement \u00e0 des eurod\u00e9put\u00e9s et des repr\u00e9sentants de diverses institutions.<\/p>\n<p>  Une conf\u00e9rence au Parlement europ\u00e9en<\/p>\n<p>Le Forum va se tenir comme chaque ann\u00e9e dans la grande salle situ\u00e9e au premier \u00e9tage de l\u2019Aubette, place Kl\u00e9ber. Il sera enti\u00e8rement gratuit et en acc\u00e8s libre. Une exception, n\u00e9anmoins. Pour la premi\u00e8re fois, une conf\u00e9rence inaugurale autour de la sant\u00e9 et de la d\u00e9mocratie aura pour d\u00e9cor l\u2019h\u00e9micycle du Parlement europ\u00e9en, le mercredi 4\u00a0f\u00e9vrier de 10\u00a0h \u00e0 12\u00a0h\u00a030. Y prendra part notamment Jean-Fran\u00e7ois Delfraissy, le pr\u00e9sident du Comit\u00e9 consultatif national d\u2019\u00e9thique pour les sciences de la vie et de la sant\u00e9. Le public est invit\u00e9 \u00e0 y assister mais uniquement apr\u00e8s inscription sur le site www.forumeuropeendebioethique.eu. Le programme complet de la manifestation est \u00e9galement disponible \u00e0 cette adresse qui, en outre, permettra de visionner en direct ou en diff\u00e9r\u00e9 l\u2019ensemble de ses rendez-vous.<\/p>\n","protected":false},"excerpt":{"rendered":"Un espace de d\u00e9bat et m\u00eame \u00ab\u00a0un lieu de r\u00e9sistance face aux attaques populistes contre la science\u00a0\u00bb, dixit&hellip;\n","protected":false},"author":2,"featured_media":663466,"comment_status":"","ping_status":"","sticky":false,"template":"","format":"standard","meta":{"footnotes":""},"categories":[2820],"tags":[1111,11,2389,4983,6211,1687,2880,1777,674,107,1011,27,775,5362,224,12,5486,25,71,104,640,2879],"class_list":{"0":"post-663465","1":"post","2":"type-post","3":"status-publish","4":"format-standard","5":"has-post-thumbnail","7":"category-strasbourg","8":"tag-actu","9":"tag-actualites","10":"tag-alsace","11":"tag-bien-etre","12":"tag-conference","13":"tag-culture-loisirs","14":"tag-edition-strasbourg","15":"tag-eu","16":"tag-europe","17":"tag-fil-info","18":"tag-fr","19":"tag-france","20":"tag-grand-est","21":"tag-magazine-sante","22":"tag-medecine","23":"tag-news","24":"tag-rencontre","25":"tag-republique-francaise","26":"tag-sante","27":"tag-societe","28":"tag-strasbourg","29":"tag-strasbourg-ville"},"share_on_mastodon":{"url":"https:\/\/pubeurope.com\/@fr\/115894753906543611","error":""},"_links":{"self":[{"href":"https:\/\/www.europesays.com\/fr\/wp-json\/wp\/v2\/posts\/663465","targetHints":{"allow":["GET"]}}],"collection":[{"href":"https:\/\/www.europesays.com\/fr\/wp-json\/wp\/v2\/posts"}],"about":[{"href":"https:\/\/www.europesays.com\/fr\/wp-json\/wp\/v2\/types\/post"}],"author":[{"embeddable":true,"href":"https:\/\/www.europesays.com\/fr\/wp-json\/wp\/v2\/users\/2"}],"replies":[{"embeddable":true,"href":"https:\/\/www.europesays.com\/fr\/wp-json\/wp\/v2\/comments?post=663465"}],"version-history":[{"count":0,"href":"https:\/\/www.europesays.com\/fr\/wp-json\/wp\/v2\/posts\/663465\/revisions"}],"wp:featuredmedia":[{"embeddable":true,"href":"https:\/\/www.europesays.com\/fr\/wp-json\/wp\/v2\/media\/663466"}],"wp:attachment":[{"href":"https:\/\/www.europesays.com\/fr\/wp-json\/wp\/v2\/media?parent=663465"}],"wp:term":[{"taxonomy":"category","embeddable":true,"href":"https:\/\/www.europesays.com\/fr\/wp-json\/wp\/v2\/categories?post=663465"},{"taxonomy":"post_tag","embeddable":true,"href":"https:\/\/www.europesays.com\/fr\/wp-json\/wp\/v2\/tags?post=663465"}],"curies":[{"name":"wp","href":"https:\/\/api.w.org\/{rel}","templated":true}]}}