{"id":663467,"date":"2026-01-14T17:59:11","date_gmt":"2026-01-14T17:59:11","guid":{"rendered":"https:\/\/www.europesays.com\/fr\/663467\/"},"modified":"2026-01-14T17:59:11","modified_gmt":"2026-01-14T17:59:11","slug":"ligue-1-le-racing-club-de-strasbourg-jouera-le-dimanche-8-fevrier-au-havre-trois-jours-apres-monaco-en-coupe","status":"publish","type":"post","link":"https:\/\/www.europesays.com\/fr\/663467\/","title":{"rendered":"Ligue 1. Le Racing Club de Strasbourg jouera le dimanche 8 f\u00e9vrier au Havre, trois jours apr\u00e8s Monaco en Coupe"},"content":{"rendered":"<p class=\"insetTitle\">La 21e journ\u00e9e de Ligue 1<\/p>\n<p><strong>Vendredi 6 f\u00e9vrier 2026 \u00e0 20h45\u00a0sur Ligue 1+<\/strong><br \/>FC Metz \u2013 LOSC Lille<\/p>\n<p><strong>Samedi 7 f\u00e9vrier 2026 \u00e0 17h00 sur beIN SPORTS 1<\/strong><br \/>RC Lens \u2013 Stade Rennais FC<\/p>\n<p><strong>Samedi 7 f\u00e9vrier 2026 \u00e0 19h00 sur Ligue 1+<\/strong><br \/>Stade Brestois 29 \u2013 FC Lorient<\/p>\n<p><strong>Samedi 7 f\u00e9vrier 2026 \u00e0 21h05 sur Ligue 1+<\/strong><br \/>FC Nantes \u2013 Olympique Lyonnais\u00a0<\/p>\n<p><strong>Dimanche 8 f\u00e9vrier 2026 \u00e0 15h00 sur Ligue 1+<\/strong><br \/>OGC Nice \u2013 AS Monaco<\/p>\n<p><strong>Dimanche 8 f\u00e9vrier 2026 \u00e0 17h15 sur Ligue 1+<\/strong><br \/>Havre AC \u2013 RC Strasbourg Alsace<br \/>AJ Auxerre \u2013 Paris FC<br \/>Angers SCO \u2013 Toulouse FC <\/p>\n<p><strong>Dimanche 8 f\u00e9vrier 2026 \u00e0 20h45 sur Ligue 1+<\/strong><br \/>Paris Saint-Germain \u2013 Olympique de Marseille<\/p>\n<p>\u00a0<\/p>\n","protected":false},"excerpt":{"rendered":"La 21e journ\u00e9e de Ligue 1 Vendredi 6 f\u00e9vrier 2026 \u00e0 20h45\u00a0sur Ligue 1+FC Metz \u2013 LOSC Lille&hellip;\n","protected":false},"author":2,"featured_media":663468,"comment_status":"","ping_status":"","sticky":false,"template":"","format":"standard","meta":{"footnotes":""},"categories":[2820],"tags":[1111,11,1777,674,107,63,1011,27,775,12,41281,25,517,640],"class_list":{"0":"post-663467","1":"post","2":"type-post","3":"status-publish","4":"format-standard","5":"has-post-thumbnail","7":"category-strasbourg","8":"tag-actu","9":"tag-actualites","10":"tag-eu","11":"tag-europe","12":"tag-fil-info","13":"tag-football","14":"tag-fr","15":"tag-france","16":"tag-grand-est","17":"tag-news","18":"tag-racing-club-strasbourg-masculin","19":"tag-republique-francaise","20":"tag-sport","21":"tag-strasbourg"},"share_on_mastodon":{"url":"https:\/\/pubeurope.com\/@fr\/115894757926189681","error":""},"_links":{"self":[{"href":"https:\/\/www.europesays.com\/fr\/wp-json\/wp\/v2\/posts\/663467","targetHints":{"allow":["GET"]}}],"collection":[{"href":"https:\/\/www.europesays.com\/fr\/wp-json\/wp\/v2\/posts"}],"about":[{"href":"https:\/\/www.europesays.com\/fr\/wp-json\/wp\/v2\/types\/post"}],"author":[{"embeddable":true,"href":"https:\/\/www.europesays.com\/fr\/wp-json\/wp\/v2\/users\/2"}],"replies":[{"embeddable":true,"href":"https:\/\/www.europesays.com\/fr\/wp-json\/wp\/v2\/comments?post=663467"}],"version-history":[{"count":0,"href":"https:\/\/www.europesays.com\/fr\/wp-json\/wp\/v2\/posts\/663467\/revisions"}],"wp:featuredmedia":[{"embeddable":true,"href":"https:\/\/www.europesays.com\/fr\/wp-json\/wp\/v2\/media\/663468"}],"wp:attachment":[{"href":"https:\/\/www.europesays.com\/fr\/wp-json\/wp\/v2\/media?parent=663467"}],"wp:term":[{"taxonomy":"category","embeddable":true,"href":"https:\/\/www.europesays.com\/fr\/wp-json\/wp\/v2\/categories?post=663467"},{"taxonomy":"post_tag","embeddable":true,"href":"https:\/\/www.europesays.com\/fr\/wp-json\/wp\/v2\/tags?post=663467"}],"curies":[{"name":"wp","href":"https:\/\/api.w.org\/{rel}","templated":true}]}}