{"id":663473,"date":"2026-01-14T18:02:16","date_gmt":"2026-01-14T18:02:16","guid":{"rendered":"https:\/\/www.europesays.com\/fr\/663473\/"},"modified":"2026-01-14T18:02:16","modified_gmt":"2026-01-14T18:02:16","slug":"a-quoi-sert-le-recensement-qui-demarre-ce-jeudi-en-pays-de-la-loire","status":"publish","type":"post","link":"https:\/\/www.europesays.com\/fr\/663473\/","title":{"rendered":"A quoi sert le recensement qui d\u00e9marre ce jeudi, en Pays de la Loire ?"},"content":{"rendered":"<p class=\"block date\" id=\"dateEtAuteur\">Publi\u00e9 : 17h19 &#8211; Modifi\u00e9 : 17h26 Dolor\u00e8s  CHARLES <\/p>\n<p><img decoding=\"async\" class=\"\" style=\"width:100%\" src=\"https:\/\/www.europesays.com\/fr\/wp-content\/uploads\/2026\/01\/Nantes_hauteur1768406784194.jpg\" alt=\"Ville de Nantes\"\/><\/p>\n<p>Cr\u00e9dit : Ville de Nantes<\/p>\n<p>La campagne de recensement de l&rsquo;INSEE d\u00e9marre ce jeudi 15 janvier, partout en France. Voyons comment cela marche avec le directeur r\u00e9gional de l&rsquo;INSEE en Pays de la Loire, Arnaud Degorre. <\/p>\n<p>Moins de b\u00e9b\u00e9s, plus de personnes \u00e2g\u00e9es, une esp\u00e9rance de vie en hausse : la France se trouve \u00e0 un tournant d\u00e9mographique, selon l&rsquo;Insee. Notre pays compte d\u00e9sormais 69,1 millions d&rsquo;habitants, dont 2,3 millions dans les d\u00e9partements d&rsquo;outre-mer. C\u2019est 0,25% de plus par rapport \u00e0 l\u2019an dernier.<\/p>\n<p>Dans nos r\u00e9gions la population progresse \u00e9galement, plus de 3,4 millions d\u2019habitants en Bretagne, 3,9 millions en Pays de la Loire.<\/p>\n<p>\u00a0<\/p>\n<blockquote><p>\nMode d&#8217;emploi\n<\/p><\/blockquote>\n<p>Et comme tous les ans au mois de janvier, l\u2019Insee d\u00e9marre son enqu\u00eate de recensement, le coup d\u2019envoi officiel est pr\u00e9vu ce jeudi (15 janvier), mais comment cela fonctionne ? \u00ab\u00a0c&rsquo;est avant tout sur Internet et c&rsquo;est une notice qui va \u00eatre d\u00e9pos\u00e9e dans la bo\u00eete aux lettres de la personne si elle habite dans une maison individuelle, ou qui va lui \u00eatre remise par l&rsquo;agent recenseur si la personne est dans un logement collectif. explique Arnaud Degorre, directeur r\u00e9gional de l\u2019INSEE en Pays de la Loire.<\/p>\n<p><strong>Cette notice permet de se connecter pour r\u00e9pondre \u00e0 quelques questions pour d\u00e9crire le logement, la composition du m\u00e9nage, et ensuite il y a ce qu&rsquo;on appelle un questionnaire individuel pour en dire plus sur chacun en termes de vie professionnelle, \u00e9tudes, \u00e2ge, d\u00e9placement, etc.\u00a0\u00bb<\/strong><\/p>\n<p>Arnaud Degorre, directeur r\u00e9gional de l\u2019INSEEArnaud Degorre, directeur r\u00e9gional de l\u2019INSEE<\/p>\n<p>Cr\u00e9dit : Lily l&rsquo;Abbaye<\/p>\n<p>Gr\u00e2ce \u00e0 ces enqu\u00eates, l\u2019INSEE a pu constater, en Pays de la Loire, une augmentation du nombre d\u2019habitants sup\u00e9rieure \u00e0 la moyenne nationale entre 2017 et 2023, et ce sont les m\u00e9tropoles qui tirent la croissance vers le haut, comme Angers, le littoral et Nantes. \u00ab\u00a0C&rsquo;est une zone (ndlr : Nantes compte 328 000 habitants) o\u00f9 il y a beaucoup d&rsquo;opportunit\u00e9s professionnelles, un taux de ch\u00f4mage faible, du dynamisme en termes de cr\u00e9ation d&rsquo;entreprise&#8230; Il y a une attractivit\u00e9 r\u00e9sidentielle parce qu&rsquo;il y fait bon vivre, parce que la Loire-Atlantique attire, et elle a aussi cette image du littoral.<\/p>\n<p>\u00a0<\/p>\n<blockquote><p>\nUne population plus jeune \u00e0 Nantes\n<\/p><\/blockquote>\n<p class=\"q-ma-none transcript-text\" data-v-03d3e104=\"\">\u00a0<\/p>\n<p class=\"q-ma-none transcript-text\" data-v-03d3e104=\"\">Il y a par ailleurs une population qui reste jeune sur la m\u00e9tropole de Nantes, avec les \u00e9tudiants, les jeunes actifs qui deviennent de jeunes m\u00e9nages. Et<strong> il y a encore aussi, contrairement \u00e0 d&rsquo;autres territoires, un niveau de naissance qui peut-\u00eatre un peu plus soutenu.<\/strong> L\u00e0 o\u00f9 ailleurs, on a observ\u00e9 une probl\u00e9matique petit \u00e0 petit de d\u00e9prise d\u00e9mographique avec de moins en moins de naissances, et de plus en plus de d\u00e9c\u00e8s.\u00a0\u00bb<\/p>\n<p>Arnaud Degorre, directeur r\u00e9gional de l\u2019INSEEArnaud Degorre, directeur r\u00e9gional de l\u2019INSEE <\/p>\n<blockquote><p>\n315 000 foyers seront interrog\u00e9s en Pays de la Loire\n<\/p><\/blockquote>\n<p>\u00a0<\/p>\n<p>En Pays de la Loire, le nombre d\u2019habitants\u00a0est en progression, un chiffre sup\u00e9rieur \u00e0 la moyenne nationale entre 2017 et 2023, pr\u00e9cise Arnaud Degorre. \u00ab\u00a0La r\u00e9gion, dans son ensemble, continue \u00e0 enregistrer des gains de population. Les Pays de la Loire comptent 3,9 millions d&rsquo;habitants. C&rsquo;est une hausse de 0,7% l&rsquo;an. C&rsquo;est moins qu&rsquo;\u00e0 Nantes, c&rsquo;est moins qu&rsquo;en Loire-Atlantique, mais c&rsquo;est plus que la moyenne France. Donc la r\u00e9gion reste quand m\u00eame globalement orient\u00e9e vers le haut, tir\u00e9e par la Loire-Atlantique et la Vend\u00e9e. <\/p>\n<p>Alors qu&rsquo;effectivement, pour la Sarthe ou la Mayenne, on commence \u00e0 observer une stabilit\u00e9, voire une l\u00e9g\u00e8re baisse de la population.\u00a0\u00bb<\/p>\n<p><strong>Dans la r\u00e9gion des Pays de la Loire, 1 200 agents recenseurs ont \u00e9t\u00e9 recrut\u00e9s, et 315 000 foyers seront interrog\u00e9s.<\/strong><\/p>\n<p>Arnaud Degorre, directeur r\u00e9gional de l\u2019INSEEArnaud Degorre, directeur r\u00e9gional de l\u2019INSEE <\/p>\n<p>Le recensement est obligatoire pour les foyers concern\u00e9s, et chacun devra compl\u00e9ter le formulaire avant le 14 f\u00e9vrier pour les communes de moins de 10 000 habitants, et avant le 21 f\u00e9vrier pour les communes de plus de 10 000 habitants.\u00a0<\/p>\n<p>Seulement 8% des foyers des villes de plus de 10 000 habitants sont interrog\u00e9s, et seulement 1\/5\u00e8me des communes de moins de 10 000 habitants.<\/p>\n","protected":false},"excerpt":{"rendered":"Publi\u00e9 : 17h19 &#8211; Modifi\u00e9 : 17h26 Dolor\u00e8s CHARLES Cr\u00e9dit : Ville de Nantes La campagne de recensement&hellip;\n","protected":false},"author":2,"featured_media":663474,"comment_status":"","ping_status":"","sticky":false,"template":"","format":"standard","meta":{"footnotes":""},"categories":[2818],"tags":[1111,11,1777,674,1011,27,2066,766,12,2636,71923,25],"class_list":{"0":"post-663473","1":"post","2":"type-post","3":"status-publish","4":"format-standard","5":"has-post-thumbnail","7":"category-nantes","8":"tag-actu","9":"tag-actualites","10":"tag-eu","11":"tag-europe","12":"tag-fr","13":"tag-france","14":"tag-insee","15":"tag-nantes","16":"tag-news","17":"tag-pays-de-la-loire","18":"tag-recensement","19":"tag-republique-francaise"},"share_on_mastodon":{"url":"https:\/\/pubeurope.com\/@fr\/115894769821538370","error":""},"_links":{"self":[{"href":"https:\/\/www.europesays.com\/fr\/wp-json\/wp\/v2\/posts\/663473","targetHints":{"allow":["GET"]}}],"collection":[{"href":"https:\/\/www.europesays.com\/fr\/wp-json\/wp\/v2\/posts"}],"about":[{"href":"https:\/\/www.europesays.com\/fr\/wp-json\/wp\/v2\/types\/post"}],"author":[{"embeddable":true,"href":"https:\/\/www.europesays.com\/fr\/wp-json\/wp\/v2\/users\/2"}],"replies":[{"embeddable":true,"href":"https:\/\/www.europesays.com\/fr\/wp-json\/wp\/v2\/comments?post=663473"}],"version-history":[{"count":0,"href":"https:\/\/www.europesays.com\/fr\/wp-json\/wp\/v2\/posts\/663473\/revisions"}],"wp:featuredmedia":[{"embeddable":true,"href":"https:\/\/www.europesays.com\/fr\/wp-json\/wp\/v2\/media\/663474"}],"wp:attachment":[{"href":"https:\/\/www.europesays.com\/fr\/wp-json\/wp\/v2\/media?parent=663473"}],"wp:term":[{"taxonomy":"category","embeddable":true,"href":"https:\/\/www.europesays.com\/fr\/wp-json\/wp\/v2\/categories?post=663473"},{"taxonomy":"post_tag","embeddable":true,"href":"https:\/\/www.europesays.com\/fr\/wp-json\/wp\/v2\/tags?post=663473"}],"curies":[{"name":"wp","href":"https:\/\/api.w.org\/{rel}","templated":true}]}}