{"id":663475,"date":"2026-01-14T18:03:13","date_gmt":"2026-01-14T18:03:13","guid":{"rendered":"https:\/\/www.europesays.com\/fr\/663475\/"},"modified":"2026-01-14T18:03:13","modified_gmt":"2026-01-14T18:03:13","slug":"mort-daboubacar-fofana-a-nantes-le-policier-reconnait-avoir-menti","status":"publish","type":"post","link":"https:\/\/www.europesays.com\/fr\/663475\/","title":{"rendered":"Mort d\u2019Aboubacar Fofana \u00e0 Nantes\u00a0: le policier reconna\u00eet avoir \u00ab\u00a0menti\u00a0\u00bb"},"content":{"rendered":"<p>Le policier accus\u00e9 d\u2019avoir tir\u00e9 sur le jeune Aboubacar Fofana \u00e0 Nantes en 2018, alors qu\u2019il tentait de fuir un contr\u00f4le, a maintenu la th\u00e8se d\u2019un tir accidentel depuis le premier jour de<a href=\"https:\/\/www.letelegramme.fr\/france\/mort-daboubakar-fofana-a-nantes-un-policier-juge-ce-lundi-pour-avoir-tire-mortellement-sur-le-jeune-homme-lors-dun-controle-6960318.php\" target=\"_blank\" rel=\"noopener\"> son proc\u00e8s<\/a>, lundi dernier, o\u00f9 il est jug\u00e9 pour des violences ayant entra\u00een\u00e9 la mort sans intention de la donner. Apr\u00e8s avoir \u00e9voqu\u00e9 la l\u00e9gitime d\u00e9fense lors de sa premi\u00e8re audition, il a affirm\u00e9 tout au long de l\u2019enqu\u00eate que l<a href=\"https:\/\/www.letelegramme.fr\/loire-atlantique\/nantes-44000\/mort-daboubacar-fofana-a-nantes-au-tribunal-le-policier-auteur-du-tir-soutient-l-accident-dramatique-6962138.php\" target=\"_blank\" rel=\"noopener\">e tir \u00e9tait parti accidentellement <\/a>alors qu\u2019il \u00e9tait pench\u00e9 dans la voiture d\u2019Aboubacar Fofana, 22 ans, tentant de l\u2019arr\u00eater. Ce mercredi 14 janvier, le policier a d\u00e9clar\u00e9 devant la cour criminelle de Loire-Atlantique que le tir \u00e9tait parti apr\u00e8s ce \u00ab\u00a0corps \u00e0 corps\u00a0\u00bb alors qu\u2019il se tenait \u00e0 l\u2019ext\u00e9rieur du v\u00e9hicule, l\u2019expert balistique et le m\u00e9decin l\u00e9giste s\u2019accordant sur le fait que le tireur se trouvait \u00e0 l\u2019ext\u00e9rieur.<\/p>\n<p>La crainte de voir la voiture se diriger vers lui<\/p>\n<p>Le policier a dit avoir \u00ab\u00a0accidentellement\u00a0\u00bb press\u00e9 sur la d\u00e9tente de son arme, sortie par crainte de voir la voiture se diriger vers lui. L\u2019accus\u00e9 a reconnu face \u00e0 la cour avoir \u00ab\u00a0menti\u00a0\u00bb lors de sa premi\u00e8re audition en plaidant la l\u00e9gitime d\u00e9fense. Confirmant son renvoi devant la cour criminelle, la chambre de l\u2019instruction de la cour d\u2019appel de Rennes a notamment consid\u00e9r\u00e9 que la victime n\u2019exposait pas les personnes pr\u00e9sentes \u00e0 un risque pour leur vie ou leur int\u00e9grit\u00e9 physique au moment du tir. Le verdict est attendu ce vendredi.<\/p>\n","protected":false},"excerpt":{"rendered":"Le policier accus\u00e9 d\u2019avoir tir\u00e9 sur le jeune Aboubacar Fofana \u00e0 Nantes en 2018, alors qu\u2019il tentait de&hellip;\n","protected":false},"author":2,"featured_media":663476,"comment_status":"","ping_status":"","sticky":false,"template":"","format":"standard","meta":{"footnotes":""},"categories":[2818],"tags":[1111,11,829,765,1777,674,1011,27,766,12,2636,25],"class_list":{"0":"post-663475","1":"post","2":"type-post","3":"status-publish","4":"format-standard","5":"has-post-thumbnail","7":"category-nantes","8":"tag-actu","9":"tag-actualites","10":"tag-bretagne","11":"tag-en-continu","12":"tag-eu","13":"tag-europe","14":"tag-fr","15":"tag-france","16":"tag-nantes","17":"tag-news","18":"tag-pays-de-la-loire","19":"tag-republique-francaise"},"share_on_mastodon":{"url":"https:\/\/pubeurope.com\/@fr\/115894773638490090","error":""},"_links":{"self":[{"href":"https:\/\/www.europesays.com\/fr\/wp-json\/wp\/v2\/posts\/663475","targetHints":{"allow":["GET"]}}],"collection":[{"href":"https:\/\/www.europesays.com\/fr\/wp-json\/wp\/v2\/posts"}],"about":[{"href":"https:\/\/www.europesays.com\/fr\/wp-json\/wp\/v2\/types\/post"}],"author":[{"embeddable":true,"href":"https:\/\/www.europesays.com\/fr\/wp-json\/wp\/v2\/users\/2"}],"replies":[{"embeddable":true,"href":"https:\/\/www.europesays.com\/fr\/wp-json\/wp\/v2\/comments?post=663475"}],"version-history":[{"count":0,"href":"https:\/\/www.europesays.com\/fr\/wp-json\/wp\/v2\/posts\/663475\/revisions"}],"wp:featuredmedia":[{"embeddable":true,"href":"https:\/\/www.europesays.com\/fr\/wp-json\/wp\/v2\/media\/663476"}],"wp:attachment":[{"href":"https:\/\/www.europesays.com\/fr\/wp-json\/wp\/v2\/media?parent=663475"}],"wp:term":[{"taxonomy":"category","embeddable":true,"href":"https:\/\/www.europesays.com\/fr\/wp-json\/wp\/v2\/categories?post=663475"},{"taxonomy":"post_tag","embeddable":true,"href":"https:\/\/www.europesays.com\/fr\/wp-json\/wp\/v2\/tags?post=663475"}],"curies":[{"name":"wp","href":"https:\/\/api.w.org\/{rel}","templated":true}]}}