{"id":663477,"date":"2026-01-14T18:04:10","date_gmt":"2026-01-14T18:04:10","guid":{"rendered":"https:\/\/www.europesays.com\/fr\/663477\/"},"modified":"2026-01-14T18:04:10","modified_gmt":"2026-01-14T18:04:10","slug":"avec-le-mercosur-ou-linde-la-viticulture-entrevoit-des-bouffees-doxygene","status":"publish","type":"post","link":"https:\/\/www.europesays.com\/fr\/663477\/","title":{"rendered":"avec le Mercosur ou l\u2019Inde, la viticulture entrevoit des bouff\u00e9es d\u2019oxyg\u00e8ne"},"content":{"rendered":"<p>            \u00ab\u00a0Une opportunit\u00e9 historique\u00a0\u00bb<\/p>\n<p>De l\u2019autre c\u00f4t\u00e9 de l\u2019Atlantique, le Mercosur d\u00e9roule une nouvelle zone de libre-\u00e9change de cinq pays (Argentine, Bolivie, Br\u00e9sil, Paraguay et Uruguay), soit un bassin de population de 270\u00a0millions de personnes. Tr\u00e8s concr\u00e8tement, les taxes sur les vins tranquilles (27\u00a0%) ou celles sur les spiritueux (35\u00a0%) doivent progressivement dispara\u00eetre. \u00ab\u00a0C\u2019est une opportunit\u00e9 historique, r\u00e9sume St\u00e9phane Badet, professeur d\u2019\u00e9conomie pour le minist\u00e8re de l\u2019Agriculture dans le Bordelais et expert international dans l\u2019\u00e9conomie viticole. Nous avons en partie perdu le march\u00e9 chinois et celui des \u00c9tats-Unis se retrouve dans la tourmente politique au gr\u00e9 des taxes Trump. Nous avons besoin de relais de croissance, en voici un qui, \u00e0 court terme, fait r\u00eaver.\u00a0\u00bb<\/p>\n<p>Avant les f\u00eates et la col\u00e8re paysanne de ce d\u00e9but d\u2019ann\u00e9e, la F\u00e9d\u00e9ration des exportateurs des vins et spiritueux de France (FEVS) avait d\u2019ailleurs appuy\u00e9 sur cette \u00ab\u00a0n\u00e9cessaire\u00a0\u00bb diversification que doit apporter l\u2019accord UE-Mercosur, \u00ab\u00a0un levier essentiel pour renforcer notre pr\u00e9sence internationale tout en soutenant la croissance et l\u2019emploi dans nos territoires\u00a0\u00bb, avait soulign\u00e9 son pr\u00e9sident Gabriel Picard, le 18\u00a0d\u00e9cembre dernier. Un autre fondement d\u00e9coulant du trait\u00e9 \u00e9tait rappel\u00e9\u00a0: une meilleure protection des marques et appellations, une s\u00e9curit\u00e9 juridique \u00ab\u00a0particuli\u00e8rement n\u00e9cessaire dans l\u2019environnement international actuel.\u00a0\u00bb<\/p>\n<p>La viticulture fran\u00e7aise et r\u00e9gionale fonde particuli\u00e8rement des espoirs sur le Br\u00e9sil, affichant plus de 210\u00a0millions d\u2019habitants et un pouvoir d\u2019achat en pleine croissance. Seulement 10\u00a0000 hectolitres de vins bordelais y sont export\u00e9s actuellement, ce qui en fait la 22\u1d49 destination mondiale\u2026 \u00ab\u00a0On y trouve d\u00e9j\u00e0 des vins fran\u00e7ais, italiens ou espagnols, mais chers et r\u00e9serv\u00e9s \u00e0 une certaine \u00e9lite, reprend St\u00e9phane Badet. En l\u2019absence de taxes, ces vins deviendront accessibles aux classes moyennes et aux nouvelles g\u00e9n\u00e9rations. On se retrouve face \u00e0 un march\u00e9 relativement facile \u00e0 travailler au sein duquel il va falloir proposer des cuv\u00e9es faciles \u00e0 boire.\u00a0\u00bb<\/p>\n<p>Un \u00ab\u00a0jackpot\u00a0\u00bb indien<\/p>\n<blockquote><p>Un Indien boit en moyenne une cuill\u00e8re \u00e0 caf\u00e9 de vin par an, imaginons qu\u2019il passe \u00e0 une cuill\u00e8re \u00e0 soupe\u2026\u00a0\u00bb<\/p><\/blockquote>\n<p>Une autre lueur d\u2019optimisme scintille de l\u2019autre c\u00f4t\u00e9 du globe. Les tractations actuelles entre l\u2019Union europ\u00e9enne et l\u2019Inde, qui pourraient accoucher d\u2019un accord de libre-\u00e9change dans les prochaines semaines, pourraient redonner le sourire et des envies de conqu\u00eate \u00e0 la fili\u00e8re viticole. 740\u00a0hectolitres de crus bordelais seulement y ont \u00e9t\u00e9 envoy\u00e9s en 2024. \u00ab\u00a0Aujourd\u2019hui, un Indien boit en moyenne l\u2019\u00e9quivalent d\u2019une cuill\u00e8re \u00e0 caf\u00e9 de vin par an\u00a0: imaginons simplement qu\u2019il passe \u00e0 une cuill\u00e8re \u00e0 soupe\u2026\u00a0\u00bb, sourit l\u2019\u00e9conomiste St\u00e9phane Badet.<\/p>\n<p>Tout reste \u00e0 faire dans le pays le plus peupl\u00e9 du monde et son 1,4\u00a0milliard d\u2019habitants, o\u00f9 les vins europ\u00e9ens subissent actuellement des droits de douane colossaux, \u00e0 hauteur de 150\u00a0%. L\u2019ambition serait de les ramener progressivement entre 30 et 40\u00a0%, ce qui pourrait les mettre \u00e0 port\u00e9e de tr\u00e8s nombreux nouveaux clients. \u00ab\u00a0On estime qu\u2019il y a en Inde, 260\u00a0millions de consommateurs potentiels \u00e2g\u00e9s de 25 et 35\u00a0ans, livre Brinda Bourhis, qui organise depuis plus de vingt\u00a0ans <a href=\"https:\/\/www.sudouest.fr\/gironde\/eysines\/a-la-conquete-de-l-inde-10037322.php\" target=\"_blank\" rel=\"follow noopener\">des d\u00e9placements l\u00e0-bas de viticulteurs girondins<\/a>. L\u2019engouement est manifeste. On voit se d\u00e9velopper de nombreuses \u00e9coles d\u2019h\u00f4tellerie, de plus en plus de wine clubs.\u00a0\u00bb<\/p>\n","protected":false},"excerpt":{"rendered":"\u00ab\u00a0Une opportunit\u00e9 historique\u00a0\u00bb De l\u2019autre c\u00f4t\u00e9 de l\u2019Atlantique, le Mercosur d\u00e9roule une nouvelle zone de libre-\u00e9change de cinq&hellip;\n","protected":false},"author":2,"featured_media":663478,"comment_status":"","ping_status":"","sticky":false,"template":"","format":"standard","meta":{"footnotes":""},"categories":[2817],"tags":[1111,11,1997,1777,674,1011,27,12,2219,25],"class_list":{"0":"post-663477","1":"post","2":"type-post","3":"status-publish","4":"format-standard","5":"has-post-thumbnail","7":"category-bordeaux","8":"tag-actu","9":"tag-actualites","10":"tag-bordeaux","11":"tag-eu","12":"tag-europe","13":"tag-fr","14":"tag-france","15":"tag-news","16":"tag-nouvelle-aquitaine","17":"tag-republique-francaise"},"share_on_mastodon":{"url":"https:\/\/pubeurope.com\/@fr\/115894777574127081","error":""},"_links":{"self":[{"href":"https:\/\/www.europesays.com\/fr\/wp-json\/wp\/v2\/posts\/663477","targetHints":{"allow":["GET"]}}],"collection":[{"href":"https:\/\/www.europesays.com\/fr\/wp-json\/wp\/v2\/posts"}],"about":[{"href":"https:\/\/www.europesays.com\/fr\/wp-json\/wp\/v2\/types\/post"}],"author":[{"embeddable":true,"href":"https:\/\/www.europesays.com\/fr\/wp-json\/wp\/v2\/users\/2"}],"replies":[{"embeddable":true,"href":"https:\/\/www.europesays.com\/fr\/wp-json\/wp\/v2\/comments?post=663477"}],"version-history":[{"count":0,"href":"https:\/\/www.europesays.com\/fr\/wp-json\/wp\/v2\/posts\/663477\/revisions"}],"wp:featuredmedia":[{"embeddable":true,"href":"https:\/\/www.europesays.com\/fr\/wp-json\/wp\/v2\/media\/663478"}],"wp:attachment":[{"href":"https:\/\/www.europesays.com\/fr\/wp-json\/wp\/v2\/media?parent=663477"}],"wp:term":[{"taxonomy":"category","embeddable":true,"href":"https:\/\/www.europesays.com\/fr\/wp-json\/wp\/v2\/categories?post=663477"},{"taxonomy":"post_tag","embeddable":true,"href":"https:\/\/www.europesays.com\/fr\/wp-json\/wp\/v2\/tags?post=663477"}],"curies":[{"name":"wp","href":"https:\/\/api.w.org\/{rel}","templated":true}]}}