{"id":663481,"date":"2026-01-14T18:06:20","date_gmt":"2026-01-14T18:06:20","guid":{"rendered":"https:\/\/www.europesays.com\/fr\/663481\/"},"modified":"2026-01-14T18:06:20","modified_gmt":"2026-01-14T18:06:20","slug":"expos-festivals-spectacles-huit-idees-pour-le-week-end","status":"publish","type":"post","link":"https:\/\/www.europesays.com\/fr\/663481\/","title":{"rendered":"expos, festivals, spectacles\u2026 huit id\u00e9es pour le week-end"},"content":{"rendered":"<p>                    Par<br \/>\n        <strong><br \/>\n            <a href=\"https:\/\/actu.fr\/auteur\/gabriel-kenedi\" title=\"Consulter tous les articles de Gabriel Kenedi\" target=\"_blank\" rel=\"noopener\">Gabriel Kenedi<\/a><br \/>\n                    <\/strong><\/p>\n<p>        Publi\u00e9 le<\/p>\n<p>            14 janv. 2026 \u00e0 18h20        <\/p>\n<p>Expos, concerts, spectacles, sport ou soir\u00e9es\u2009: il y a encore de quoi faire<a href=\"https:\/\/actu.fr\/toulouse\/\" target=\"_blank\" rel=\"noopener\"> \u00e0 Toulouse<\/a>, ce week-end\u2009! La r\u00e9daction a s\u00e9lectionn\u00e9 pour vous <strong>8 rendez-vous \u00e0 ne manquer<\/strong>, du vendredi\u00a016 au dimanche 18\u00a0janvier 2026. Suivez le guide\u2009!<\/p>\n<p>#1. Trial indoor international de Toulouse<br \/>\n    <img   decoding=\"async\" loading=\"lazy\" src=\"https:\/\/www.europesays.com\/fr\/wp-content\/uploads\/2026\/01\/capture-decran-2026-01-07-a-171721-960x640.png\" alt=\"\u2013 Les meilleurs pilotes de trial indoor se retrouveront pr\u00e8s de Montpellier ce vendredi 9 janvier.\" width=\"960\" height=\"640\"\/><br \/>\n    Le Trial Indoor International va faire le show au Z\u00e9nith de Toulouse. (\u00a9Facebook \/ Trial Indoor International)<\/p>\n<p class=\" wall-content\">R\u00e9put\u00e9 comme le plus beau Trial Indoor au monde, gr\u00e2ce \u00e0 son d\u00e9cor th\u00e9matique et spectaculaire et \u00e0 un show lumineux \u00e9poustouflant, le <strong>Trial Indoor International<\/strong> revient au<strong> Z\u00e9nith de Toulouse<\/strong>, vendredi 16\u00a0janvier 2026 \u00e0 20h, pour une 35e \u00e9dition. Rendez-vous pour une soir\u00e9e d\u2019exception, m\u00ealant adr\u00e9naline, ma\u00eetrise technique et grand spectacle, avec la pr\u00e9sence des meilleurs pilotes mondiaux de la discipline. Au programme\u2009: des obstacles XXL, des franchissements extr\u00eames, des sauts millim\u00e9tr\u00e9s, une ma\u00eetrise absolue, et une lutte pour la victoire finale\u2009!<\/p>\n<p>Tarifs\u2009: 14,9 \u00e0 59,9\u20ac. Le 16\u00a0janvier \u00e0 20h, au Z\u00e9nith de Toulouse.<\/p>\n<p>#2. Percussions du monde<br \/>\n    <img   decoding=\"async\" loading=\"lazy\" src=\"https:\/\/www.europesays.com\/fr\/wp-content\/uploads\/2026\/01\/carnaval-toulouse-2024-mlc-2-960x640.jpg\" alt=\"Les images du carnaval \u00e0 Toulouse. \" width=\"960\" height=\"640\"\/><br \/>\n    Des musiciens et danseurs investissent certains quartiers de Toulouse (\u00a9M\u00e9lina Le Corre \/ Actu Toulouse \/ archives)<\/p>\n<p class=\" wall-content\">Ce samedi, des musiciens et danseurs investissent certains quartiers de Toulouse pour faire r\u00e9sonner pas de danses, voix et percussions venues du monde entier. Samedi 17\u00a0janvier, on peut les voir dans les lieux suivants\u2009:<\/p>\n<p>Votre r\u00e9gion, votre actu !<\/p>\n<p>Recevez chaque jour les infos qui comptent pour vous.<\/p>\n<p>\t<a href=\"https:\/\/actu.fr\/newsletter\" class=\"ac-btn ac-btn--corner ac-btn--medium ac-btn--blue800\" target=\"_blank\" rel=\"noopener\">S&rsquo;incrire<\/a><\/p>\n<ul class=\" wall-content\">\n<li>15h30 \u00e0 16h30\u2009: Carr\u00e9 Maourine, et Parvis Giscard D\u2019Estaing\u2009;<\/li>\n<li>16h30 \u00e0 17h\u2009: Carr\u00e9 Maourine, Parvis Giscard D\u2019Estaing\u2009;<\/li>\n<li>17h15 \u00e0 17h45\u2009: place de l\u2019Europe.<\/li>\n<\/ul>\n<p>Gratuit. Plus d\u2019infos\u2009: https:\/\/carnavaletoulouse.fr\/SiteCarnaval\/<\/p>\n<p>#3. Des galettes pour un record au Stadium<br \/>\n    <img   decoding=\"async\" loading=\"lazy\" src=\"https:\/\/www.europesays.com\/fr\/wp-content\/uploads\/2026\/01\/toulouse-football-club-logo-stadium-960x640.jpg\" alt=\"Le Toulouse Football Club vient d'annoncer sa premi\u00e8re recrue du mercato hivernal\u2026 tout droit venue de Belgique !\" width=\"960\" height=\"640\"\/><br \/>\n    Le Toulouse Football Club va cach (\u00a9G.L. \/ Actu Toulouse)<\/p>\n<p class=\" wall-content\">Avant le match face \u00e0 l\u2019OGC Nice, le T\u00e9F\u00e9C\u00e9 donne rendez-vous \u00e0 ses supporters pour un moment unique, gourmand et festif sur le parvis du Stadium. Avant le coup d\u2019envoi, le club tentera de battre le record officiel de la plus grande ligne de galettes des rois jamais r\u00e9alis\u00e9e dans le monde\u2026 avec 700 f\u00e8ves et des centaines de cadeaux \u00e0 gagner.<\/p>\n<p>Le 17\u00a0janvier, avant TFC-Nice (accessible uniquement pour les supporters munis d\u2019un billet)<\/p>\n<p>#4. Maraboutage et La Sueur au Bikini<br \/>\n    <img   decoding=\"async\" loading=\"lazy\" src=\"https:\/\/www.europesays.com\/fr\/wp-content\/uploads\/2026\/01\/bikini-toulouse-salle-concert-960x640.png\" alt=\"Le Bikini.\" width=\"960\" height=\"640\"\/><br \/>\n    Le Bikini. (\u00a9Gabriel Kenedi \/ Actu Toulouse)<\/p>\n<p class=\" wall-content\">Le temps d\u2019une soir\u00e9e au Bikini, les collectifs Maraboutage et La Sueur s\u2019unissent pour une soir\u00e9e afro \/ \u00e9lectro qui s\u2019annonce haute en couleurs\u2009! Plus de 15 artistes, DJ\u2019s et performers vont se succ\u00e9der sur sc\u00e8ne pendant plus de 6\u00a0heures de show exclusif et immersif. Attention\u2009: fort risque de d\u00e9hanch\u00e9 au programme\u2009!<\/p>\n<p>\u00c0 partir de 23h55, le samedi 17\u00a0janvier. Tarifs\u2009: 15\u00a0\u20ac en pr\u00e9vente, 22\u00a0\u20ac sur place.<\/p>\n<p>#5. Un grand cabaret au Casino Barri\u00e8re<\/p>\n<p class=\" wall-content\">Au programme du Grand Cabaret du Casino de Toulouse\u2009: tissu a\u00e9rien, \u00e9quilibre sur cannes, trap\u00e8ze, main \u00e0 main, roue allemande, grandes illusions, ne sont que quelques-uns des visuels qui vont vous laisser bouche b\u00e9e\u2009! D\u00e9couvrez d\u2019incroyables num\u00e9ros \u00e0 vous couper le souffle, accomplis par de v\u00e9ritables performeurs, ayant fait leurs armes dans les plus grandes com\u00e9dies musicales et cirques tels que le Cirque du Soleil.<\/p>\n<p>Le 15 (21h) et les 16-17\u00a0janvier (13h30\/21h). \u00c0 partir de 36\u20ac.<\/p>\n<p>#6. Le festival Spirales au th\u00e9\u00e2tre des Mazades<\/p>\n<p class=\" wall-content\">Le Festival Spirale revient pour sa troisi\u00e8me \u00e9dition jusqu\u2019au 31\u00a0janvier 2026. Cet \u00e9v\u00e9nement, parrain\u00e9 par Wawad (du groupe de beatbox Berywam), se veut comme la vitrine des nouveaux talents locaux. Plus de 25 artistes seront mis en avant au cours des 8 dates pr\u00e9vues lors de ce festival.<\/p>\n<p>Carte blanche \u00e0 Wawad<\/p>\n<p class=\" wall-content\">Ce week-end, les 16 et 17\u00a0janvier, ne manquez pas la carte blanche \u00e0 Wawad au Th\u00e9\u00e2tre des Mazades (comptez 9 \u00e0 12\u20ac la soir\u00e9e), avec des artistes comme Sofia, Maheva (en photo), Zalbecino, Triple Nine, Ka\u00efIn et Kenozen. Suivront le 23\u00a0janvier une soir\u00e9e rap et danse au centre culturel Ernest Renan et une soir\u00e9e pop au centre culturel Saint-Cyprien. Enfin, le 31\u00a0janvier la soir\u00e9e de cl\u00f4ture du festival se d\u00e9roulera au M\u00e9tronum, avec Alex Varela, Kartage, Maison Gally, Wisley, Kelema Candice, Princess OG, Anouk\u2026 une soir\u00e9e totalement gratuite\u2009!<\/p>\n<p>#7. Les expos du moment<br \/>\n    <img   decoding=\"async\" loading=\"lazy\" src=\"https:\/\/www.europesays.com\/fr\/wp-content\/uploads\/2026\/01\/expo-castelbajac-toulouse6-960x640.jpeg\" alt=\"Reconnaissez-vous cette robe port\u00e9e par la chanteuse Yelle ?\" width=\"960\" height=\"640\"\/><br \/>\n    L\u2019expo Castelbajac est \u00e0 voir aux Abattoirs (\u00a9Gabriel Kenedi \/ Actu Toulouse)<\/p>\n<p class=\" wall-content\">Envie de vous faire une expo\u2009? C\u2019est le dernier week-end pour voir <a href=\"https:\/\/monuments.toulouse.fr\/exposition-pluridisciplinaire-henri-georges-adam\/\" target=\"_blank\" rel=\"noopener\">l\u2019expo chorale, consacr\u00e9e \u00e0 <strong>Henri-Georges Adam<\/strong> (1904-1967)<\/a> , une exposition partag\u00e9e entre le Mus\u00e9e des Arts Pr\u00e9cieux Paul-Dupuy, la chapelle La Grave, le Castelet et le Monument \u00e0 la Gloire de la R\u00e9sistance.<\/p>\n<p class=\" wall-content\">Graveur, sculpteur et tapissier, Henri-Georges Adam a marqu\u00e9 la nouvelle \u00c9cole de Paris par son langage plastique audacieux, m\u00ealant force, spiritualit\u00e9 et engagement. Entre \u0153uvres monumentales, sculptures, gravures, tapisseries et dessins, chaque site propose une approche \u00e0 la sc\u00e9nographie adapt\u00e9e et accessible. \u00c0 voir <strong>jusqu\u2019au 18\u00a0janvier<\/strong>\u2009!<\/p>\n<p class=\" wall-content\">Vous pouvez \u00e9galement red\u00e9couvrir le <a href=\"https:\/\/actu.fr\/occitanie\/toulouse_31555\/toulouse-ferme-depuis-sept-ans-la-musee-des-augustins-rouvre-enfin-ses-portes-la-date-devoilee_63278500.html\" target=\"_blank\" rel=\"noopener\"><strong>mus\u00e9e des Augustins<\/strong><\/a>, rouvert depuis peu\u2009!<\/p>\n<p class=\" wall-content\"><strong>D\u2019autres expos en cours\u2009:<\/strong><\/p>\n<p>#8. L\u2019Op\u00e9ra national du Capitole au CGR Blagnac<br \/>\n    <img   decoding=\"async\" loading=\"lazy\" src=\"https:\/\/www.europesays.com\/fr\/wp-content\/uploads\/2026\/01\/rusalka-maquette-de-decor-de-stefano-poda-2-960x640.jpg\" alt=\"La maquette du d\u00e9cor de \" width=\"960\" height=\"640\"\/><br \/>\n    La maquette du d\u00e9cor de \u00ab\u2009Rusalka\u2009\u00bb, jou\u00e9 \u00e0 l\u2019Op\u00e9ra national du Capitole en 2022. (\u00a9DR)<\/p>\n<p class=\" wall-content\">La saison 22\/23 de l<strong>\u2019Op\u00e9ra national du Capitole<\/strong> s\u2019est ouverte avec une nouvelle production de <strong>Rusalka<\/strong>, le chef-d\u2019\u0153uvre lyrique d\u2019Antonin Dvorak, dans une distribution \u00e9clatante et une production \u00ab\u2009aquatique\u2009\u00bb sid\u00e9rante.<\/p>\n<p class=\" wall-content\">Le bouche \u00e0 oreille a provoqu\u00e9 d\u00e8s le lendemain un raz de mar\u00e9e sur la billetterie et les 4 autres repr\u00e9sentations ont affich\u00e9 complet. Tous ceux qui ont eu la chance de voir ce spectacle ne r\u00eavent que de le revoir, tout en pr\u00e9cisant que le film qui va \u00eatre pr\u00e9sent\u00e9 donne une dimension vraiment augment\u00e9e de ce spectacle. Quant aux autres, en attendant une reprise \u00e9ventuelle au Capitole, ils auront bien plus qu\u2019un lot de consolation avec la somptueuse captation, \u00e0 destination du <strong>grand \u00e9cran<\/strong>, sign\u00e9e Fr\u00e9d\u00e9ric Savoir, qui en sera diffus\u00e9e en premi\u00e8re mondiale <strong>au CGR Blagnac<\/strong> le 18\u00a0janvier \u00e0 15h30, en pr\u00e9sence du r\u00e9alisateur et de Christophe Ghristi, directeur artistique du Capitole, avec lesquels il sera permis d\u2019\u00e9changer \u00e0 la pause autour d\u2019un verre.<\/p>\n<p>Dimanche 18\u00a0janvier \u00e0 15h30, au CGR Blagnac.<\/p>\n<p>#BONUS\u2009: un nouveau festival dans les Pyr\u00e9n\u00e9es<br \/>\n    <img   decoding=\"async\" loading=\"lazy\" src=\"https:\/\/www.europesays.com\/fr\/wp-content\/uploads\/2026\/01\/e797081d38c76db97081d38c7bf970v-960x640.jpg\" alt=\"Calais Marina Festival, c'est le nom du nouvel \u00e9v\u00e9nement gratuit qui va avoir lieu \u00e0 la toute fin du mois de mai.\u00a0\" width=\"960\" height=\"640\"\/><br \/>\n    Le Bikini lance un nouveau festival dans les Pyr\u00e9n\u00e9es, ce week-end. (\u00a9Illustration \/ Adobe Stock)<\/p>\n<p class=\" wall-content\">Tout schuss, le Bikini\u2009! La salle de spectacles mythique de l\u2019agglom\u00e9ration toulousaine lance un nouveau festival, les 16 et 17\u00a0janvier 2026. Un nouveau rendez-vous\u00a0qui aura lieu \u00e0<strong> Ax-Les-Thermes<\/strong>, en Ari\u00e8ge\u2009!<\/p>\n<p>Vertiges, un nouveau festival<\/p>\n<p class=\" wall-content\">Le nom de ce nouveau festival\u2009? <a href=\"https:\/\/www.instagram.com\/vertiges_ax\/\" target=\"_blank\" rel=\"noopener\">Vertiges<\/a>\u2009! La programmation fera la part belle \u00e0 <strong>la musique \u00e9lectro, au rap, et au dub<\/strong>, \u00ab\u2009avec des artistes nationaux, r\u00e9gionaux et des habitu\u00e9s du Bikini\u2009\u00bb, assure Antoine Fantuz.\u00a0Situ\u00e9e \u00e0 un peu plus d\u20191h30 de Toulouse, Ax-3 Domaines est une station tr\u00e8s dynamique et \u00ab\u2009bien identifi\u00e9e des Toulousains\u2009\u00bb, glisse Antoine Fantuz, qui rappelle que les festivaliers peuvent venir en voiture mais aussi en train depuis Toulouse.<\/p>\n<p class=\" wall-content\">La station fait aussi partie du<strong> dispositif Skyrail<\/strong>, qui permet de cumuler <strong>billets de train<\/strong> et <strong>forfait ski<\/strong> \u00e0 moindre co\u00fbt. Le festival se d\u00e9roulera le temps de deux soir\u00e9es, de 20\u00a0heures \u00e0 3\u00a0heures, et aura lieu en int\u00e9rieur, au gymnase du coll\u00e8ge Mario Beulaygue, totalement relook\u00e9 et am\u00e9nag\u00e9 pour l\u2019occasion. Environ 1\u2009000\u00a0spectateurs sont attendus chaque soir. C\u00f4t\u00e9 tarifs, le festival affiche un pass 1 jour \u00e0 28\u00a0euros et un pass 2\u00a0jours \u00e0 50\u00a0euros. Et pour les fous de glisse, le combo pass 2\u00a0jours +\u00a0forfait 2\u00a0jours est \u00e0 115\u00a0euros.<\/p>\n<p class=\" wall-content\"><strong>Voici les artistes qui seront pr\u00e9sents\u2009:<\/strong><\/p>\n<ul class=\" wall-content\">\n<li>Vendredi 16\u00a0janvier\u2009: Matteo &amp; Youthstar (Chinese Man), Kanka Al\u2019Tarba Sks &amp; Majin mc (Vandal Records), Algo Riddim (Egregore)\u2009;<\/li>\n<li>Samedi 17\u00a0janvier\u2009: LB aka Labat b2b Myd Panteros666, Dylan Dylan b2b Marina Trench, Realo, Veekee.<\/li>\n<\/ul>\n<p class=\" wall-content\">Personnalisez votre actualit\u00e9 en ajoutant vos villes et m\u00e9dias en favori avec <a href=\"https:\/\/moncompte.actu.fr\" title=\"D\u00e9couvez Mon Actu\" rel=\"nofollow noopener\" data-trk=\"{&quot;cta&quot;:{&quot;action&quot;:&quot;https:\\\/\\\/moncompte.actu.fr&quot;,&quot;category&quot;:&quot;mon compte&quot;,&quot;from&quot;:&quot;article footer&quot;,&quot;name&quot;:&quot;Mon actu&quot;,&quot;type&quot;:&quot;cta&quot;}}\" target=\"_blank\">Mon Actu<\/a>.<\/p>\n<p>                    <script async src=\"\/\/www.instagram.com\/embed.js\"><\/script><\/p>\n","protected":false},"excerpt":{"rendered":"Par Gabriel Kenedi Publi\u00e9 le 14 janv. 2026 \u00e0 18h20 Expos, concerts, spectacles, sport ou soir\u00e9es\u2009: il y&hellip;\n","protected":false},"author":2,"featured_media":663482,"comment_status":"","ping_status":"","sticky":false,"template":"","format":"standard","meta":{"footnotes":""},"categories":[2816],"tags":[1111,11,1777,674,1011,27,1652,12,2680,25,1341,2312],"class_list":{"0":"post-663481","1":"post","2":"type-post","3":"status-publish","4":"format-standard","5":"has-post-thumbnail","7":"category-toulouse","8":"tag-actu","9":"tag-actualites","10":"tag-eu","11":"tag-europe","12":"tag-fr","13":"tag-france","14":"tag-loisirs-culture","15":"tag-news","16":"tag-occitanie","17":"tag-republique-francaise","18":"tag-sortir-a-toulouse","19":"tag-toulouse"},"share_on_mastodon":{"url":"https:\/\/pubeurope.com\/@fr\/115894785734202166","error":""},"_links":{"self":[{"href":"https:\/\/www.europesays.com\/fr\/wp-json\/wp\/v2\/posts\/663481","targetHints":{"allow":["GET"]}}],"collection":[{"href":"https:\/\/www.europesays.com\/fr\/wp-json\/wp\/v2\/posts"}],"about":[{"href":"https:\/\/www.europesays.com\/fr\/wp-json\/wp\/v2\/types\/post"}],"author":[{"embeddable":true,"href":"https:\/\/www.europesays.com\/fr\/wp-json\/wp\/v2\/users\/2"}],"replies":[{"embeddable":true,"href":"https:\/\/www.europesays.com\/fr\/wp-json\/wp\/v2\/comments?post=663481"}],"version-history":[{"count":0,"href":"https:\/\/www.europesays.com\/fr\/wp-json\/wp\/v2\/posts\/663481\/revisions"}],"wp:featuredmedia":[{"embeddable":true,"href":"https:\/\/www.europesays.com\/fr\/wp-json\/wp\/v2\/media\/663482"}],"wp:attachment":[{"href":"https:\/\/www.europesays.com\/fr\/wp-json\/wp\/v2\/media?parent=663481"}],"wp:term":[{"taxonomy":"category","embeddable":true,"href":"https:\/\/www.europesays.com\/fr\/wp-json\/wp\/v2\/categories?post=663481"},{"taxonomy":"post_tag","embeddable":true,"href":"https:\/\/www.europesays.com\/fr\/wp-json\/wp\/v2\/tags?post=663481"}],"curies":[{"name":"wp","href":"https:\/\/api.w.org\/{rel}","templated":true}]}}