{"id":663483,"date":"2026-01-14T18:07:10","date_gmt":"2026-01-14T18:07:10","guid":{"rendered":"https:\/\/www.europesays.com\/fr\/663483\/"},"modified":"2026-01-14T18:07:10","modified_gmt":"2026-01-14T18:07:10","slug":"un-avion-de-tourisme-secrase-a-verfeil-a-lest-de-toulouse-les-deux-occupants-blesses-legerement","status":"publish","type":"post","link":"https:\/\/www.europesays.com\/fr\/663483\/","title":{"rendered":"Un avion de tourisme s&rsquo;\u00e9crase \u00e0 Verfeil, \u00e0 l&rsquo;est de Toulouse, les deux occupants bless\u00e9s l\u00e9g\u00e8rement"},"content":{"rendered":"<p> <img decoding=\"async\" src=\"https:\/\/www.europesays.com\/fr\/wp-content\/uploads\/2026\/01\/1768414030_259_1200x680.jpeg\" alt=\"illustration agrandir l'image\" style=\"--_image-preview:url('data:image\/jpeg;base64,\/9j\/2wBDACgcHiMeGSgjISMtKygwPGRBPDc3PHtYXUlkkYCZlo+AjIqgtObDoKrarYqMyP\/L2u71\/\/\/\/m8H\/\/\/\/6\/+b9\/\/j\/2wBDASstLTw1PHZBQXb4pYyl+Pj4+Pj4+Pj4+Pj4+Pj4+Pj4+Pj4+Pj4+Pj4+Pj4+Pj4+Pj4+Pj4+Pj4+Pj4+Pj4+Pj\/wAARCAAXACoDASIAAhEBAxEB\/8QAFwABAQEBAAAAAAAAAAAAAAAAAAQBA\/\/EABYQAQEBAAAAAAAAAAAAAAAAAAASE\/\/EABUBAQEAAAAAAAAAAAAAAAAAAAAB\/8QAFBEBAAAAAAAAAAAAAAAAAAAAAP\/aAAwDAQACEQMRAD8A66N0SaN0UVWWl0NAU2y02hog4UUCKUUAFMoAf\/\/Z');\" loading=\"eager\" fetchpriority=\"high\" class=\"svelte-1cksh76 rounded\" onload=\"this.__e=event\" onerror=\"this.__e=event\"\/> un avion de tourisme s&rsquo;est crash\u00e9 mercredi apr\u00e8s-midi \u00e0 l&rsquo;est de Toulouse, sur la commune de Verfeil \u00a9 Aucun(e) &#8211; Pompier de la Haute-Garonne  &#8211; Vincent THESILLAT     <\/p>\n<p class=\"g-ici-body-regular-3 info svelte-r4l8dg\">Publi\u00e9 le mercredi 14 janvier 2026 \u00e0 18:52 <\/p>\n<ul class=\"SocialNetworks svelte-oam7rq\">\n<li class=\"svelte-oam7rq\"><\/li>\n<li class=\"svelte-oam7rq\"><\/li>\n<li class=\"svelte-oam7rq\"><\/li>\n<li class=\"svelte-oam7rq\"><\/li>\n<li class=\"svelte-oam7rq\"><\/li>\n<\/ul>\n<p class=\"standfirst g-ici-body-bold-1 svelte-huxgbw\">Un avion de tourisme s&rsquo;est \u00e9cras\u00e9 \u00e0 Verfeil, \u00e0 l&rsquo;est de Toulouse, ce mercredi en fin d&rsquo;apr\u00e8s-midi. A leur arriv\u00e9e sur les lieux de l&rsquo;accident, les secours ont retrouv\u00e9 les deux passagers bless\u00e9s l\u00e9g\u00e8rement, sortis par leurs propres moyens de l&rsquo;appareil. <\/p>\n<p>Les pompiers de la Haute-Garonne sont intervenus sur la commune de Verfeil peu apr\u00e8s 17 heures ce mercredi \u00e0 la suite du crash d&rsquo;un avion de tourisme, au lieu dit En Maury. Les pompiers ont re\u00e7u plusieurs appels leur signalant l&rsquo;accident d&rsquo;avion.\u00a0Un premier engin des sapeurs-pompiers a permis de prendre en charge les victimes rapidement. Deux passagers de cet avion qui ont <strong>r\u00e9ussi \u00e0 s&rsquo;extraire seuls de l&rsquo;appareil avec de l\u00e9g\u00e8res blessures.<\/strong><\/p>\n<p>Les passagers ont \u00e9t\u00e9 \u00e9vacu\u00e9es vers la clinique de L&rsquo;Union, au nord de Toulouse. Au total, 14 sapeurs-pompiers ont \u00e9t\u00e9 mobilis\u00e9s sur cette intervention avec cinq engins.<\/p>\n<ul class=\"SocialNetworks svelte-oam7rq\">\n<li class=\"svelte-oam7rq\"><\/li>\n<li class=\"svelte-oam7rq\"><\/li>\n<li class=\"svelte-oam7rq\"><\/li>\n<li class=\"svelte-oam7rq\"><\/li>\n<li class=\"svelte-oam7rq\"><\/li>\n<\/ul>\n","protected":false},"excerpt":{"rendered":"un avion de tourisme s&rsquo;est crash\u00e9 mercredi apr\u00e8s-midi \u00e0 l&rsquo;est de Toulouse, sur la commune de Verfeil \u00a9&hellip;\n","protected":false},"author":2,"featured_media":663484,"comment_status":"","ping_status":"","sticky":false,"template":"","format":"standard","meta":{"footnotes":""},"categories":[2816],"tags":[1111,11,1777,674,1011,27,12,2680,25,2312],"class_list":{"0":"post-663483","1":"post","2":"type-post","3":"status-publish","4":"format-standard","5":"has-post-thumbnail","7":"category-toulouse","8":"tag-actu","9":"tag-actualites","10":"tag-eu","11":"tag-europe","12":"tag-fr","13":"tag-france","14":"tag-news","15":"tag-occitanie","16":"tag-republique-francaise","17":"tag-toulouse"},"share_on_mastodon":{"url":"https:\/\/pubeurope.com\/@fr\/115894789431059754","error":""},"_links":{"self":[{"href":"https:\/\/www.europesays.com\/fr\/wp-json\/wp\/v2\/posts\/663483","targetHints":{"allow":["GET"]}}],"collection":[{"href":"https:\/\/www.europesays.com\/fr\/wp-json\/wp\/v2\/posts"}],"about":[{"href":"https:\/\/www.europesays.com\/fr\/wp-json\/wp\/v2\/types\/post"}],"author":[{"embeddable":true,"href":"https:\/\/www.europesays.com\/fr\/wp-json\/wp\/v2\/users\/2"}],"replies":[{"embeddable":true,"href":"https:\/\/www.europesays.com\/fr\/wp-json\/wp\/v2\/comments?post=663483"}],"version-history":[{"count":0,"href":"https:\/\/www.europesays.com\/fr\/wp-json\/wp\/v2\/posts\/663483\/revisions"}],"wp:featuredmedia":[{"embeddable":true,"href":"https:\/\/www.europesays.com\/fr\/wp-json\/wp\/v2\/media\/663484"}],"wp:attachment":[{"href":"https:\/\/www.europesays.com\/fr\/wp-json\/wp\/v2\/media?parent=663483"}],"wp:term":[{"taxonomy":"category","embeddable":true,"href":"https:\/\/www.europesays.com\/fr\/wp-json\/wp\/v2\/categories?post=663483"},{"taxonomy":"post_tag","embeddable":true,"href":"https:\/\/www.europesays.com\/fr\/wp-json\/wp\/v2\/tags?post=663483"}],"curies":[{"name":"wp","href":"https:\/\/api.w.org\/{rel}","templated":true}]}}