{"id":663485,"date":"2026-01-14T18:08:17","date_gmt":"2026-01-14T18:08:17","guid":{"rendered":"https:\/\/www.europesays.com\/fr\/663485\/"},"modified":"2026-01-14T18:08:17","modified_gmt":"2026-01-14T18:08:17","slug":"la-maison-du-quartier-du-vieux%e2%80%90lille-est-en-crise","status":"publish","type":"post","link":"https:\/\/www.europesays.com\/fr\/663485\/","title":{"rendered":"la Maison du quartier du Vieux\u2010Lille est en crise"},"content":{"rendered":"<p><b>Rien ne va plus \u00e0 la Maison Godeleine Petit : d\u00e9mission de ses dirigeants, comptes dans le rouge, suspensions de certaines animations\u2026 Les services de la Ville tentent de reprendre le contr\u00f4le de la situation pour maintenir une continuit\u00e9 des activit\u00e9s essentielles. &#13;<br \/>\n<\/b><\/p>\n<p>Mais que se passe\u2010t\u2010il \u00e0 la Maison de quartier du Vieux Lille\u202f? Le centre social Godeleine Petit vit, depuis quelques semaines, plusieurs grands bouleversements. Son directeur, Jean\u2010Fran\u00e7ois Accart, a \u00e9t\u00e9 licenci\u00e9 pour des raisons de sant\u00e9. Ce d\u00e9part a \u00e9t\u00e9 rapidement suivi par celui du pr\u00e9sident de la structure, Pascal Cobert, qui a d\u00e9missionn\u00e9 de ses fonctions. Et comme si cela ne suffisait pas, les comptes laiss\u00e9s par les deux dirigeants sont incomplets et r\u00e9v\u00e8lent une structure en tr\u00e8s mauvaise sant\u00e9, au point que le tribunal a d\u00fb prendre les choses en main pour tenter de r\u00e9gler la situation\u2026<\/p>\n<p>La F\u00e9d\u00e9ration des centres sociaux Lillois a nomm\u00e9 un nouveau directeur par int\u00e9rim, qui sera charg\u00e9 de r\u00e9tablir les choses. La Ville de Lille, inform\u00e9e r\u00e9cemment, explique \u00ab\u202fsuivre de tr\u00e8s pr\u00e8s la situation du Centre Social Godeleine Petit, touch\u00e9 par une crise financi\u00e8re et de gouvernance.\u202f\u00bb Cet espace, qui existe juridiquement sous la forme d\u2019une association agr\u00e9\u00e9e par la Caisse des allocations familiales (CAF) et conventionn\u00e9e par la municipalit\u00e9, accueille diff\u00e9rents services et structures (cr\u00e8che, accueil d\u00e9di\u00e9 aux jeunes, ludoth\u00e8que, clubs de pr\u00e9vention\u2026).<br \/>Maintenir les activit\u00e9s essentielles, en suspendre d\u2019autres<br \/>Parmi les principaux points d\u2019achoppement, la non\u2010r\u00e9ception des comptes certifi\u00e9s 2024, qui emp\u00eachait le versement de l\u2019ensemble des subventions d\u00e9lib\u00e9r\u00e9es en 2025. Apr\u00e8s plusieurs relances, la Ville a finalement r\u00e9cemment re\u00e7u ces comptes, et \u00ab\u202fa lib\u00e9r\u00e9 le solde des subventions qui restaient en attente\u202f\u00bb, pr\u00e9cise la municipalit\u00e9.<\/p>\n<p>En attendant que la situation se r\u00e8gle au niveau financier, \u00ab\u202fles administrateurs de l\u2019association ont suspendu certaines activit\u00a0\u2026<\/p>\n<p>Nous vous offrons l\u2019acc\u00e8s \u00e0 cet article<\/p>\n<p>Et \u00e0 toutes nos enqu\u00eates pendant deux jours\u00a0\u00a0! <br \/>Oui, on est g\u00e9n\u00e9reux \ud83d\ude09 Mais pensez aussi \u00e0 <a href=\"https:\/\/www.mediacites.fr\/sabonner\/\" target=\"_blank\" style=\"color:#fff\" rel=\"noopener\">vous abonner<\/a>\u00a0\u00a0!<\/p>\n<p>\t\tEn renseignant votre adresse, vous acceptez nos <a href=\"https:\/\/www.mediacites.fr\/conditions-generales-d-utilisation\/\" target=\"_blank\" rel=\"noopener\">conditions g\u00e9n\u00e9rales d\u2019utilisation<\/a>. <br \/>Mediacit\u00e9s s\u2019engage \u00e0 ne pas c\u00e9der votre adresse \u00e0 des tiers. En cas d\u2019\u00e9chec, \u00e9crivez \u00e0 <a href=\"https:\/\/www.mediacites.fr\/breve\/lille\/2026\/01\/14\/gouvernance-finances-la-maison-du-quartier-du-vieux-lille-est-en-crise\/mailto:contact@mediacites.fr\" target=\"_blank\" rel=\"noopener\">contact@mediacites.fr<\/a><\/p>\n<ul>\n<li>J\u2019acc\u00e8de aux 4 \u00e9ditions de Mediacit\u00e9s (Lille, Lyon, Nantes et Toulouse)<\/li>\n<li>Je d\u00e9couvre un m\u00e9dia 100 % ind\u00e9pendant, avec 0 % de publicit\u00e9<\/li>\n<\/ul>\n<p>Envie de lire la\u00a0suite\u202f?<\/p>\n<p>Depuis neuf ans, Mediacit\u00e9s enqu\u00eate en toute ind\u00e9pendance dans votre ville. Gr\u00e2ce \u00e0 ses lecteurs\u202f! Abonnez\u2010vous pour ne rien manquer de nos enqu\u00eates, suivre les \u00e9lections municipales et soutenir un journal local d\u2019investigation.<\/p>\n<ul>\n<li>Acc\u00e8s aux 4 \u00e9ditions de Mediacit\u00e9s (Lille, Lyon, Nantes et Toulouse)<\/li>\n<li>100 % ind\u00e9pendant, avec 0 % de publicit\u00e9<\/li>\n<li>R\u00e9siliation facile \u00e0 tout moment<\/li>\n<\/ul>\n<p>Mediacit\u00e9s offre l\u2019acc\u00e8s \u00e0 cet article aux lecteurs de News2Com<\/p>\n<p>Et \u00e0 toutes nos enqu\u00eates pendant deux jours\u00a0\u00a0! <br \/>Oui, on est g\u00e9n\u00e9reux \ud83d\ude09 Mais pensez aussi \u00e0 <a href=\"https:\/\/www.mediacites.fr\/sabonner\/\" target=\"_blank\" style=\"color:#fff\" rel=\"noopener\">vous abonner<\/a>\u00a0\u00a0!<\/p>\n<p>\t\tEn renseignant votre adresse, vous acceptez nos <a href=\"https:\/\/www.mediacites.fr\/conditions-generales-d-utilisation\/\" target=\"_blank\" rel=\"noopener\">conditions g\u00e9n\u00e9rales d\u2019utilisation<\/a>. <br \/>Mediacit\u00e9s s\u2019engage \u00e0 ne pas c\u00e9der votre adresse \u00e0 des tiers. En cas d\u2019\u00e9chec, \u00e9crivez \u00e0 <a href=\"https:\/\/www.mediacites.fr\/breve\/lille\/2026\/01\/14\/gouvernance-finances-la-maison-du-quartier-du-vieux-lille-est-en-crise\/mailto:contact@mediacites.fr\" target=\"_blank\" rel=\"noopener\">contact@mediacites.fr<\/a><\/p>\n<ul>\n<li>J\u2019acc\u00e8de aux 4 \u00e9ditions de Mediacit\u00e9s (Lille, Lyon, Nantes et Toulouse)<\/li>\n<li>Je d\u00e9couvre un m\u00e9dia 100 % ind\u00e9pendant, avec 0 % de publicit\u00e9<\/li>\n<\/ul>\n","protected":false},"excerpt":{"rendered":"Rien ne va plus \u00e0 la Maison Godeleine Petit : d\u00e9mission de ses dirigeants, comptes dans le rouge,&hellip;\n","protected":false},"author":2,"featured_media":663486,"comment_status":"","ping_status":"","sticky":false,"template":"","format":"standard","meta":{"footnotes":""},"categories":[2815],"tags":[1111,11,33765,1777,674,1011,27,76463,811,51816,1307,65122,76464,12,25,76465],"class_list":{"0":"post-663485","1":"post","2":"type-post","3":"status-publish","4":"format-standard","5":"has-post-thumbnail","7":"category-lille","8":"tag-actu","9":"tag-actualites","10":"tag-centre-social","11":"tag-eu","12":"tag-europe","13":"tag-fr","14":"tag-france","15":"tag-godeleine-petit","16":"tag-hauts-de-france","17":"tag-loeil-de-mediacites","18":"tag-lille","19":"tag-mairie-de-lille","20":"tag-maison-de-quartier","21":"tag-news","22":"tag-republique-francaise","23":"tag-vieux-lille"},"share_on_mastodon":{"url":"https:\/\/pubeurope.com\/@fr\/115894793932100159","error":""},"_links":{"self":[{"href":"https:\/\/www.europesays.com\/fr\/wp-json\/wp\/v2\/posts\/663485","targetHints":{"allow":["GET"]}}],"collection":[{"href":"https:\/\/www.europesays.com\/fr\/wp-json\/wp\/v2\/posts"}],"about":[{"href":"https:\/\/www.europesays.com\/fr\/wp-json\/wp\/v2\/types\/post"}],"author":[{"embeddable":true,"href":"https:\/\/www.europesays.com\/fr\/wp-json\/wp\/v2\/users\/2"}],"replies":[{"embeddable":true,"href":"https:\/\/www.europesays.com\/fr\/wp-json\/wp\/v2\/comments?post=663485"}],"version-history":[{"count":0,"href":"https:\/\/www.europesays.com\/fr\/wp-json\/wp\/v2\/posts\/663485\/revisions"}],"wp:featuredmedia":[{"embeddable":true,"href":"https:\/\/www.europesays.com\/fr\/wp-json\/wp\/v2\/media\/663486"}],"wp:attachment":[{"href":"https:\/\/www.europesays.com\/fr\/wp-json\/wp\/v2\/media?parent=663485"}],"wp:term":[{"taxonomy":"category","embeddable":true,"href":"https:\/\/www.europesays.com\/fr\/wp-json\/wp\/v2\/categories?post=663485"},{"taxonomy":"post_tag","embeddable":true,"href":"https:\/\/www.europesays.com\/fr\/wp-json\/wp\/v2\/tags?post=663485"}],"curies":[{"name":"wp","href":"https:\/\/api.w.org\/{rel}","templated":true}]}}