{"id":663487,"date":"2026-01-14T18:09:18","date_gmt":"2026-01-14T18:09:18","guid":{"rendered":"https:\/\/www.europesays.com\/fr\/663487\/"},"modified":"2026-01-14T18:09:18","modified_gmt":"2026-01-14T18:09:18","slug":"metro-et-tram-a-lille-plusieurs-lignes-coupees-fin-janvier-on-fait-le-point","status":"publish","type":"post","link":"https:\/\/www.europesays.com\/fr\/663487\/","title":{"rendered":"M\u00e9tro et tram \u00e0 Lille\u00a0: plusieurs lignes coup\u00e9es fin janvier, on fait le point"},"content":{"rendered":"<p><a href=\"https:\/\/www.lebonbon.fr\/lille\/news\/metro-tout-ce-qui-change-2026-transports-a-lille\/\" target=\"_blank\" rel=\"noopener\">Nouvelle ann\u00e9e, nouveaux m\u00e9tros<\/a>, nouvelles gal\u00e8res aussi (un peu). Pendant que la m\u00e9tropole pr\u00e9pare l\u2019arriv\u00e9e des rames g\u00e9antes de 52 m\u00e8tres sur la ligne 1, le r\u00e9seau il\u00e9via va conna\u00eetre plusieurs interruptions, aussi bien sur le m\u00e9tro que sur le tramway. Tout est li\u00e9 \u00e0 des essais techniques et \u00e0 des chantiers lourds, mais \u00e7a va quand m\u00eame impacter pas mal de trajets.<\/p>\n<p>&#13;<br \/>\n<b>La ligne 1 du m\u00e9tro compl\u00e8tement \u00e0 l\u2019arr\u00eat les 17 et 18 janvier<\/b>&#13;<\/p>\n<p>C\u2019est sans doute l\u2019info la plus importante. <b>Le samedi 17 et le dimanche 18 janvier 2026<\/b>, la <b>ligne 1 du m\u00e9tro sera totalement interrompue<\/b>, toute la journ\u00e9e. La raison\u00a0? Des \u201cmarches \u00e0 blanc\u201d, autrement dit des <b>tests en conditions r\u00e9elles des <a href=\"https:\/\/www.lebonbon.fr\/lille\/news\/apres-10-ans-attente-metro-lille-passe-enfin-vitesse-superieure\/\" target=\"_blank\" rel=\"noopener\">nouvelles rames de 52 m\u00e8tres<\/a><\/b>, qui doivent entrer en service progressivement pour doubler la capacit\u00e9 du m\u00e9tro lillois.<\/p>\n<p>&#13;<\/p>\n<p>Pour \u00e9viter que tout le monde se retrouve bloqu\u00e9, <b>des bus relais<\/b> seront mis en place sur l\u2019int\u00e9gralit\u00e9 de la ligne, avec un passage toutes les <b>6 \u00e0 10 minutes en journ\u00e9e<\/b> et toutes les <b>15 minutes en soir\u00e9e<\/b>. Des agents et de l\u2019affichage sp\u00e9cifique seront aussi d\u00e9ploy\u00e9s dans les stations pour guider les voyageurs. Bonne nouvelle\u00a0: <b>le trafic normal reprendra d\u00e8s le lundi 19 janvier au matin<\/b>.<\/p>\n<p>&#13;<br \/>\n<b>Le tramway vers Roubaix coup\u00e9 plusieurs soirs d\u2019affil\u00e9e<\/b>&#13;<\/p>\n<p>Deuxi\u00e8me grosse perturbation \u00e0 noter dans l\u2019agenda\u00a0: la <b>branche Roubaix du tramway<\/b> va, elle aussi, lever le pied, mais uniquement en soir\u00e9e.<\/p>\n<p>&#13;<\/p>\n<p>\u00c0 cause de <b>travaux SNCF R\u00e9seau au niveau du Pont de Wasquehal<\/b>, le trafic sera interrompu <b>entre Crois\u00e9 Laroche et Roubaix Eurot\u00e9l\u00e9port<\/b>\u00a0: du <b>lundi 19 au jeudi 22 janvier 2026, <\/b>puis du <b>lundi 26 au jeudi 29 janvier 2026. <\/b>Ces coupures auront lieu <b>de 22h jusqu\u2019\u00e0 la fin du service<\/b>. Le reste de la journ\u00e9e, le tram circule normalement, tout comme <b>les vendredis, samedis et dimanches<\/b>.<\/p>\n<p>&#13;<\/p>\n<p>Pendant ces cr\u00e9neaux, <b>des bus relais<\/b> prendront le relais sur le tron\u00e7on concern\u00e9, avec une fr\u00e9quence \u00e9quivalente \u00e0 celle du tram le soir, soit <b>un passage toutes les 30 minutes<\/b>.<br \/>\u00c0 noter\u00a0: <b>le tronc commun et la branche Tourcoing ne sont pas concern\u00e9s<\/b> et continueront de rouler normalement.<\/p>\n<p>&#13;<br \/>\n<b>Quelles alternatives pour se d\u00e9placer\u00a0?<\/b>&#13;<\/p>\n<p>Pendant toutes ces p\u00e9riodes de travaux et d\u2019essais, <b>le r\u00e9seau de bus il\u00e9via et la ligne 2 du m\u00e9tro continueront de fonctionner normalement<\/b>. De quoi bricoler des itin\u00e9raires bis si votre ligne habituelle est touch\u00e9e.<\/p>\n<p>&#13;<\/p>\n<p><a href=\"https:\/\/www.ilevia.fr\" rel=\"nofollow noopener noreferrer\" target=\"_blank\"><strong>Infos trafic en temps r\u00e9el ici\u00a0<\/strong><\/a><\/p>\n","protected":false},"excerpt":{"rendered":"Nouvelle ann\u00e9e, nouveaux m\u00e9tros, nouvelles gal\u00e8res aussi (un peu). Pendant que la m\u00e9tropole pr\u00e9pare l\u2019arriv\u00e9e des rames g\u00e9antes&hellip;\n","protected":false},"author":2,"featured_media":663488,"comment_status":"","ping_status":"","sticky":false,"template":"","format":"standard","meta":{"footnotes":""},"categories":[2815],"tags":[1111,11,1777,674,1011,27,811,1307,12,25],"class_list":{"0":"post-663487","1":"post","2":"type-post","3":"status-publish","4":"format-standard","5":"has-post-thumbnail","7":"category-lille","8":"tag-actu","9":"tag-actualites","10":"tag-eu","11":"tag-europe","12":"tag-fr","13":"tag-france","14":"tag-hauts-de-france","15":"tag-lille","16":"tag-news","17":"tag-republique-francaise"},"share_on_mastodon":{"url":"https:\/\/pubeurope.com\/@fr\/115894797101170302","error":""},"_links":{"self":[{"href":"https:\/\/www.europesays.com\/fr\/wp-json\/wp\/v2\/posts\/663487","targetHints":{"allow":["GET"]}}],"collection":[{"href":"https:\/\/www.europesays.com\/fr\/wp-json\/wp\/v2\/posts"}],"about":[{"href":"https:\/\/www.europesays.com\/fr\/wp-json\/wp\/v2\/types\/post"}],"author":[{"embeddable":true,"href":"https:\/\/www.europesays.com\/fr\/wp-json\/wp\/v2\/users\/2"}],"replies":[{"embeddable":true,"href":"https:\/\/www.europesays.com\/fr\/wp-json\/wp\/v2\/comments?post=663487"}],"version-history":[{"count":0,"href":"https:\/\/www.europesays.com\/fr\/wp-json\/wp\/v2\/posts\/663487\/revisions"}],"wp:featuredmedia":[{"embeddable":true,"href":"https:\/\/www.europesays.com\/fr\/wp-json\/wp\/v2\/media\/663488"}],"wp:attachment":[{"href":"https:\/\/www.europesays.com\/fr\/wp-json\/wp\/v2\/media?parent=663487"}],"wp:term":[{"taxonomy":"category","embeddable":true,"href":"https:\/\/www.europesays.com\/fr\/wp-json\/wp\/v2\/categories?post=663487"},{"taxonomy":"post_tag","embeddable":true,"href":"https:\/\/www.europesays.com\/fr\/wp-json\/wp\/v2\/tags?post=663487"}],"curies":[{"name":"wp","href":"https:\/\/api.w.org\/{rel}","templated":true}]}}