{"id":663489,"date":"2026-01-14T18:10:12","date_gmt":"2026-01-14T18:10:12","guid":{"rendered":"https:\/\/www.europesays.com\/fr\/663489\/"},"modified":"2026-01-14T18:10:12","modified_gmt":"2026-01-14T18:10:12","slug":"le-mode-demploi-dun-double-scrutin-inedit","status":"publish","type":"post","link":"https:\/\/www.europesays.com\/fr\/663489\/","title":{"rendered":"le mode d&#8217;emploi d&rsquo;un double scrutin in\u00e9dit"},"content":{"rendered":"<p>Les 15 et 22 mars, les quelque 540 000 \u00e9lecteurs marseillais devront voter deux fois simultan\u00e9ment. Un mode de scrutin in\u00e9dit, qu\u2019on doit \u00e0 la <a href=\"https:\/\/www.laprovence.com\/article\/politique\/6851048385299714\/reforme-plm-les-deputes-ps-et-ecologistes-ont-saisi-le-conseil-constitutionnel\" target=\"_blank\" rel=\"noopener\">r\u00e9forme controvers\u00e9e de la loi PLM<\/a>, vot\u00e9e en 2025. Principale nouveaut\u00e9 : l\u2019\u00e9lection du conseil municipal &#8211; et in fine du maire &#8211; \u00e0 travers une liste unique \u00e0 l\u2019\u00e9chelle de la ville.<\/p>\n<p>Conseil municipal\u00a0: un vote \u00e0 l\u2019\u00e9chelle de la ville<\/p>\n<p>Pour la premi\u00e8re fois depuis 1959, les \u00e9lecteurs marseillais pourront voter <a href=\"https:\/\/www.laprovence.com\/article\/politique\/1281446721466714\/marseille-avec-la-loi-plm-une-liste-peut-gagner-la-ville-avec-moins-de-voix-que-ses-adversaires\" target=\"_blank\" rel=\"noopener\">directement pour la liste des 111 conseillers municipaux<\/a> qui \u00e9liront le maire. Ce nombre a \u00e9t\u00e9 revu \u00e0 la hausse (ils \u00e9taient 101 jusqu\u2019\u00e0 pr\u00e9sent). Comme dans un scrutin municipal classique, les listes qui d\u00e9passeront les 10% des suffrages exprim\u00e9s au 1er tour pourront se maintenir au 2e tour. Les listes qui obtiendront entre 5% et 10% pourront fusionner avec une liste qualifi\u00e9e au 2e tour.<\/p>\n<p>Une prime de 25% des si\u00e8ges pour le vainqueur<\/p>\n<p>Dans les 35 000 communes de France la liste arriv\u00e9e en t\u00eate au 2e tour se voit attribuer d&rsquo;entr\u00e9e la moiti\u00e9 des si\u00e8ges. Mais ce n&rsquo;est pas le cas \u00e0 Paris, Lyon et donc Marseille. Dans ces trois villes, le vainqueur du scrutin, quel que soit son score, remportera une prime de seulement un quart des 111 conseillers municipaux, soit 27 si\u00e8ges. Le reste (84 si\u00e8ges) est r\u00e9parti \u00e0 la proportionnelle des voix obtenues entre toutes listes pr\u00e9sentes au 2e tour. Ce qui signifie qu&rsquo;en cas de triangulaire ou de quadrangulaire serr\u00e9e, le vainqueur des municipales \u00e0 Marseille <a href=\"https:\/\/www.laprovence.com\/article\/elections\/2274092016311114\/municipales-2026-comment-la-nouvelle-loi-plm-rebat-deja-les-cartes-de-la-campagne-a-marseille\" target=\"_blank\" rel=\"noopener\">n\u2019aura pas la garantie d\u2019avoir la majorit\u00e9 absolue<\/a> au conseil municipal.<\/p>\n<p>On doit cette particularit\u00e9 au Modem qui, sous l\u2019\u00e9gide de l\u2019ex-Premier ministre Fran\u00e7ois Bayrou, a men\u00e9 les d\u00e9bats de la r\u00e9forme de la loi PLM \u00e0 l\u2019Assembl\u00e9e en 2025. Cons\u00e9quence : il n\u2019est pas improbable qu\u2019il faille attendre le \u00ab\u00a03e tour\u00a0\u00bb, c\u2019est-\u00e0-dire l\u2019\u00e9lection formelle du maire le vendredi ou samedi suivant le 2e tour, pour conna\u00eetre le nom du futur premier magistrat.<\/p>\n<p>Et aussi, 101 conseillers m\u00e9tropolitains \u00e9lus<\/p>\n<p>C\u2019est \u00e0 partir de cette liste de 111 conseillers municipaux que seront \u00ab\u00a0fl\u00e9ch\u00e9s\u00a0\u00bb <a href=\"https:\/\/www.laprovence.com\/article\/elections\/73423070947781\/marseille-aura-un-elu-de-moins-a-la-metropole-a-partir-de-2026\" target=\"_blank\" rel=\"noopener\">les 101 \u00e9lus marseillais<\/a>\u00a0qui si\u00e8gent au conseil de la M\u00e9tropole Aix-Marseille-Provence. La r\u00e9partition se fait selon les m\u00eames principes que pour le conseil municipal\u00a0: la liste qui gagne le 2e tour empoche 25% des conseillers m\u00e9tropolitains, le reste est r\u00e9parti \u00e0 la proportionnelle.<\/p>\n<p>Le conseil de la M\u00e9tropole compte 240 \u00e9lus dont les maires des 92 communes membres\u00a0: Marseille (46% de la population de la M\u00e9tropole) n\u2019y est donc pas majoritaire. Ces conseillers voteront ensuite pour la pr\u00e9sidence de la M\u00e9tropole.<\/p>\n<p>Il faudra voter deux fois<\/p>\n<p>En parall\u00e8le du scrutin \u00ab\u00a0ville\u00a0\u00bb pour le conseil municipal de Marseille, les \u00e9lecteurs d\u00e9signeront \u00e9galement leurs conseils d\u2019arrondissements. Depuis\u00a01986, Marseille est divis\u00e9e en huit secteurs municipaux. Ce d\u00e9coupage n\u2019a pas \u00e9t\u00e9 modifi\u00e9 par la r\u00e9forme de la loi PLM en\u00a02025. Chaque secteur est dot\u00e9 d\u2019un nombre pr\u00e9cis de conseillers d\u2019arrondissements \u00e0 \u00e9lire, calcul\u00e9 en fonction de sa population. Ce chiffre peut aller du simple au double\u00a0: de 25 pour les 1er-7e (1er secteur) \u00e0 53 pour les 13e-14e (7e secteur), soit 303 au total.<\/p>\n<p>Concr\u00e8tement, le 15, puis le 22\u00a0mars en cas de deuxi\u00e8me tour, il vous faudra donc passer une deuxi\u00e8me fois par l\u2019isoloir pour glisser un second bulletin dans l\u2019urne. \u00c0 l\u2019inverse du vote pour la mairie centrale, mais comme dans les autres communes de France, la liste gagnante au 2e tour empoche d\u2019entr\u00e9e la moiti\u00e9 des si\u00e8ges en jeu avant la r\u00e9partition \u00e0 la proportionnelle. Le gage de majorit\u00e9s stables.<\/p>\n<p>Des scrutins diff\u00e9renci\u00e9s mais li\u00e9s<\/p>\n<p>La loi ne pr\u00e9voit aucune obligation d\u2019\u00eatre candidat \u00e0 la fois sur la liste \u00ab\u00a0centrale\u00a0\u00bb et sur une liste de secteur, puisqu\u2019il s\u2019agira de <a href=\"https:\/\/www.laprovence.com\/article\/elections\/27869101680077\/municipales-2026-avec-la-reforme-de-la-loi-plm-des-mairies-de-secteur-affaiblies-a-marseille\" target=\"_blank\" rel=\"noopener\">deux scrutins diff\u00e9rents et ind\u00e9pendants<\/a>. Beno\u00eet Payan (DVG), Martine Vassal (DVD) et Franck Allisio (RN) ont d\u00e9j\u00e0 fait savoir qu\u2019ils ne candidateraient qu\u2019\u00e0 l\u2019h\u00f4tel de ville.<\/p>\n<p>Mais cela n\u2019est pas interdit\u00a0: on pourra \u00eatre \u00e9lu \u00e0 la fois au conseil municipal et dans une mairie d\u2019arrondissements. Les t\u00eates de listes centrales pourront \u00e9galement apposer leur nom et leur photo sur les bulletins des listes qu\u2019ils soutiendront dans les secteurs. Histoire de ne pas d\u00e9router totalement les \u00e9lecteurs.<\/p>\n<p>Il est encore temps de s&rsquo;inscrire sur les listes \u00e9lectorales<\/p>\n<p>Pour pouvoir voter les 15 et 22 mars \u00e0 Marseille (ou ailleurs), il faudra \u00eatre inscrit sur les listes \u00e9lectorales. Vous pouvez v\u00e9rifier si c&rsquo;est le cas sur le site du gouvernement Service public. Si vous n&rsquo;\u00eates pas inscrit, vous pouvez encore le faire avant le vendredi 6 f\u00e9vrier. L&rsquo;inscription peut se faire en ligne, toujours sur Service-public.fr, dans un bureau municipal de proximit\u00e9 ou encore par courrier. Le jour du vote, il n&rsquo;est pas n\u00e9cessaire d&rsquo;avoir sa carte d&rsquo;\u00e9lecteur. Il faudra produire une pi\u00e8ce d&rsquo;identit\u00e9 (CNI ou passeport).\u00a0<\/p>\n","protected":false},"excerpt":{"rendered":"Les 15 et 22 mars, les quelque 540 000 \u00e9lecteurs marseillais devront voter deux fois simultan\u00e9ment. Un mode&hellip;\n","protected":false},"author":2,"featured_media":663490,"comment_status":"","ping_status":"","sticky":false,"template":"","format":"standard","meta":{"footnotes":""},"categories":[2814],"tags":[5734,1111,11,55741,2837,3391,5949,1777,674,1011,27,884,985,3554,12,882,25],"class_list":{"0":"post-663489","1":"post","2":"type-post","3":"status-publish","4":"format-standard","5":"has-post-thumbnail","7":"category-marseille","8":"tag-5734","9":"tag-actu","10":"tag-actualites","11":"tag-demploi","12":"tag-dun","13":"tag-double","14":"tag-elections","15":"tag-eu","16":"tag-europe","17":"tag-fr","18":"tag-france","19":"tag-marseille","20":"tag-mode","21":"tag-municipales","22":"tag-news","23":"tag-provence-alpes-cote-dazur","24":"tag-republique-francaise"},"share_on_mastodon":{"url":"","error":""},"_links":{"self":[{"href":"https:\/\/www.europesays.com\/fr\/wp-json\/wp\/v2\/posts\/663489","targetHints":{"allow":["GET"]}}],"collection":[{"href":"https:\/\/www.europesays.com\/fr\/wp-json\/wp\/v2\/posts"}],"about":[{"href":"https:\/\/www.europesays.com\/fr\/wp-json\/wp\/v2\/types\/post"}],"author":[{"embeddable":true,"href":"https:\/\/www.europesays.com\/fr\/wp-json\/wp\/v2\/users\/2"}],"replies":[{"embeddable":true,"href":"https:\/\/www.europesays.com\/fr\/wp-json\/wp\/v2\/comments?post=663489"}],"version-history":[{"count":0,"href":"https:\/\/www.europesays.com\/fr\/wp-json\/wp\/v2\/posts\/663489\/revisions"}],"wp:featuredmedia":[{"embeddable":true,"href":"https:\/\/www.europesays.com\/fr\/wp-json\/wp\/v2\/media\/663490"}],"wp:attachment":[{"href":"https:\/\/www.europesays.com\/fr\/wp-json\/wp\/v2\/media?parent=663489"}],"wp:term":[{"taxonomy":"category","embeddable":true,"href":"https:\/\/www.europesays.com\/fr\/wp-json\/wp\/v2\/categories?post=663489"},{"taxonomy":"post_tag","embeddable":true,"href":"https:\/\/www.europesays.com\/fr\/wp-json\/wp\/v2\/tags?post=663489"}],"curies":[{"name":"wp","href":"https:\/\/api.w.org\/{rel}","templated":true}]}}