{"id":663491,"date":"2026-01-14T18:11:10","date_gmt":"2026-01-14T18:11:10","guid":{"rendered":"https:\/\/www.europesays.com\/fr\/663491\/"},"modified":"2026-01-14T18:11:10","modified_gmt":"2026-01-14T18:11:10","slug":"le-president-de-bayeux-remercie-lom-davoir-laisse-la-recette-du-match-de-coupe-de-france","status":"publish","type":"post","link":"https:\/\/www.europesays.com\/fr\/663491\/","title":{"rendered":"le pr\u00e9sident de Bayeux remercie l&rsquo;OM d&rsquo;avoir laiss\u00e9 la recette du match de Coupe de France"},"content":{"rendered":"<p>Tombeur des amateurs de Bayeux (R1) en 16e de finale de la Coupe de France ce mardi (9-0), l&rsquo;Olympique de Marseille a laiss\u00e9 sa part de la recette du match aux h\u00f4tes du soir. Ce qui a beaucoup \u00e9t\u00e9 appr\u00e9ci\u00e9 par le pr\u00e9sident normand, Luis Ferreira-Pavesi.<\/p>\n<p>Un coup de pouce qui fait du bien au Petit Poucet des 16es de finale de Coupe de France. Au soir de <a href=\"https:\/\/rmcsport.bfmtv.com\/football\/coupe-de-france\/direct-bayeux-om-suivez-le-dernier-match-des-16e-de-finale-de-la-coupe-de-france-en-live_LS-202601130575.html\" title=\"Bayeux-OM: les Marseillais signent un carton et rejoignent Rennes en 8es de la Coupe de France\" class=\"internal_link\" target=\"_blank\" rel=\"noopener\">la victoire sans piti\u00e9 de l&rsquo;Olympique de Marseille face au club de R\u00e9gional 1 de Bayeux ce mercredi (9-0)<\/a>, le pr\u00e9sident du club normand a rendu hommage \u00e0 son homologue marseillais. D&rsquo;apr\u00e8s lui, comme il est souvent d&rsquo;usage entre les clubs de Ligue 1 et des amateurs, les Olympiens ont d\u00e9cid\u00e9 de leur laisser 100% de la recette du match.<\/p>\n<p>\u00ab\u00a0Le pr\u00e9sident Longoria a \u00e9t\u00e9 tr\u00e8s classe, avant m\u00eame la fin du match\u00a0\u00bb, a confi\u00e9 Luis Ferreira-Pavesi \u00e0 la presse. \u00ab\u00a0Je le remercie \u00e9norm\u00e9ment, cela va nous aider par la suite, notamment pour mettre des moyens dans la formation de nos \u00e9ducateurs pour qu\u2019on ait un meilleur encadrement de notre \u00e9cole de foot et de la pr\u00e9-formation.\u00a0\u00bb Avant d&rsquo;ajouter: \u00ab\u00a0Je ne doutais pas de cela, Marseille reste un club tr\u00e8s classe.\u00a0\u00bb<\/p>\n<p>84.000 euros de la FFF<\/p>\n<p>Comme au tour pr\u00e9c\u00e9dent face \u00e0 Bourg-Personnas (National, 6-0), les hommes de Roberto de Zerbi ont fait preuve du plus grand s\u00e9rieux dans un Stade Michel-d&rsquo;Ornano de Caen \u00e0 guichets ferm\u00e9s et largement acquis \u00e0 la cause des bleu et jaune. Pr\u00e8s de 20.000 personnes qui devraient permettre d&#8217;empocher un beau ch\u00e8que \u00e0 Bayeux. Une somme \u00e0 laquelle s&rsquo;ajoutent 84.000 euros de la F\u00e9d\u00e9ration fran\u00e7aise de football distribu\u00e9s \u00e0 tous les qualifi\u00e9s des 16e de finale de la Coupe de France.<\/p>\n<p>La comp\u00e9tition semble d\u00e9sormais ouverte comme jamais avec <a href=\"https:\/\/rmcsport.bfmtv.com\/football\/coupe-de-france\/direct-psg-paris-fc-suivez-le-match-des-16es-de-finale-de-la-coupe-de-france-en-live_LS-202601120851.html\" title=\"Coup de tonnerre: le Paris FC \u00e9limine le Paris Saint-Germain de la Coupe de France\" class=\"internal_link\" target=\"_blank\" rel=\"noopener\">l&rsquo;\u00e9limination du Paris Saint-Germain lundi par le Paris FC (0-1)<\/a>. Et l&rsquo;OM fait d\u00e9sormais figure de favori. \u00ab\u00a0Maintenant, on souhaite un beau parcours \u00e0 l\u2019OM. Le PSG n\u2019est plus dans la course, ils viennent de nous \u00e9liminer\u2026 c\u2019est bon, la route est trac\u00e9e pour l\u2019OM vers le titre\u00a0\u00bb, a d&rsquo;ailleurs souri Luis Ferreira-Pavesi.<\/p>\n<p>Une sortie m\u00e9diatique qui devrait \u00eatre beaucoup mieux accueillie que <a href=\"https:\/\/rmcsport.bfmtv.com\/football\/coupe-de-france\/j-ai-quand-meme-le-droit-de-penser-ce-que-je-veux-l-entraineur-de-bayeux-en-remet-une-couche-contre-de-zerbi-apres-ses-critiques-sur-son-style_AV-202601140320.html\" title=\"&quot;J\u2019ai quand m\u00eame le droit de penser ce que je veux&quot;, l\u2019entra\u00eeneur de Bayeux en remet une couche contre De Zerbi apr\u00e8s ses critiques sur son style\" class=\"internal_link\" target=\"_blank\" rel=\"noopener\">celle de l&rsquo;entra\u00eeneur de Bayeux, Eric Fouda<\/a>. Supporter de l&rsquo;OM, il a lanc\u00e9 dans les colonnes de La Provence: \u00ab\u00a0Si Roberto De Zerbi est \u00e0 l\u2019OM, c\u2019est que c\u2019est s\u00fbrement un grand entra\u00eeneur. On respecte son v\u00e9cu, son exp\u00e9rience, mais, car il y a toujours un mais, de tous les OM que j\u2019ai vu jouer, le sien n\u2019est pas celui que je pr\u00e9f\u00e8re. Je trouve que son OM est une copie tactique, qui ne fonctionne pas avec ces joueurs. Marseille n\u2019est pas Paris, l\u2019OM n\u2019est pas le PSG.\u00a0\u00bb<\/p>\n<p>Ce \u00e0 quoi Roberto De Zerbi a r\u00e9pondu, de mani\u00e8re cinglante: \u00ab\u00a0On sait que leur coach aime parler, il donne des conseils aux autres coachs. S&rsquo;il veut m&rsquo;en donner, je lui donnerai demain mon num\u00e9ro de t\u00e9l\u00e9phone. S&rsquo;il veut me conseiller de quelle mani\u00e8re je devrais jouer, moi, j\u2019accepte tous les conseils qu&rsquo;on peut me donner.\u00a0\u00bb<\/p>\n","protected":false},"excerpt":{"rendered":"Tombeur des amateurs de Bayeux (R1) en 16e de finale de la Coupe de France ce mardi (9-0),&hellip;\n","protected":false},"author":2,"featured_media":663492,"comment_status":"","ping_status":"","sticky":false,"template":"","format":"standard","meta":{"footnotes":""},"categories":[2814],"tags":[1111,11,1777,674,1011,27,884,12,882,25],"class_list":{"0":"post-663491","1":"post","2":"type-post","3":"status-publish","4":"format-standard","5":"has-post-thumbnail","7":"category-marseille","8":"tag-actu","9":"tag-actualites","10":"tag-eu","11":"tag-europe","12":"tag-fr","13":"tag-france","14":"tag-marseille","15":"tag-news","16":"tag-provence-alpes-cote-dazur","17":"tag-republique-francaise"},"share_on_mastodon":{"url":"https:\/\/pubeurope.com\/@fr\/115894805022892339","error":""},"_links":{"self":[{"href":"https:\/\/www.europesays.com\/fr\/wp-json\/wp\/v2\/posts\/663491","targetHints":{"allow":["GET"]}}],"collection":[{"href":"https:\/\/www.europesays.com\/fr\/wp-json\/wp\/v2\/posts"}],"about":[{"href":"https:\/\/www.europesays.com\/fr\/wp-json\/wp\/v2\/types\/post"}],"author":[{"embeddable":true,"href":"https:\/\/www.europesays.com\/fr\/wp-json\/wp\/v2\/users\/2"}],"replies":[{"embeddable":true,"href":"https:\/\/www.europesays.com\/fr\/wp-json\/wp\/v2\/comments?post=663491"}],"version-history":[{"count":0,"href":"https:\/\/www.europesays.com\/fr\/wp-json\/wp\/v2\/posts\/663491\/revisions"}],"wp:featuredmedia":[{"embeddable":true,"href":"https:\/\/www.europesays.com\/fr\/wp-json\/wp\/v2\/media\/663492"}],"wp:attachment":[{"href":"https:\/\/www.europesays.com\/fr\/wp-json\/wp\/v2\/media?parent=663491"}],"wp:term":[{"taxonomy":"category","embeddable":true,"href":"https:\/\/www.europesays.com\/fr\/wp-json\/wp\/v2\/categories?post=663491"},{"taxonomy":"post_tag","embeddable":true,"href":"https:\/\/www.europesays.com\/fr\/wp-json\/wp\/v2\/tags?post=663491"}],"curies":[{"name":"wp","href":"https:\/\/api.w.org\/{rel}","templated":true}]}}