{"id":663498,"date":"2026-01-14T18:16:11","date_gmt":"2026-01-14T18:16:11","guid":{"rendered":"https:\/\/www.europesays.com\/fr\/663498\/"},"modified":"2026-01-14T18:16:11","modified_gmt":"2026-01-14T18:16:11","slug":"star-academy-bastiaan-deja-a-laffiche-dune-nouvelle-serie-pour-france-televisions","status":"publish","type":"post","link":"https:\/\/www.europesays.com\/fr\/663498\/","title":{"rendered":"\u00ab Star Academy \u00bb : Bastiaan d\u00e9j\u00e0 \u00e0 l\u2019affiche d\u2019une nouvelle s\u00e9rie pour France T\u00e9l\u00e9visions"},"content":{"rendered":"<p class=\"paragraph text_align_left lp-f-body-02\">Son aventure au ch\u00e2teau n\u2019est pas encore termin\u00e9e\u2026 Mais son CV se remplit d\u00e9j\u00e0. Bastiaan Van Leeuwen, \u00e9l\u00e8ve de la saison 13 de la <a href=\"https:\/\/www.leparisien.fr\/culture-loisirs\/tv\/star-academy\/\" target=\"_blank\" rel=\"noreferrer noopener\">\u00ab Star Academy \u00bb<\/a> et parmi les derniers candidats encore pr\u00e9sents cette semaine, est d\u00e9j\u00e0 \u00e0 l\u2019affiche d\u2019une nouvelle s\u00e9rie t\u00e9l\u00e9vis\u00e9e qui sera diffus\u00e9e \u00e0 partir du 30 janvier par France T\u00e9l\u00e9visions.<\/p>\n<p class=\"\">Intitul\u00e9e \u00ab Karma \u00bb, la s\u00e9rie est un spin-off de <a href=\"https:\/\/www.leparisien.fr\/culture-loisirs\/series\/askip-la-serie-ado-qui-fait-du-bien-est-de-retour-22-01-2021-8420580.php\" target=\"_blank\" rel=\"noreferrer noopener\">la s\u00e9rie \u00ab Askip \u00bb<\/a>, qui suit le quotidien d\u2019\u00e9l\u00e8ves et de professeurs dans un coll\u00e8ge fictif. Le tournage de la s\u00e9rie s\u2019\u00e9tait fait au cours de l\u2019\u00e9t\u00e9 2025, pr\u00e9cise France T\u00e9l\u00e9visions dans un <a href=\"https:\/\/www.francetvpro.fr\/contenu-de-presse\/74620037\" target=\"_blank\" rel=\"noreferrer noopener\">communiqu\u00e9 de presse<\/a>.<\/p>\n<p class=\"\">Bastiaan endossera le r\u00f4le qui l\u2019avait r\u00e9v\u00e9l\u00e9 dans \u00ab Askip \u00bb, \u00e0 savoir celui de Dorian Berger, un jeune de 18 ans pass\u00e9 par une \u00e9cole de com\u00e9die musicale \u00e0 Londres, confront\u00e9 \u00e0 la r\u00e9alit\u00e9 du lyc\u00e9e, aux doutes quant \u00e0 son talent, ainsi qu\u2019\u00e0 son ancienne histoire d\u2019amour avec Bilal, \u00e9galement \u00e9l\u00e8ve au lyc\u00e9e Jos\u00e9phine-Baker.<\/p>\n<p>\u00ab Profs fatigu\u00e9s et \u00e9l\u00e8ves souvent perdus \u00bb<\/p>\n<p class=\"\">\u00ab Apr\u00e8s avoir lanc\u00e9 Askip il y a cinq ans, qui r\u00e9alise depuis 2020 pr\u00e8s de 42 millions de vid\u00e9os vues, les jeunes t\u00e9l\u00e9spectateurs qui ont grandi avec la s\u00e9rie ont demand\u00e9 \u00e0 suivre leur h\u00e9ros au lyc\u00e9e, et de cette envie est n\u00e9 Karma \u00bb, explique France T\u00e9l\u00e9visions.<\/p>\n<p class=\"\">Sur le m\u00eame mod\u00e8le que celui d\u2019Askip, la s\u00e9rie \u00ab Karma \u00bb va \u00e9voquer le quotidien de lyc\u00e9ens et d\u2019enseignants, avec, \u00ab d\u2019un c\u00f4t\u00e9 des profs, parfois fatigu\u00e9s ou d\u00e9motiv\u00e9s, qui manquent de moyens, et de l\u2019autre des \u00e9l\u00e8ves souvent perdus et qui ne savent plus \u00e0 qui s\u2019adresser \u00bb.<\/p>\n<p class=\"\">\u00ab Karma \u00bb sera l\u2019occasion d\u2019abord plusieurs sujets de soci\u00e9t\u00e9, <a href=\"https:\/\/www.francetvpro.fr\/contenu-de-presse\/75384443\" target=\"_blank\" rel=\"noreferrer noopener\">indique Beno\u00eet Masocco, r\u00e9alisateur et producteur de la s\u00e9rie<\/a>. \u00ab Les enjeux ont \u00e9volu\u00e9 : sant\u00e9 mentale, sexualit\u00e9, addictions, probl\u00e8mes d\u2019argent, harc\u00e8lement ou encore des amours contrari\u00e9es\u2026 \u00bb, affirme-t-il.<\/p>\n<p class=\"\">\u00ab \u00c0 travers des histoires d\u2019amiti\u00e9, d\u2019amour et de qu\u00eate de soi, Karma raconte une g\u00e9n\u00e9ration en construction, travers\u00e9e par le doute mais port\u00e9e par une formidable envie d\u2019exister et de se battre pour un monde meilleur. Car si au coll\u00e8ge on subit souvent sa diff\u00e9rence, au lyc\u00e9e on commence \u00e0 l\u2019affirmer\u2026 et ainsi construire l\u2019adulte que l\u2019on deviendra \u00bb, confie-t-il.<\/p>\n","protected":false},"excerpt":{"rendered":"Son aventure au ch\u00e2teau n\u2019est pas encore termin\u00e9e\u2026 Mais son CV se remplit d\u00e9j\u00e0. Bastiaan Van Leeuwen, \u00e9l\u00e8ve&hellip;\n","protected":false},"author":2,"featured_media":663499,"comment_status":"","ping_status":"","sticky":false,"template":"","format":"standard","meta":{"footnotes":""},"categories":[1888],"tags":[1111,1928,11,1927,872,1777,674,1011,27,873,12,1926,626,1925,25],"class_list":{"0":"post-663498","1":"post","2":"type-post","3":"status-publish","4":"format-standard","5":"has-post-thumbnail","7":"category-paris","8":"tag-actu","9":"tag-actu-paris","10":"tag-actualites","11":"tag-actualites-paris","12":"tag-culture-et-loisirs","13":"tag-eu","14":"tag-europe","15":"tag-fr","16":"tag-france","17":"tag-musique","18":"tag-news","19":"tag-news-paris","20":"tag-paris","21":"tag-paris-news","22":"tag-republique-francaise"},"share_on_mastodon":{"url":"https:\/\/pubeurope.com\/@fr\/115894824727682771","error":""},"_links":{"self":[{"href":"https:\/\/www.europesays.com\/fr\/wp-json\/wp\/v2\/posts\/663498","targetHints":{"allow":["GET"]}}],"collection":[{"href":"https:\/\/www.europesays.com\/fr\/wp-json\/wp\/v2\/posts"}],"about":[{"href":"https:\/\/www.europesays.com\/fr\/wp-json\/wp\/v2\/types\/post"}],"author":[{"embeddable":true,"href":"https:\/\/www.europesays.com\/fr\/wp-json\/wp\/v2\/users\/2"}],"replies":[{"embeddable":true,"href":"https:\/\/www.europesays.com\/fr\/wp-json\/wp\/v2\/comments?post=663498"}],"version-history":[{"count":0,"href":"https:\/\/www.europesays.com\/fr\/wp-json\/wp\/v2\/posts\/663498\/revisions"}],"wp:featuredmedia":[{"embeddable":true,"href":"https:\/\/www.europesays.com\/fr\/wp-json\/wp\/v2\/media\/663499"}],"wp:attachment":[{"href":"https:\/\/www.europesays.com\/fr\/wp-json\/wp\/v2\/media?parent=663498"}],"wp:term":[{"taxonomy":"category","embeddable":true,"href":"https:\/\/www.europesays.com\/fr\/wp-json\/wp\/v2\/categories?post=663498"},{"taxonomy":"post_tag","embeddable":true,"href":"https:\/\/www.europesays.com\/fr\/wp-json\/wp\/v2\/tags?post=663498"}],"curies":[{"name":"wp","href":"https:\/\/api.w.org\/{rel}","templated":true}]}}