{"id":66350,"date":"2025-05-01T07:23:07","date_gmt":"2025-05-01T07:23:07","guid":{"rendered":"https:\/\/www.europesays.com\/fr\/66350\/"},"modified":"2025-05-01T07:23:07","modified_gmt":"2025-05-01T07:23:07","slug":"ces-restaurants-sont-les-meilleurs-de-la-cote-dazur","status":"publish","type":"post","link":"https:\/\/www.europesays.com\/fr\/66350\/","title":{"rendered":"ces restaurants sont les meilleurs de la C\u00f4te d&rsquo;Azur"},"content":{"rendered":"<p>            Par<br \/>\n        <strong><br \/>\n            <a href=\"https:\/\/actu.fr\/auteur\/ugo-maillard\" title=\"Consulter tous les articles de Ugo Maillard\" rel=\"nofollow noopener\" target=\"_blank\">Ugo Maillard<\/a><br \/>\n        <\/strong><\/p>\n<p>        Publi\u00e9 le<\/p>\n<p>            1 mai 2025 \u00e0 8h26        <\/p>\n<p>Lors d\u2019une <a href=\"https:\/\/actu.fr\/provence-alpes-cote-d-azur\/saint-jean-cap-ferrat_06121\/ce-restaurant-pres-de-nice-est-le-gault-et-millau-d-or-du-guide-2025_62567166.html\" rel=\"nofollow noopener\" target=\"_blank\">c\u00e9r\u00e9monie qui s\u2019est tenue \u00e0 Nice<\/a> le lundi 28\u00a0avril 2025, les \u00e9quipes du <strong>Gault &amp; Millau<\/strong> ont salu\u00e9 des chefs pour des prix r\u00e9compensant plusieurs tables de la r\u00e9gion sud pour leur singularit\u00e9.<\/p>\n<p class=\" wall-content\">Cette c\u00e9r\u00e9monie \u00e9tait \u00e9galement l\u2019occasion de transmettre le guide culinaire 2025 du Gault &amp; Millau dans lequel on trouve les meilleurs restaurants de France et qu\u2019<a href=\"https:\/\/actu.fr\/nice\/\" rel=\"nofollow noopener\" target=\"_blank\">actu Nice<\/a> a pu consulter.<\/p>\n<p class=\" wall-content\">Voici les tables de C\u00f4te d\u2019Azur r\u00e9compens\u00e9es dans le guide pour l\u2019ann\u00e9e 2025.<\/p>\n<p>Une table d\u00e9croche les cinq toques<\/p>\n<p class=\" wall-content\">Avec cinq toques, le maximum pour un \u00e9tablissement, le Louis XV est sacr\u00e9 meilleur restaurant de la r\u00e9gion ni\u00e7oise.<\/p>\n<p>    <a href=\"https:\/\/www.google.com\/maps\/embed?pb=!1m18!1m12!1m3!1d2882.627052378038!2d7.4241553114780965!3d43.73907387097755!2m3!1f0!2f0!3f0!3m2!1i1024!2i768!4f13.1!3m3!1m2!1s0x12cdc28d76afe317%3A0x5ea44a2d84977cef!2sLe%20Louis%20XV%20-%20Alain%20Ducasse%20%C3%A0%20l%27H%C3%B4tel%20de%20Paris!5e0!3m2!1sfr!2sfr!4v1746020213277!5m2!1sfr!2sfr\" title=\"Ouvrie le lien\" rel=\"nofollow noopener\" target=\"_blank\">Cliquez ici pour visualiser le contenu<\/a><\/p>\n<p>Vid\u00e9os : en ce moment sur Actu<\/p>\n<p class=\" wall-content\">Sous l\u2019\u00e9gide de l\u2019illustre chef Alain Ducasse, la table est situ\u00e9e au sein de l\u2019h\u00f4tel de Paris <strong>\u00e0 Monaco<\/strong>.<\/p>\n<p>Des restaurants gastronomiques r\u00e9compens\u00e9s<\/p>\n<p class=\" wall-content\">Parmi les tables que les critiques ont essay\u00e9 de mettre en avant, celles qui obtiennent <strong>quatre toques<\/strong>. Et elles sont nombreuses dans le d\u00e9partement des <a href=\"https:\/\/actu.fr\/provence-alpes-cote-d-azur\/alpes-maritimes_06\" rel=\"nofollow noopener\" target=\"_blank\">Alpes-Maritimes<\/a>.<\/p>\n<ul class=\" wall-content\">\n<li>L\u2019Abysse de Yannick All\u00e9no et Yasunari Okazaki \u00e0 Monaco<\/li>\n<li>Le Mirazur de Mauro Colagreco \u00e0 Menton<\/li>\n<li>La Ch\u00e8vre d\u2019Or d\u2019Arnaud Faye \u00e0 \u00c8ze<\/li>\n<li>La Villa Archange de Bruno Oger au\u00a0Cannet<\/li>\n<li>Le Restaurant des Rois de Julien Roucheteau \u00e0 Beaulieu-sur-Mer<\/li>\n<li>Le Cap de Yoric Ti\u00e8che \u00e0 Saint-Jean-Cap-Ferrat<\/li>\n<li>Flaveur de Ga\u00ebl et Micka\u00ebl Tourteaux \u00e0 Nice<\/li>\n<\/ul>\n<p class=\" wall-content\">\u00c0 noter qu\u2019on retrouve donc un <strong>seul restaurant \u00e0 Nice<\/strong>.<\/p>\n<p class=\" wall-content\">Suivez toute l\u2019actualit\u00e9 de vos villes et m\u00e9dias favoris en vous inscrivant \u00e0 <a href=\"https:\/\/moncompte.actu.fr\" title=\"D\u00e9couvez Mon Actu\" rel=\"nofollow noopener\" data-trk=\"{&quot;cta&quot;:{&quot;action&quot;:&quot;https:\\\/\\\/moncompte.actu.fr&quot;,&quot;category&quot;:&quot;mon compte&quot;,&quot;from&quot;:&quot;article footer&quot;,&quot;name&quot;:&quot;Mon actu&quot;,&quot;type&quot;:&quot;cta&quot;}}\" target=\"_blank\">Mon Actu<\/a>.<\/p>\n","protected":false},"excerpt":{"rendered":"Par Ugo Maillard Publi\u00e9 le 1 mai 2025 \u00e0 8h26 Lors d\u2019une c\u00e9r\u00e9monie qui s\u2019est tenue \u00e0 Nice&hellip;\n","protected":false},"author":2,"featured_media":66351,"comment_status":"","ping_status":"","sticky":false,"template":"","format":"standard","meta":{"footnotes":""},"categories":[2819],"tags":[1111,11,1777,674,1011,27,1661,1305,12,2401,882,25,1340],"class_list":{"0":"post-66350","1":"post","2":"type-post","3":"status-publish","4":"format-standard","5":"has-post-thumbnail","7":"category-nice","8":"tag-actu","9":"tag-actualites","10":"tag-eu","11":"tag-europe","12":"tag-fr","13":"tag-france","14":"tag-gastronomie","15":"tag-lifestyle","16":"tag-news","17":"tag-nice","18":"tag-provence-alpes-cote-dazur","19":"tag-republique-francaise","20":"tag-restaurant"},"share_on_mastodon":{"url":"https:\/\/pubeurope.com\/@fr\/114431380899007996","error":""},"_links":{"self":[{"href":"https:\/\/www.europesays.com\/fr\/wp-json\/wp\/v2\/posts\/66350","targetHints":{"allow":["GET"]}}],"collection":[{"href":"https:\/\/www.europesays.com\/fr\/wp-json\/wp\/v2\/posts"}],"about":[{"href":"https:\/\/www.europesays.com\/fr\/wp-json\/wp\/v2\/types\/post"}],"author":[{"embeddable":true,"href":"https:\/\/www.europesays.com\/fr\/wp-json\/wp\/v2\/users\/2"}],"replies":[{"embeddable":true,"href":"https:\/\/www.europesays.com\/fr\/wp-json\/wp\/v2\/comments?post=66350"}],"version-history":[{"count":0,"href":"https:\/\/www.europesays.com\/fr\/wp-json\/wp\/v2\/posts\/66350\/revisions"}],"wp:featuredmedia":[{"embeddable":true,"href":"https:\/\/www.europesays.com\/fr\/wp-json\/wp\/v2\/media\/66351"}],"wp:attachment":[{"href":"https:\/\/www.europesays.com\/fr\/wp-json\/wp\/v2\/media?parent=66350"}],"wp:term":[{"taxonomy":"category","embeddable":true,"href":"https:\/\/www.europesays.com\/fr\/wp-json\/wp\/v2\/categories?post=66350"},{"taxonomy":"post_tag","embeddable":true,"href":"https:\/\/www.europesays.com\/fr\/wp-json\/wp\/v2\/tags?post=66350"}],"curies":[{"name":"wp","href":"https:\/\/api.w.org\/{rel}","templated":true}]}}