{"id":663500,"date":"2026-01-14T18:17:12","date_gmt":"2026-01-14T18:17:12","guid":{"rendered":"https:\/\/www.europesays.com\/fr\/663500\/"},"modified":"2026-01-14T18:17:12","modified_gmt":"2026-01-14T18:17:12","slug":"municipales-a-paris-hidalgo-fait-ses-adieux-a-lhotel-de-ville-sans-un-mot-sur-la-campagne-de-gregoire","status":"publish","type":"post","link":"https:\/\/www.europesays.com\/fr\/663500\/","title":{"rendered":"Municipales \u00e0 Paris: Hidalgo fait ses adieux \u00e0 l&rsquo;H\u00f4tel de ville sans un mot sur la campagne de Gr\u00e9goire"},"content":{"rendered":"<p class=\"mb-4 text-lg md:leading-8 break-words\">La maire socialiste sortante de Paris Anne Hidalgo a\u00a0dress\u00e9 mercredi lors de sa c\u00e9r\u00e9monie de voeux le bilan de ses deux mandats, sans \u00e9voquer la campagne de son ancien dauphin, Emmanuel Gr\u00e9goire, candidat \u00e0 sa succession \u00e0 l&rsquo;H\u00f4tel de ville.<\/p>\n<p class=\"mb-4 text-lg md:leading-8 break-words\">\u00ab\u00a0En 2026, les Parisiens auront \u00e0 faire un choix qui engage l\u2019avenir de notre ville. Ce qui est en jeu, ce n&rsquo;est pas une alternance ou une succession. C&rsquo;est d\u2019abord une vision de Paris et un rapport \u00e0 Paris\u00a0\u00bb, a d\u00e9clar\u00e9 l&rsquo;\u00e9dile devant les \u00e9lus de la capitale et de la m\u00e9tropole.<\/p>\n<p class=\"mb-4 text-lg md:leading-8 break-words\">\u00ab\u00a0Paris doit rester une ville de gauche. Les Parisiens ont v\u00e9cu durant ces douze ann\u00e9es de mandat dans une ville progressiste dont on peut \u00eatre fier et j&rsquo;esp\u00e8re qu&rsquo;ils continueront \u00e0 voter pour l&rsquo;\u00e9cologie, pour la solidarit\u00e9\u00a0\u00bb, a-t-elle dit aux journalistes.<\/p>\n<p class=\"mb-4 text-lg md:leading-8 break-words\">Elle a mis en garde contre le \u00ab\u00a0danger pour Paris\u00a0\u00bb que repr\u00e9sente selon elle la candidate de droite Rachida Dati, \u00ab\u00a0capable de faire l&rsquo;union avec l&rsquo;extr\u00eame droite, et qui par ailleurs aura un proc\u00e8s en septembre apr\u00e8s les \u00e9lections\u00a0\u00bb.<\/p>\n<p class=\"mb-4 text-lg md:leading-8 break-words\">Anne Hidalgo n&rsquo;a jamais prononc\u00e9 le nom de son ancien premier adjoint, Emmanuel Gr\u00e9goire, avec lequel elle est en froid. Il a remport\u00e9 en juin 2025 la primaire socialiste face \u00e0 R\u00e9mi F\u00e9raud, le candidat que la maire avait d\u00e9sign\u00e9 pour prendre sa rel\u00e8ve.<\/p>\n<p class=\"mb-4 text-lg md:leading-8 break-words\">Emmanuel Gr\u00e9goire, candidat de la gauche unie hors LFI aux municipales des 15 et 22 mars, tient son premier meeting de campagne ce mercredi soir.<\/p>\n<p class=\"mb-4 text-lg md:leading-8 break-words\">\u00ab\u00a0Je suis tenue \u00e0 une r\u00e9serve, je ne vais pas embarquer la mairie de Paris dans un discours de voeux qui serait un discours \u00e9lectoral, \u00e7a n&rsquo;est ni le lieu ni le moment\u00a0\u00bb, a justifi\u00e9 la maire qui quittera ses fonctions en mars.<\/p>\n<p class=\"mb-4 text-lg md:leading-8 break-words\">La premi\u00e8re femme maire de Paris, 66 ans, qui a succ\u00e9d\u00e9 \u00e0 Bertrand Delano\u00eb en 2014, est revenue sur ses douze ann\u00e9es de mandat durant lesquelles elle n&rsquo;a \u00ab\u00a0\u00e0 aucun moment dirig\u00e9 dans le confort\u00a0\u00bb.<\/p>\n<p class=\"mb-4 text-lg md:leading-8 break-words\">Elle rappel\u00e9 les \u00ab\u00a0coups\u00a0\u00bb qu&rsquo;elle a pris en d\u00e9fendant son choix de \u00ab\u00a0sortir du tout voiture\u00a0\u00bb et d&rsquo;adapter la ville au changement climatique, citant la \u00ab\u00a0r\u00e9volution du v\u00e9lo\u00a0\u00bb, la pi\u00e9tonnisation des berges de la Seine, les terrasses \u00e9ph\u00e9m\u00e8res, le d\u00e9ploiement des rues aux enfants et la baisse de la vitesse sur le p\u00e9riph\u00e9rique \u00e0 50 km\/heure.<\/p>\n<p class=\"mb-4 text-lg md:leading-8 break-words\">En pleine crise du secteur p\u00e9riscolaire, \u00e9clabouss\u00e9 par une s\u00e9rie d&rsquo;enqu\u00eates et de signalements pour violences sexuelles, Anne Hidalgo a assur\u00e9 que \u00ab\u00a0toutes les responsabilit\u00e9s seront \u00e9tablies\u00a0\u00bb, mettant en avant le plan d&rsquo;action pr\u00e9sent\u00e9 \u00e0 l&rsquo;automne par son premier adjoint, Patrick Bloche.<\/p>\n<p class=\"mb-4 text-lg md:leading-8 break-words\">juc\/hdu\/mat\/swi<\/p>\n","protected":false},"excerpt":{"rendered":"La maire socialiste sortante de Paris Anne Hidalgo a\u00a0dress\u00e9 mercredi lors de sa c\u00e9r\u00e9monie de voeux le bilan&hellip;\n","protected":false},"author":2,"featured_media":663501,"comment_status":"","ping_status":"","sticky":false,"template":"","format":"standard","meta":{"footnotes":""},"categories":[1888],"tags":[1111,1928,11,1927,2618,8186,1777,674,1011,27,76467,12258,2381,12,1926,626,1925,25],"class_list":{"0":"post-663500","1":"post","2":"type-post","3":"status-publish","4":"format-standard","5":"has-post-thumbnail","7":"category-paris","8":"tag-actu","9":"tag-actu-paris","10":"tag-actualites","11":"tag-actualites-paris","12":"tag-anne-hidalgo","13":"tag-emmanuel-gregoire","14":"tag-eu","15":"tag-europe","16":"tag-fr","17":"tag-france","18":"tag-l39hotel-de-ville-de-paris","19":"tag-maire-de-paris","20":"tag-mairie-de-paris","21":"tag-news","22":"tag-news-paris","23":"tag-paris","24":"tag-paris-news","25":"tag-republique-francaise"},"share_on_mastodon":{"url":"https:\/\/pubeurope.com\/@fr\/115894828619327625","error":""},"_links":{"self":[{"href":"https:\/\/www.europesays.com\/fr\/wp-json\/wp\/v2\/posts\/663500","targetHints":{"allow":["GET"]}}],"collection":[{"href":"https:\/\/www.europesays.com\/fr\/wp-json\/wp\/v2\/posts"}],"about":[{"href":"https:\/\/www.europesays.com\/fr\/wp-json\/wp\/v2\/types\/post"}],"author":[{"embeddable":true,"href":"https:\/\/www.europesays.com\/fr\/wp-json\/wp\/v2\/users\/2"}],"replies":[{"embeddable":true,"href":"https:\/\/www.europesays.com\/fr\/wp-json\/wp\/v2\/comments?post=663500"}],"version-history":[{"count":0,"href":"https:\/\/www.europesays.com\/fr\/wp-json\/wp\/v2\/posts\/663500\/revisions"}],"wp:featuredmedia":[{"embeddable":true,"href":"https:\/\/www.europesays.com\/fr\/wp-json\/wp\/v2\/media\/663501"}],"wp:attachment":[{"href":"https:\/\/www.europesays.com\/fr\/wp-json\/wp\/v2\/media?parent=663500"}],"wp:term":[{"taxonomy":"category","embeddable":true,"href":"https:\/\/www.europesays.com\/fr\/wp-json\/wp\/v2\/categories?post=663500"},{"taxonomy":"post_tag","embeddable":true,"href":"https:\/\/www.europesays.com\/fr\/wp-json\/wp\/v2\/tags?post=663500"}],"curies":[{"name":"wp","href":"https:\/\/api.w.org\/{rel}","templated":true}]}}