{"id":663504,"date":"2026-01-14T18:19:20","date_gmt":"2026-01-14T18:19:20","guid":{"rendered":"https:\/\/www.europesays.com\/fr\/663504\/"},"modified":"2026-01-14T18:19:20","modified_gmt":"2026-01-14T18:19:20","slug":"municipales-a-paris-mal-embarque-et-devance-par-sarah-knafo-thierry-mariani-inquiete-le-rn","status":"publish","type":"post","link":"https:\/\/www.europesays.com\/fr\/663504\/","title":{"rendered":"Municipales \u00e0 Paris : mal embarqu\u00e9 et devanc\u00e9 par Sarah Knafo, Thierry Mariani inqui\u00e8te le RN"},"content":{"rendered":"<p>                Les faits &#8211;<\/p>\n<p>Selon un sondage Ifop pour l\u2019Opinion et Sud Radio r\u00e9v\u00e9l\u00e9 samedi, le candidat RN \u00e0 la mairie de Paris, Thierry Mariani, est cr\u00e9dit\u00e9 de 7\u202f% des intentions de vote, et de 5\u202f% dans un sondage Elabe et Berger-Levrault pour BFM TV et La Tribune Dimanche. Dans les deux cas, il est devanc\u00e9 par la candidate Reconqu\u00eate.<\/p>\n<p>Un vent de revanche souffle sur Paris. Apr\u00e8s une s\u00e9rie de d\u00e9faites \u00e9lectorales, la riposte tant esp\u00e9r\u00e9e de Reconqu\u00eate sur son grand rival du Rassemblement National pourrait bien se jouer \u00e0 Paris, sous les feux des projecteurs. L\u2019affaire est entendue : <a class=\"Link \" href=\"https:\/\/www.lopinion.fr\/politique\/municipales-a-paris-pourquoi-la-candidature-de-sarah-knafo-inquiete-a-droite\" data-cms-ai=\"0\" target=\"_blank\" rel=\"noopener\"> Sarah Knafo veut briller.<\/a> Alors que l\u2019unique parlementaire europ\u00e9enne du parti d\u2019Eric Zemmour faisait jeu \u00e9gal dans les sondages en vue des municipales avec le candidat RN Thierry Mariani, l\u2019\u00e9cart s\u2019est brutalement creus\u00e9 dimanche. Une enqu\u00eate Elabe la cr\u00e9dite de 9\u202f%, aux portes du second tour, quand l\u2019eurod\u00e9put\u00e9 lep\u00e9niste chute \u00e0 5\u202f%.<\/p>\n","protected":false},"excerpt":{"rendered":"Les faits &#8211; Selon un sondage Ifop pour l\u2019Opinion et Sud Radio r\u00e9v\u00e9l\u00e9 samedi, le candidat RN \u00e0&hellip;\n","protected":false},"author":2,"featured_media":663505,"comment_status":"","ping_status":"","sticky":false,"template":"","format":"standard","meta":{"footnotes":""},"categories":[1888],"tags":[11,1777,674,1011,27,12,626,25],"class_list":{"0":"post-663504","1":"post","2":"type-post","3":"status-publish","4":"format-standard","5":"has-post-thumbnail","7":"category-paris","8":"tag-actualites","9":"tag-eu","10":"tag-europe","11":"tag-fr","12":"tag-france","13":"tag-news","14":"tag-paris","15":"tag-republique-francaise"},"share_on_mastodon":{"url":"https:\/\/pubeurope.com\/@fr\/115894836526676508","error":""},"_links":{"self":[{"href":"https:\/\/www.europesays.com\/fr\/wp-json\/wp\/v2\/posts\/663504","targetHints":{"allow":["GET"]}}],"collection":[{"href":"https:\/\/www.europesays.com\/fr\/wp-json\/wp\/v2\/posts"}],"about":[{"href":"https:\/\/www.europesays.com\/fr\/wp-json\/wp\/v2\/types\/post"}],"author":[{"embeddable":true,"href":"https:\/\/www.europesays.com\/fr\/wp-json\/wp\/v2\/users\/2"}],"replies":[{"embeddable":true,"href":"https:\/\/www.europesays.com\/fr\/wp-json\/wp\/v2\/comments?post=663504"}],"version-history":[{"count":0,"href":"https:\/\/www.europesays.com\/fr\/wp-json\/wp\/v2\/posts\/663504\/revisions"}],"wp:featuredmedia":[{"embeddable":true,"href":"https:\/\/www.europesays.com\/fr\/wp-json\/wp\/v2\/media\/663505"}],"wp:attachment":[{"href":"https:\/\/www.europesays.com\/fr\/wp-json\/wp\/v2\/media?parent=663504"}],"wp:term":[{"taxonomy":"category","embeddable":true,"href":"https:\/\/www.europesays.com\/fr\/wp-json\/wp\/v2\/categories?post=663504"},{"taxonomy":"post_tag","embeddable":true,"href":"https:\/\/www.europesays.com\/fr\/wp-json\/wp\/v2\/tags?post=663504"}],"curies":[{"name":"wp","href":"https:\/\/api.w.org\/{rel}","templated":true}]}}