{"id":663514,"date":"2026-01-14T18:24:16","date_gmt":"2026-01-14T18:24:16","guid":{"rendered":"https:\/\/www.europesays.com\/fr\/663514\/"},"modified":"2026-01-14T18:24:16","modified_gmt":"2026-01-14T18:24:16","slug":"lallemagne-et-la-suede-pretes-a-gacher-le-duel-france-norvege-sports-infos-ski","status":"publish","type":"post","link":"https:\/\/www.europesays.com\/fr\/663514\/","title":{"rendered":"L&rsquo;Allemagne et la Su\u00e8de pr\u00eates \u00e0 gacher le duel France-Norv\u00e8ge ? &#8211; Sports Infos &#8211; Ski"},"content":{"rendered":"<p>Ce jeudi \u00e0 14h30, la Chiemgau Arena de Ruhpolding sera le th\u00e9\u00e2tre de la derni\u00e8re grande r\u00e9p\u00e9tition g\u00e9n\u00e9rale avant les Jeux Olympiques de Milan-Cortina.<\/p>\n<p>Pas de surprise au sein des compositions Fran\u00e7aises et Norv\u00e9giennes (Botn est absent pour cause de maladie), qui alignent le meilleur quatuor possible.<\/p>\n<p>Face aux deux \u00e9quipes favorites, il faudra se m\u00e9fier de l&rsquo;Allemagne, devant ses fans, et de la Su\u00e8de, toujours ultra rapides, mais souvent impr\u00e9cises.<\/p>\n<p>A Ruhpolding, plus qu&rsquo;ailleurs, Samuelsson et les siens n&rsquo;auront gu\u00e8re le droit \u00e0 l&rsquo;erreur.<\/p>\n<p>On notera aussi l&rsquo;absence de <strong>Tommaso Giacomel, <\/strong>le leader de la coupe du monde, qui se m\u00e9nage pour les courses individuelles.<\/p>\n<p>\ud83c\uddeb\ud83c\uddf7 France\u00a0Fabien Claude<br \/>&#13;<br \/>\nEmilien Jacquelin<br \/>&#13;<br \/>\nQuentin Fillon Maillet<br \/>&#13;<br \/>\nEric Perrot\u00a0<\/p>\n<p>\ud83c\uddf3\ud83c\uddf4 NORV\u00c8GE\u00a0Johannes Dale-Skjevdal<br \/>&#13;<br \/>\nSturla Holm Laegreid<br \/>&#13;<br \/>\nMartin Uldal<br \/>&#13;<br \/>\nVetle Sjaastad Christiansen\u00a0<\/p>\n<p><a href=\"https:\/\/ibu.blob.core.windows.net\/docs\/2526\/BT\/SWRL\/CP05\/SMRL\/C51B2_v1.pdf\" target=\"_blank\" rel=\"noopener\">La liste de d\u00e9part compl\u00e8te ici<\/a><\/p>\n","protected":false},"excerpt":{"rendered":"Ce jeudi \u00e0 14h30, la Chiemgau Arena de Ruhpolding sera le th\u00e9\u00e2tre de la derni\u00e8re grande r\u00e9p\u00e9tition g\u00e9n\u00e9rale&hellip;\n","protected":false},"author":2,"featured_media":663515,"comment_status":"","ping_status":"","sticky":false,"template":"","format":"standard","meta":{"footnotes":""},"categories":[1587],"tags":[11,672,4130,1804,2511,1805,3474,1803,1777,674,7683,1801,76468,69075,36868,52999,12,7193,73489,471,65585,9702,1802,76469,67437,22901],"class_list":{"0":"post-663514","1":"post","2":"type-post","3":"status-publish","4":"format-standard","5":"has-post-thumbnail","7":"category-allemagne","8":"tag-actualites","9":"tag-allemagne","10":"tag-biathlon","11":"tag-bundesrepublik-deutschland","12":"tag-cest","13":"tag-de","14":"tag-decouvrez","15":"tag-deutschland","16":"tag-eu","17":"tag-europe","18":"tag-gagner","19":"tag-germany","20":"tag-lerelais","21":"tag-list","22":"tag-nations","23":"tag-necessaire","24":"tag-news","25":"tag-nouveaute","26":"tag-possedent","27":"tag-pour","28":"tag-profondeur","29":"tag-quatre","30":"tag-republique-federale-dallemagne","31":"tag-ruhpolding","32":"tag-seules","33":"tag-start"},"share_on_mastodon":{"url":"https:\/\/pubeurope.com\/@fr\/115894856220755536","error":""},"_links":{"self":[{"href":"https:\/\/www.europesays.com\/fr\/wp-json\/wp\/v2\/posts\/663514","targetHints":{"allow":["GET"]}}],"collection":[{"href":"https:\/\/www.europesays.com\/fr\/wp-json\/wp\/v2\/posts"}],"about":[{"href":"https:\/\/www.europesays.com\/fr\/wp-json\/wp\/v2\/types\/post"}],"author":[{"embeddable":true,"href":"https:\/\/www.europesays.com\/fr\/wp-json\/wp\/v2\/users\/2"}],"replies":[{"embeddable":true,"href":"https:\/\/www.europesays.com\/fr\/wp-json\/wp\/v2\/comments?post=663514"}],"version-history":[{"count":0,"href":"https:\/\/www.europesays.com\/fr\/wp-json\/wp\/v2\/posts\/663514\/revisions"}],"wp:featuredmedia":[{"embeddable":true,"href":"https:\/\/www.europesays.com\/fr\/wp-json\/wp\/v2\/media\/663515"}],"wp:attachment":[{"href":"https:\/\/www.europesays.com\/fr\/wp-json\/wp\/v2\/media?parent=663514"}],"wp:term":[{"taxonomy":"category","embeddable":true,"href":"https:\/\/www.europesays.com\/fr\/wp-json\/wp\/v2\/categories?post=663514"},{"taxonomy":"post_tag","embeddable":true,"href":"https:\/\/www.europesays.com\/fr\/wp-json\/wp\/v2\/tags?post=663514"}],"curies":[{"name":"wp","href":"https:\/\/api.w.org\/{rel}","templated":true}]}}