{"id":663537,"date":"2026-01-14T18:39:11","date_gmt":"2026-01-14T18:39:11","guid":{"rendered":"https:\/\/www.europesays.com\/fr\/663537\/"},"modified":"2026-01-14T18:39:11","modified_gmt":"2026-01-14T18:39:11","slug":"emilia-clarke-ne-veut-plus-jouer-dans-des-projets-de-fantasy-depuis-game-of-thrones","status":"publish","type":"post","link":"https:\/\/www.europesays.com\/fr\/663537\/","title":{"rendered":"Emilia Clarke ne veut plus jouer dans des projets de fantasy depuis \u00ab\u00a0Game of Thrones\u00a0\u00bb"},"content":{"rendered":"<p>Emilia Clarke a fait le tour de la fantasy. L\u2019actrice britannique a jou\u00e9 l\u2019un des personnages principaux de la s\u00e9rie m\u00e9di\u00e9val-fantastique <a href=\"https:\/\/www.20minutes.fr\/arts-stars\/serie\/3314271-20220623-emilia-clarke-beaucoup-choses-dire-spin-off-game-of-thrones-consacre-jon-snow\" target=\"_blank\" class=\"c-link c-link--is-underlined\" rel=\"noopener\">Game of Thrones<\/a> de\u00a02011 \u00e0\u00a02019. \u00c0 l\u2019issue de l\u2019ultime saison du show en mai\u00a02019, elle a fait ses adieux, en m\u00eame temps que le public, \u00e0 son personnage de Daenerys Targaryen, tu\u00e9e par son amant et neveu, Jon Snow, apr\u00e8s avoir r\u00e9duit en cendres la capitale du royaume de Westeros et ses habitants.<\/p>\n<p>Un sort qui n\u2019a pas laiss\u00e9 les t\u00e9l\u00e9spectateurs indiff\u00e9rents, mais qui a \u00e9galement marqu\u00e9 la fin de ce genre dans la carri\u00e8re d\u2019Emilia Clarke. \u00ab\u00a0Il est tr\u00e8s peu probable que vous me voyiez monter sur un dragon, ou m\u00eame appara\u00eetre dans le m\u00eame cadre qu\u2019un dragon \u00e0 l\u2019avenir\u00a0\u00bb, a confi\u00e9 au <a href=\"https:\/\/www.nytimes.com\/2026\/01\/13\/arts\/television\/emilia-clarke-ponies.html\" rel=\"nofollow noopener\" target=\"_blank\" class=\"c-link c-link--is-underlined\">New York Times<\/a> la com\u00e9dienne.<\/p>\n<p>Des int\u00e9r\u00eats diff\u00e9rents<\/p>\n<p>Une d\u00e9cision renforc\u00e9e par une p\u00e9riode de r\u00e9flexion pendant la pand\u00e9mie de Covid-19, survenue quelques mois apr\u00e8s la fin de la s\u00e9rie. \u00ab\u00a0C\u2019\u00e9tait la premi\u00e8re fois de ma vie professionnelle que je m\u2019arr\u00eatais\u00a0\u00bb, a soulign\u00e9 <a href=\"https:\/\/www.20minutes.fr\/arts-stars\/people\/2997059-20210314-emilia-clarke-choquee-conseille-faire-botox-fillers\" target=\"_blank\" class=\"c-link c-link--is-underlined\" rel=\"noopener\">l\u2019actrice de 39 ans<\/a>, qui a int\u00e9gr\u00e9 le casting de Game of Thrones \u00e0 24 ans. \u00ab\u00a0J\u2019ai fait une d\u00e9pression nerveuse. C\u2019\u00e9tait presque comme si le timing de la pand\u00e9mie \u00e9tait tomb\u00e9 \u00e0 pic.\u00a0\u00bb<\/p>\n<p>La star de Me Before You a alors r\u00e9alis\u00e9 qu\u2019elle pouvait d\u00e9sormais \u00ab\u00a0essayer d\u2019\u00eatre plus autonome sur (s) es choix, (s) on travail\u00a0\u00bb.<\/p>\n<p>\u00ab\u00a0Une grande partie de ma carri\u00e8re ne refl\u00e9tait pas mes go\u00fbts, j\u2019ai en quelque sorte \u00e9t\u00e9 propuls\u00e9e comme un boulet de canon\u00a0\u00bb, a-t-elle confi\u00e9.<\/p>\n<p>Ainsi, depuis la fin de Game of Thrones, Emilia Clarke s\u2019est davantage distingu\u00e9e dans des thrillers et des com\u00e9dies romantiques, comme <a href=\"https:\/\/www.20minutes.fr\/arts-stars\/cinema\/2657699-20191128-video-last-christmas-emilia-clarke-oublie-game-of-thrones-bras-bogosse\" target=\"_blank\" class=\"c-link c-link--is-underlined\" rel=\"noopener\">Last Christmas<\/a> et la nouvelle s\u00e9rie de Peacock, Ponies.<\/p>\n","protected":false},"excerpt":{"rendered":"Emilia Clarke a fait le tour de la fantasy. L\u2019actrice britannique a jou\u00e9 l\u2019un des personnages principaux de&hellip;\n","protected":false},"author":2,"featured_media":663538,"comment_status":"","ping_status":"","sticky":false,"template":"","format":"standard","meta":{"footnotes":""},"categories":[1359],"tags":[58,75901,59,19321,1011,27,34478,973,521,133],"class_list":{"0":"post-663537","1":"post","2":"type-post","3":"status-publish","4":"format-standard","5":"has-post-thumbnail","7":"category-people","8":"tag-divertissement","9":"tag-emilia-clarke","10":"tag-entertainment","11":"tag-fantasy","12":"tag-fr","13":"tag-france","14":"tag-game-of-thrones","15":"tag-people","16":"tag-serie","17":"tag-video"},"share_on_mastodon":{"url":"https:\/\/pubeurope.com\/@fr\/115894915197891869","error":""},"_links":{"self":[{"href":"https:\/\/www.europesays.com\/fr\/wp-json\/wp\/v2\/posts\/663537","targetHints":{"allow":["GET"]}}],"collection":[{"href":"https:\/\/www.europesays.com\/fr\/wp-json\/wp\/v2\/posts"}],"about":[{"href":"https:\/\/www.europesays.com\/fr\/wp-json\/wp\/v2\/types\/post"}],"author":[{"embeddable":true,"href":"https:\/\/www.europesays.com\/fr\/wp-json\/wp\/v2\/users\/2"}],"replies":[{"embeddable":true,"href":"https:\/\/www.europesays.com\/fr\/wp-json\/wp\/v2\/comments?post=663537"}],"version-history":[{"count":0,"href":"https:\/\/www.europesays.com\/fr\/wp-json\/wp\/v2\/posts\/663537\/revisions"}],"wp:featuredmedia":[{"embeddable":true,"href":"https:\/\/www.europesays.com\/fr\/wp-json\/wp\/v2\/media\/663538"}],"wp:attachment":[{"href":"https:\/\/www.europesays.com\/fr\/wp-json\/wp\/v2\/media?parent=663537"}],"wp:term":[{"taxonomy":"category","embeddable":true,"href":"https:\/\/www.europesays.com\/fr\/wp-json\/wp\/v2\/categories?post=663537"},{"taxonomy":"post_tag","embeddable":true,"href":"https:\/\/www.europesays.com\/fr\/wp-json\/wp\/v2\/tags?post=663537"}],"curies":[{"name":"wp","href":"https:\/\/api.w.org\/{rel}","templated":true}]}}