{"id":663539,"date":"2026-01-14T18:40:14","date_gmt":"2026-01-14T18:40:14","guid":{"rendered":"https:\/\/www.europesays.com\/fr\/663539\/"},"modified":"2026-01-14T18:40:14","modified_gmt":"2026-01-14T18:40:14","slug":"greve-probleme-de-gouvernance-mission-de-jost-annulee-le-louvre-senlise-dans-la-crise","status":"publish","type":"post","link":"https:\/\/www.europesays.com\/fr\/663539\/","title":{"rendered":"Gr\u00e8ve, \u00ab\u00a0probl\u00e8me de gouvernance\u00a0\u00bb, mission de Jost annul\u00e9e&#8230; Le Louvre s\u2019enlise dans la crise"},"content":{"rendered":"<p>\n    <strong>D\u00c9CRYPTAGE <\/strong>&#8211; Alors que les organisations syndicales doivent d\u00e9cider de la suite du mouvement social, la ministre de la Culture laisse entendre qu\u2019elle cherche \u00e0 remplacer Laurence des Cars \u00e0 la t\u00eate du mus\u00e9e.<\/p>\n<p class=\"fig-paragraph\">Ni sifflets, ni banderoles. Contre toute attente, mardi 13\u00a0janvier, les v\u0153ux au personnel de\u00a0<a href=\"http:\/\/www.lefigaro.fr\/culture\/patrimoine\/vol-au-louvre-rapport-accablant-greve-deux-mois-de-descente-aux-enfers-pour-laurence-des-cars-20251217\" data-fig-type=\"Article\" data-gtm-custom-categorie=\"navigation\" data-gtm-custom-action=\"crossclick\" data-gtm-custom-label=\"Contextuel\" data-gtm-event=\"customEventSPE\" data-fig-domain=\"LEFIGARO\" target=\"_blank\" rel=\"noopener\">Laurence des\u00a0Cars<\/a>, pr\u00e9sidente du\u00a0<a href=\"http:\/\/www.lefigaro.fr\/actualite-france\/dossier\/vol-au-louvre-notre-dossier-pour-tout-comprendre\" data-fig-type=\"Topic\" data-gtm-custom-categorie=\"navigation\" data-gtm-custom-action=\"crossclick\" data-gtm-custom-label=\"Contextuel\" data-gtm-event=\"customEventSPE\" data-fig-domain=\"LEFIGARO\" target=\"_blank\" rel=\"noopener\">Louvre<\/a>, se sont d\u00e9roul\u00e9s dans un climat serein. La veille, pourtant, l\u2019intersyndicale avait une nouvelle fois r\u00e9ussi \u00e0 faire fermer le mus\u00e9e, et chacun s\u2019attendait \u00e0 une prise de parole syndicale, voire \u00e0 des cornes de brume. \u00ab\u00a0Laurence des\u00a0Cars est mont\u00e9e sur la sc\u00e8ne de l\u2019auditorium, entour\u00e9e d\u2019une vingtaine de directeurs. Elle a prononc\u00e9 un court discours, puis a \u00e9t\u00e9 applaudie. Apr\u00e8s quoi, une galette des rois a rassembl\u00e9 tout le monde\u00a0\u00bb, t\u00e9moigne un salari\u00e9.<\/p>\n<p class=\"fig-paragraph\">Mais au moment m\u00eame o\u00f9 Laurence des\u00a0Cars faisait front devant ses troupes,\u00a0<a href=\"http:\/\/www.lefigaro.fr\/politique\/municipales-a-paris-la-strategie-de-rachida-dati-face-a-ses-rivaux-de-reconquete-et-horizons-20260110\" data-fig-type=\"Article\" data-gtm-custom-categorie=\"navigation\" data-gtm-custom-action=\"crossclick\" data-gtm-custom-label=\"Contextuel\" data-gtm-event=\"customEventSPE\" data-fig-domain=\"LEFIGARO\" target=\"_blank\" rel=\"noopener\">Rachida Dati,<\/a>\u00a0elle, jouait une autre musique, sur Europe\u00a01. Il y a \u00ab\u00a0un probl\u00e8me de gouvernance\u00a0\u00bb \u00e0 la t\u00eate du Louvre, a lanc\u00e9 la ministre. Si bien, a-t-elle ajout\u00e9, que \u00ab\u00a0nous allons prendre nos responsabilit\u00e9s tr\u00e8s prochainement\u00a0\u00bb. Rachida Dati n\u2019a pas donn\u00e9 plus de pr\u00e9cisions sur ce qu\u2019elle entendait par l\u00e0.<\/p>\n<p class=\"fig-body-link\">\n            \u00c0 lire aussi<br \/>\n        <a class=\"fig-body-link__link fig-premium-mark\" href=\"http:\/\/www.lefigaro.fr\/culture\/laurence-des-cars-j-aurais-voulu-aller-plus-vite-sur-la-securite-20251217\" data-fig-type=\"Article\" data-gtm-custom-categorie=\"navigation\" data-gtm-custom-action=\"crossclick\" data-gtm-custom-label=\"Contextuel\" data-gtm-event=\"customEventSPE\" data-fig-domain=\"LEFIGARO\" target=\"_blank\" rel=\"noopener\"><\/p>\n<p>        \u00abJ\u2019aurais voulu aller plus vite sur la s\u00e9curit\u00e9\u00bb\u00a0: Laurence des Cars sto\u00efque lors de son audition par la commission culture du S\u00e9nat<br \/>\n    <\/a>\n<\/p>\n<p class=\"fig-paragraph\">Pour un\u2026<\/p>\n<p class=\"fig-premium-paywall__infos\">\n        Cet article est r\u00e9serv\u00e9 aux abonn\u00e9s.        Il vous reste 83% \u00e0 d\u00e9couvrir.\n    <\/p>\n<p>                <img  data- alt=\"Le Figaro\" class=\"fig-img--complete fig-img\"\/><\/p>\n<p class=\"fig-premium-paywall__title\">Le Figaro c\u00e9l\u00e8bre ses 200 ans<\/p>\n<p class=\"fig-premium-paywall__subtitle\">Offre anniversaire : 2\u20ac\/mois pendant 200 semaines<\/p>\n<p class=\"fig-premium-paywall__connect\">\n                D\u00e9j\u00e0 abonn\u00e9\u00a0?                <a class=\"fig-premium-paywall__connect-link\" href=\"https:\/\/connect.lefigaro.fr\/login?client=horizon_web&amp;type=main&amp;redirect_uri=https%3A%2F%2Fwww.lefigaro.fr%2Fculture%2Fpatrimoine%2Fgreve-probleme-de-gouvernance-mission-de-jost-annulee-le-louvre-ne-sort-pas-de-la-tourmente-20260114\" data-js-gtm=\"{&quot;customCategorie&quot;: &quot;conversion&quot;, &quot;customAction&quot;: &quot;before_Landing_Connexion_paywall_auto&quot;, &quot;customLabel&quot;: &quot;bGVmaWdhcm8uZnJfXzFmMGYwNjNjLTQwNjEtNjczYy04YWVmLWMxNDFmZGE3NThlOF9fQXJ0aWNsZQ==_Gr\u00e8ve, \u00ab\u00a0probl\u00e8me de gouvernance\u00a0\u00bb, mission de Jost annul\u00e9e... Le Louvre s\u2019enlise dans la crise_6&quot;, &quot;customIDSPE&quot;: &quot;bGVmaWdhcm8uZnJfXzFmMGYwNjNjLTQwNjEtNjczYy04YWVmLWMxNDFmZGE3NThlOF9fQXJ0aWNsZQ==&quot;, &quot;event&quot;: &quot;customEventSPE&quot;}\" target=\"_blank\" rel=\"noopener\"><br \/>\n                    Connectez-vous<br \/>\n                <\/a>\n            <\/p>\n","protected":false},"excerpt":{"rendered":"D\u00c9CRYPTAGE &#8211; Alors que les organisations syndicales doivent d\u00e9cider de la suite du mouvement social, la ministre de&hellip;\n","protected":false},"author":2,"featured_media":663540,"comment_status":"","ping_status":"","sticky":false,"template":"","format":"standard","meta":{"footnotes":""},"categories":[1358],"tags":[1348,1384,1385,1386,58,59,1011,27,49532,11274,417],"class_list":{"0":"post-663539","1":"post","2":"type-post","3":"status-publish","4":"format-standard","5":"has-post-thumbnail","7":"category-arts-et-design","8":"tag-arts","9":"tag-arts-and-design","10":"tag-arts-et-design","11":"tag-design","12":"tag-divertissement","13":"tag-entertainment","14":"tag-fr","15":"tag-france","16":"tag-laurence-des-cars","17":"tag-louvre","18":"tag-rachida-dati"},"share_on_mastodon":{"url":"https:\/\/pubeurope.com\/@fr\/115894918992124924","error":""},"_links":{"self":[{"href":"https:\/\/www.europesays.com\/fr\/wp-json\/wp\/v2\/posts\/663539","targetHints":{"allow":["GET"]}}],"collection":[{"href":"https:\/\/www.europesays.com\/fr\/wp-json\/wp\/v2\/posts"}],"about":[{"href":"https:\/\/www.europesays.com\/fr\/wp-json\/wp\/v2\/types\/post"}],"author":[{"embeddable":true,"href":"https:\/\/www.europesays.com\/fr\/wp-json\/wp\/v2\/users\/2"}],"replies":[{"embeddable":true,"href":"https:\/\/www.europesays.com\/fr\/wp-json\/wp\/v2\/comments?post=663539"}],"version-history":[{"count":0,"href":"https:\/\/www.europesays.com\/fr\/wp-json\/wp\/v2\/posts\/663539\/revisions"}],"wp:featuredmedia":[{"embeddable":true,"href":"https:\/\/www.europesays.com\/fr\/wp-json\/wp\/v2\/media\/663540"}],"wp:attachment":[{"href":"https:\/\/www.europesays.com\/fr\/wp-json\/wp\/v2\/media?parent=663539"}],"wp:term":[{"taxonomy":"category","embeddable":true,"href":"https:\/\/www.europesays.com\/fr\/wp-json\/wp\/v2\/categories?post=663539"},{"taxonomy":"post_tag","embeddable":true,"href":"https:\/\/www.europesays.com\/fr\/wp-json\/wp\/v2\/tags?post=663539"}],"curies":[{"name":"wp","href":"https:\/\/api.w.org\/{rel}","templated":true}]}}