{"id":663541,"date":"2026-01-14T18:42:10","date_gmt":"2026-01-14T18:42:10","guid":{"rendered":"https:\/\/www.europesays.com\/fr\/663541\/"},"modified":"2026-01-14T18:42:10","modified_gmt":"2026-01-14T18:42:10","slug":"danse-avec-les-stars-ce-chroniqueur-de-tbt9-a-refuse-de-participer-a-lemission-sous-les-conseils-de-cyril-hanouna","status":"publish","type":"post","link":"https:\/\/www.europesays.com\/fr\/663541\/","title":{"rendered":"Danse avec les Stars\u00a0: ce chroniqueur de TBT9 a refus\u00e9 de participer \u00e0 l\u2019\u00e9mission sous les conseils de Cyril Hanouna"},"content":{"rendered":"<p>\n                                                                Le 9\u00a0janvier dernier, Matthieu Delormeau a r\u00e9v\u00e9l\u00e9 sur le plateau de TBT9\u00a0qu\u2019il avait refus\u00e9 de rejoindre le casting de DALS saison 7.\n                            <\/p>\n<p>\u00c0 une semaine du lancement de la nouvelle saison de Danse avec les stars, <a href=\"https:\/\/www.midilibre.fr\/2026\/01\/09\/danse-avec-les-stars-une-douzieme-celebrite-fera-partie-de-la-competition-decouvrez-le-casting-complet-de-la-nouvelle-saison-13152107.php\" target=\"_blank\" rel=\"noopener\">le casting des 12 candidats a \u00e9t\u00e9 r\u00e9v\u00e9l\u00e9.<\/a><\/p>\n<p>En attendant le retour du programme sur TF1, un animateur de t\u00e9l\u00e9vision a r\u00e9cemment annonc\u00e9 avoir refus\u00e9 de participer au programme il y a quelques ann\u00e9es, r\u00e9v\u00e8le <a href=\"https:\/\/www.voici.fr\/television\/il-mavait-dit-des-trucs-horribles-matthieu-delormeau-revele-pourquoi-il-a-refuse-de-participer-a-danse-avec-les-stars-zaptv-817637\" target=\"_blank\" rel=\"noopener\">Voici<\/a>.<\/p>\n<\/p>\n<p>Le 9\u00a0janvier 2026, dans le talk-show TPMP, <a href=\"http:\/\/midilibre.fr\/2025\/12\/16\/il-revient-sur-tout-beau-tout-n9uf-avec-des-ecchymoses-aux-yeux-et-une-cicatrice-sur-larcade-quest-il-arrive-a-matthieu-delormeau-13113772.php\" target=\"_blank\" rel=\"noopener\">le chroniqueur Matthieu Delormeau<\/a> a r\u00e9v\u00e9l\u00e9 avoir \u00e9t\u00e9 contact\u00e9 en 2016 par la production mais <a href=\"https:\/\/www.midilibre.fr\/divertissement\/tele-medias\/danse-avec-les-stars\/\" target=\"_blank\" rel=\"noopener\">a finalement refus\u00e9 l\u2019invitation\u00a0<\/a>: \u00ab\u00a0J\u2019ai cru que c\u2019\u00e9tait pour l\u2019animer (Danse avec les stars, NDLR), comme un con, c\u2019\u00e9tait pour danser\u00a0\u00bb.<\/p>\n<p>Il aurait perdu sa place sur C8<\/p>\n<p>\u00c0 l\u2019\u00e9poque, Cyril Hanouna l\u2019aurait conseill\u00e9\u00a0: \u00ab\u00a0Si tu y vas, tu perds ta place \u00e0 C8, tes animations et toutes tes productions\u00a0\u00bb.<\/p>\n<p>L\u2019ancien animateur de NRJ12 explique qu\u2019il n\u2019\u00e9tait pas partant pour rejoindre la saison 7 de DALS en tant que danseur et que la dur\u00e9e du programme (pr\u00e8s de onze semaines jusqu\u2019\u00e0 la finale) aurait donc compliqu\u00e9 son emploi du temps sur la cha\u00eene C8.<\/p>\n","protected":false},"excerpt":{"rendered":"Le 9\u00a0janvier dernier, Matthieu Delormeau a r\u00e9v\u00e9l\u00e9 sur le plateau de TBT9\u00a0qu\u2019il avait refus\u00e9 de rejoindre le casting&hellip;\n","protected":false},"author":2,"featured_media":663542,"comment_status":"","ping_status":"","sticky":false,"template":"","format":"standard","meta":{"footnotes":""},"categories":[1356],"tags":[194,58,59,1011,27,252,68925,1364],"class_list":{"0":"post-663541","1":"post","2":"type-post","3":"status-publish","4":"format-standard","5":"has-post-thumbnail","7":"category-television","8":"tag-danse-avec-les-stars","9":"tag-divertissement","10":"tag-entertainment","11":"tag-fr","12":"tag-france","13":"tag-television","14":"tag-tu00e9lu00e9-mu00e9dias","15":"tag-tv"},"share_on_mastodon":{"url":"https:\/\/pubeurope.com\/@fr\/115894927159686326","error":""},"_links":{"self":[{"href":"https:\/\/www.europesays.com\/fr\/wp-json\/wp\/v2\/posts\/663541","targetHints":{"allow":["GET"]}}],"collection":[{"href":"https:\/\/www.europesays.com\/fr\/wp-json\/wp\/v2\/posts"}],"about":[{"href":"https:\/\/www.europesays.com\/fr\/wp-json\/wp\/v2\/types\/post"}],"author":[{"embeddable":true,"href":"https:\/\/www.europesays.com\/fr\/wp-json\/wp\/v2\/users\/2"}],"replies":[{"embeddable":true,"href":"https:\/\/www.europesays.com\/fr\/wp-json\/wp\/v2\/comments?post=663541"}],"version-history":[{"count":0,"href":"https:\/\/www.europesays.com\/fr\/wp-json\/wp\/v2\/posts\/663541\/revisions"}],"wp:featuredmedia":[{"embeddable":true,"href":"https:\/\/www.europesays.com\/fr\/wp-json\/wp\/v2\/media\/663542"}],"wp:attachment":[{"href":"https:\/\/www.europesays.com\/fr\/wp-json\/wp\/v2\/media?parent=663541"}],"wp:term":[{"taxonomy":"category","embeddable":true,"href":"https:\/\/www.europesays.com\/fr\/wp-json\/wp\/v2\/categories?post=663541"},{"taxonomy":"post_tag","embeddable":true,"href":"https:\/\/www.europesays.com\/fr\/wp-json\/wp\/v2\/tags?post=663541"}],"curies":[{"name":"wp","href":"https:\/\/api.w.org\/{rel}","templated":true}]}}