{"id":663544,"date":"2026-01-14T18:44:11","date_gmt":"2026-01-14T18:44:11","guid":{"rendered":"https:\/\/www.europesays.com\/fr\/663544\/"},"modified":"2026-01-14T18:44:11","modified_gmt":"2026-01-14T18:44:11","slug":"la-magie-du-premier-avatar-a-disparu-deplore-un-de-nos-lecteurs","status":"publish","type":"post","link":"https:\/\/www.europesays.com\/fr\/663544\/","title":{"rendered":"\u00ab\u00a0La magie du premier \u00a0\u00bbAvatar\u00a0\u00bb a disparu\u00a0\u00bb, d\u00e9plore un de nos lecteurs"},"content":{"rendered":"<p>Avatar ou jamais\u00a0? Un peu plus de trois heures de film, \u00e7a peut rebuter plus d\u2019un cin\u00e9phile. Malgr\u00e9 sa dur\u00e9e, Avatar, de Feu et de Cendres a trouv\u00e9 son public, enregistrant des cartons d\u2019audiences au <a href=\"https:\/\/www.20minutes.fr\/cinema\/box-office\/\" class=\"c-link c-link--is-underlined\" target=\"_blank\" rel=\"noopener\">box-office<\/a>. Pour autant, le troisi\u00e8me volet de la saga sign\u00e9e <a href=\"https:\/\/www.20minutes.fr\/dossier\/james-cameron\" class=\"c-link c-link--is-underlined\" target=\"_blank\" rel=\"noopener\">James Cameron<\/a> n\u2019a pas fait l\u2019unanimit\u00e9 chez nos lecteurs et de nos lectrices qui ont r\u00e9pondu \u00e0 notre <a href=\"https:\/\/www.20minutes.fr\/arts-stars\/cinema\/4195618-20260112-avatar-3-decu-aime-film-racontez\" class=\"c-link c-link--is-underlined\" target=\"_blank\" rel=\"noopener\">appel \u00e0 contributions<\/a>.<\/p>\n<p>La nostalgie du premier volet<\/p>\n<p>Sans surprise, \u00ab\u00a0Avatar 3\u00a0\u00bb n\u2019\u00e9chappe pas \u00e0 la comparaison avec le premier volet, sorti il y a une quinzaine d\u2019ann\u00e9es dans les <a href=\"https:\/\/www.20minutes.fr\/dossier\/salles_de_cinema\" class=\"c-link c-link--is-underlined\" target=\"_blank\" rel=\"noopener\">salles de cin\u00e9ma<\/a>. \u00ab\u00a0J\u2019ai pris du plaisir, comme si je reprenais une part de g\u00e2teau tous les dimanches chez ma grand-m\u00e8re, t\u00e9moigne Daniel, 72 ans. Mais la meilleure d\u00e9gustation fut le premier volet. Rien ne pourra \u00e9galer \u00a0\u00bbAvatar\u00a0\u00bb, le plaisir go\u00fbteux est toujours pr\u00e9sent, mais la magie a disparu.\u00a0\u00bb Pour Nicolas, 27 ans, la recette Avatar reste la m\u00eame\u00a0: \u00ab\u00a0Le sc\u00e9nario d\u00a0\u00bb&rsquo;Avatar 3\u00a0\u00bb ne change pas beaucoup par rapport aux deux premiers volets, mais c\u2019est la force d\u00a0\u00bb&rsquo;Avatar\u00a0\u00bb.\u00a0\u00bb Un c\u00f4t\u00e9 madeleine de Proust qui n\u2019est pas forc\u00e9ment digeste pour tout le monde.<\/p>\n<p>Des personnages caricaturaux<\/p>\n<p>A l\u2019instar de Didier, B\u00e9atrice attaque de mani\u00e8re positive son avis sur le troisi\u00e8me volet. \u00ab\u00a0\u00a0\u00bbAvatar 3\u00a0\u00bb offre des images somptueuses et un foisonnement de couleurs, mais\u2026\u00a0\u00bb. Comme souvent avec cette tournure de phrases, ce qui a \u00e9t\u00e9 \u00e9crit apr\u00e8s les \u00ab\u00a0mais\u00a0\u00bb efface ce qui a \u00e9t\u00e9 r\u00e9dig\u00e9 avant. \u00ab\u00a0Mais le sc\u00e9nario est faible, les personnages sont caricaturaux\u00a0: les bons sont tr\u00e8s bons et les m\u00e9chants tr\u00e8s m\u00e9chants, les enfants sont forc\u00e9ment rebelles et les parents, autoritaires\u00a0\u00bb, d\u00e9veloppe notre lectrice sexag\u00e9naire.<\/p>\n<p>\u00ab\u00a0Des mini-\u00e9pisodes mis bout \u00e0 bout\u00a0\u00bb<\/p>\n<p>\u00ab\u00a0James Cameron n\u2019allait pas tout changer dans le sc\u00e9nario, juste pour dire \u00ab\u00a0on a chang\u00e9 de sc\u00e9nario\u00a0\u00bb, r\u00e9pond pour sa part Nicolas. Il se serait attir\u00e9 davantage de critiques. On va voir \u00a0\u00bbAvatar\u00a0\u00bb au <a href=\"https:\/\/www.20minutes.fr\/arts-stars\/cinema\/\" class=\"c-link c-link--is-underlined\" target=\"_blank\" rel=\"noopener\">cin\u00e9ma<\/a> pour le spectacle, des paysages incroyables et des \u00e9motions.\u00a0\u00bb<\/p>\n<p>Outre la forme, le fond. Et c\u2019est l\u00e0 qu\u2019Avatar 3 p\u00eache quelque peu, si on en croit B\u00e9atrice. \u00ab\u00a0Les personnages virevoltent dans tous les sens et en tous lieux, d\u00e9crit notre lectrice. Ils atterrissent m\u00e9chamment au sol, et m\u00eame pas mal\u2026 Le spectateur passe d\u2019un bloc d\u2019action \u00e0 un autre bloc d\u2019action sans transition. On a m\u00eame l\u2019impression que ce sont diff\u00e9rentes \u00e9quipes qui se sont partag\u00e9 la production des images et que les mini-\u00e9pisodes sont simplement mis bout \u00e0 bout, sans raccord.\u00a0\u00bb<\/p>\n<p>Un parfum d\u2019intelligence artificielle<\/p>\n<p>B\u00e9atrice va plus loin, et d\u00e9plore le sc\u00e9nario trop pr\u00e9visible de ce troisi\u00e8me opus. \u00ab\u00a0Forc\u00e9ment, il y a des happy ends \u00e0 chaque fin de \u00a0\u00bbmini-histoires dans l\u2019histoire\u00a0\u00bb\u00a0: ils sont prisonniers dans une base ultra-gard\u00e9e, mais ils s\u2019\u00e9chappent\u00a0; ils sont bless\u00e9s, mais retrouvent la sant\u00e9 en un temps record\u00a0; un des h\u00e9ros va-t-il mourir sans son masque\u2026 non, car il va \u00eatre sauv\u00e9 en deux temps trois mouvements par une jolie jeune fille. Tout est comme \u00e7a. Au secours\u00a0!\u00a0\u00bb, l\u00e2che notre lectrice.<\/p>\n<p><\/p>\n<p>Elle poursuit\u00a0: \u00ab\u00a0Cela donne l\u2019impression d\u2019un film fait enti\u00e8rement par <a href=\"https:\/\/www.20minutes.fr\/dossier\/intelligence_artificielle\" class=\"c-link c-link--is-underlined\" target=\"_blank\" rel=\"noopener\">intelligence artificielle<\/a> [IA], m\u00eame si ce n\u2019est pas forc\u00e9ment le cas.\u00a0\u00bb Le mot de la fin reviendra \u00e0 Nicolas\u00a0: \u00ab\u00a0Il faut arr\u00eater de critiquer pour critiquer. \u00a0\u00bbAvatar 3\u00a0\u00bb, \u00a0\u00bbAvatar 2\u00a0\u00bb et \u00a0\u00bbAvatar\u00a0\u00bb ont tous r\u00e9ussi leur mission.\u00a0\u00bb<\/p>\n","protected":false},"excerpt":{"rendered":"Avatar ou jamais\u00a0? Un peu plus de trois heures de film, \u00e7a peut rebuter plus d\u2019un cin\u00e9phile. Malgr\u00e9&hellip;\n","protected":false},"author":2,"featured_media":663545,"comment_status":"","ping_status":"","sticky":false,"template":"","format":"standard","meta":{"footnotes":""},"categories":[1354],"tags":[13618,650,58,59,2081,1346,1011,27,28114,1360,7407,48662,48661],"class_list":{"0":"post-663544","1":"post","2":"type-post","3":"status-publish","4":"format-standard","5":"has-post-thumbnail","7":"category-films","8":"tag-avatar","9":"tag-cinema","10":"tag-divertissement","11":"tag-entertainment","12":"tag-film","13":"tag-films","14":"tag-fr","15":"tag-france","16":"tag-james-cameron","17":"tag-movies","18":"tag-salles-de-cinema","19":"tag-votre-avis","20":"tag-votre-vie"},"share_on_mastodon":{"url":"https:\/\/pubeurope.com\/@fr\/115894934938931930","error":""},"_links":{"self":[{"href":"https:\/\/www.europesays.com\/fr\/wp-json\/wp\/v2\/posts\/663544","targetHints":{"allow":["GET"]}}],"collection":[{"href":"https:\/\/www.europesays.com\/fr\/wp-json\/wp\/v2\/posts"}],"about":[{"href":"https:\/\/www.europesays.com\/fr\/wp-json\/wp\/v2\/types\/post"}],"author":[{"embeddable":true,"href":"https:\/\/www.europesays.com\/fr\/wp-json\/wp\/v2\/users\/2"}],"replies":[{"embeddable":true,"href":"https:\/\/www.europesays.com\/fr\/wp-json\/wp\/v2\/comments?post=663544"}],"version-history":[{"count":0,"href":"https:\/\/www.europesays.com\/fr\/wp-json\/wp\/v2\/posts\/663544\/revisions"}],"wp:featuredmedia":[{"embeddable":true,"href":"https:\/\/www.europesays.com\/fr\/wp-json\/wp\/v2\/media\/663545"}],"wp:attachment":[{"href":"https:\/\/www.europesays.com\/fr\/wp-json\/wp\/v2\/media?parent=663544"}],"wp:term":[{"taxonomy":"category","embeddable":true,"href":"https:\/\/www.europesays.com\/fr\/wp-json\/wp\/v2\/categories?post=663544"},{"taxonomy":"post_tag","embeddable":true,"href":"https:\/\/www.europesays.com\/fr\/wp-json\/wp\/v2\/tags?post=663544"}],"curies":[{"name":"wp","href":"https:\/\/api.w.org\/{rel}","templated":true}]}}