{"id":663550,"date":"2026-01-14T18:47:15","date_gmt":"2026-01-14T18:47:15","guid":{"rendered":"https:\/\/www.europesays.com\/fr\/663550\/"},"modified":"2026-01-14T18:47:15","modified_gmt":"2026-01-14T18:47:15","slug":"veronika-loubry-son-bonheur-foudroye","status":"publish","type":"post","link":"https:\/\/www.europesays.com\/fr\/663550\/","title":{"rendered":"V\u00e9ronika Loubry, son bonheur foudroy\u00e9"},"content":{"rendered":"<p>Au pouce, elle porte son alliance \u00e0 lui et, \u00e0 l\u2019annulaire, celle qu\u2019il lui a pass\u00e9e, \u00e0 la h\u00e2te, sur un lit d\u2019h\u00f4pital, deux jours avant de s\u2019\u00e9teindre. Avant l\u2019aube du 11 d\u00e9cembre, apr\u00e8s deux ans et neuf mois d\u2019une lutte acharn\u00e9e men\u00e9e \u00e0 deux contre le cancer du pancr\u00e9as, celui que <a href=\"https:\/\/www.parismatch.com\/People\/la-journee-la-plus-difficile-de-mon-existence-veronika-loubry-effondree-apres-les-obseques-de-son-compagnon-261566\" target=\"_blank\" rel=\"noopener\">V\u00e9ronika Loubry<\/a> appelait \u00abmon guerrier\u00bb est, comme elle le dit pudiquement, \u00abparti pour toujours\u00bb. Le lendemain, selon le rite juif, elle l\u2019enterrait sous le soleil d\u2019Aix-en-Provence, entour\u00e9e de leur famille et de leurs amis venus nombreux. \u00c0 l\u2019or\u00e9e de la for\u00eat, la maison qu\u2019ils s\u2019\u00e9taient construite \u00e9tait pleine de son odeur, de ses affaires, de leurs souvenirs. Elle s\u2019y est replong\u00e9e, refusant de d\u00e9placer le moindre objet, apr\u00e8s avoir repris son souffle le temps de No\u00ebl dans l\u2019appartement parisien de sa fille, <a href=\"https:\/\/www.parismatch.com\/People\/Thylane-Blondeau-une-graine-de-star-881593\" target=\"_blank\" rel=\"noopener\">Thylane Blondeau<\/a>.\u00a0<\/p>\n<p>Teint p\u00e2le, visage creus\u00e9, V\u00e9ronika Loubry reste belle en mater dolorosa. M\u00eame si elle a du mal \u00e0 contenir les larmes qui, par vagues successives, embuent son regard. Des milliers de messages de soutien l\u2019assaillent chaque jour. Dans les rues d\u2019Aix, des inconnus lui t\u00e9moignent leur sympathie; touch\u00e9e, elle essaye de faire bonne figure. Mais la peine toujours la rattrape. Elle a besoin de solitude pour traverser ce deuil, redoute de l\u2019\u00e9voquer par peur de voir la r\u00e9alit\u00e9 crue lui sauter au visage. Mais elle accepte le principe d\u2019un entretien \u00e0 c\u0153ur ouvert, au nom de ce combat contre la maladie entam\u00e9 avec G\u00e9rard, qui continuera, promet-elle, longtemps de l\u2019animer. Sa mani\u00e8re de pr\u00e9server l\u2019\u00e2me d\u2019un amour comme elle n\u2019en a connu nul autre\u2026<\/p>\n<p><strong>Paris Match. On imagine que cette p\u00e9riode de f\u00eates de fin d\u2019ann\u00e9e a \u00e9t\u00e9 difficile. Comment l\u2019avez-vous travers\u00e9e\u2009?<\/strong><\/p>\n<p><strong>V\u00e9ronika Loubry.<\/strong> J\u2019ai l\u2019impression d\u2019\u00e9voluer dans un monde parall\u00e8le, d\u2019entretenir ce d\u00e9ni dans lequel j\u2019ai v\u00e9cu tout au long de la maladie de G\u00e9rard pour aller bien. J\u2019ai pass\u00e9 les jours qui ont suivi l\u2019enterrement et No\u00ebl chez ma fille, \u00e0 Paris, avant de redescendre dans la maison o\u00f9 j\u2019ai v\u00e9cu avec lui, pr\u00e8s d\u2019Aix-en-Provence, au pied de la Sainte-Victoire, parce que j\u2019y suis bien. Je suis lucide\u2009: je ne me dis pas que je vais retrouver mon homme chaque fois que je passe la porte, mais je m\u2019autorise \u00e0 penser qu\u2019il n\u2019est pas loin, qu\u2019il me guide. J\u2019aime m\u2019asseoir dans son fauteuil pr\u00e9f\u00e9r\u00e9, me rem\u00e9morer nos conversations sans fin, sentir ses pulls dans le dressing.<\/p>\n<p>    <img decoding=\"async\" src=\"https:\/\/www.europesays.com\/fr\/wp-content\/uploads\/2026\/01\/sc_img_0998_0.jpg\" alt=\"Voyage romantique \u00e0 Venise, en d\u00e9cembre 2024. \u00abOn s\u2019\u00e9tait promis de le faire en amoureux \u00bb\" loading=\"lazy\"\/><\/p>\n<p>\n      Voyage romantique \u00e0 Venise, en d\u00e9cembre 2024. \u00abOn s\u2019\u00e9tait promis de le faire en amoureux \u00bb<\/p>\n<p>                                \u00a9 DR<\/p>\n<p>\u00abChaque nuit, je me r\u00e9veille autour de 4h15 du matin, l\u2019heure \u00e0 laquelle il est parti, dit V\u00e9ronika. Et je lui demande dans ma t\u00eate: \u201c\u00c7a va, ch\u00e9ri?\u201d\u00bb<\/p>\n<p><strong>Qui vous entoure\u2009?<\/strong><\/p>\n<p>    La suite apr\u00e8s cette publicit\u00e9<\/p>\n<p>Mes parents m\u2019ont rejointe \u00e0 Aix le\u202f31.\u202fMa famille, mes amis, comme une garde rapproch\u00e9e, se relayent pour que je ne sois jamais seule. Ma fille, Thylane, a \u00e9t\u00e9 ma plus grande aide. Elle a tout pris en main, ravalant ses larmes pour laisser place aux miennes. Chaque fois qu\u2019elle me voyait partir pour pleurer, elle laissait passer dix\u202fminutes avant de venir me r\u00e9conforter\u2009: \u201c\u00c7a va aller, maman, ne t\u2019inqui\u00e8te pas. Il est l\u00e0, il te prot\u00e8ge.\u201d Elle endosse en quelque sorte mon r\u00f4le de maman, mais je ne voudrais pas que \u00e7a dure, c\u2019est un poids trop lourd pour une fille de 24\u202fans. Mon fils, Ayrton, est tr\u00e8s pr\u00e9sent, lui aussi, tr\u00e8s protecteur du haut de son 1,85\u202fm\u00e8tre. Le fr\u00e8re de G\u00e9rard, ses filles, Allison et L\u00e9a, et ses petits-\u00adenfants ne sont pas loin non plus. On s\u2019est fait un coucou pour No\u00ebl et la pri\u00e8re rituelle au cimeti\u00e8re dimanche dernier, un mois jour pour jour apr\u00e8s sa mort. Ensemble, nous formions une jolie famille recompos\u00e9e, et j\u2019esp\u00e8re qu\u2019elle le restera. Une tr\u00e8s grande famille, dans laquelle des amis formidables ont aussi pris toute leur place. Ils \u00e9taient tous pr\u00e9sents le 12\u202fd\u00e9cembre, pour l\u2019enterrement, l\u2019une de nos proches avait m\u00eame fait le voyage depuis Miami.<\/p>\n<p><strong>Quand on a mis autant d\u2019\u00e9nergie \u00e0 combattre la maladie, on l\u00e2che prise quand tout s\u2019arr\u00eate\u2009?<\/strong><\/p>\n<p>Pas encore, c\u2019est trop t\u00f4t. Chaque nuit, je me r\u00e9veille autour de 4\u2009h\u200915 du matin, l\u2019heure \u00e0 laquelle il est parti. Et je lui demande dans ma t\u00eate\u2009: \u201c\u00c7a va, ch\u00e9ri\u2009?\u201d Comme si j\u2019\u00e9tais encore en veille. Et, en m\u00eame temps, il faut affronter l\u2019absence. J\u2019ai l\u2019impression d\u2019\u00eatre amput\u00e9e d\u2019une partie de moi. Je ne fais que manger pour combler le vide immense.<\/p>\n<p><strong>Qu\u2019est-ce qui vous aide \u00e0 tenir\u2009?<\/strong><\/p>\n<p>L\u2019amour que nous avions l\u2019un pour l\u2019autre, et celui que nos proches nous ont t\u00e9moign\u00e9. Y compris cette communaut\u00e9 immense qui me suit sur Instagram, ces femmes que j\u2019appelle mes \u201cInstaAmies\u201d. On dialogue ensemble au quotidien depuis tant d\u2019ann\u00e9es, elles me connaissent par c\u0153ur, et leurs messages de sympathie me font du bien.<\/p>\n<p>    <img decoding=\"async\" src=\"https:\/\/www.europesays.com\/fr\/wp-content\/uploads\/2026\/01\/sc_img_8757_0.jpg\" alt=\"Promenade en for\u00eat, en septembre 2023. G\u00e9rard avait appris sa maladie six mois plus t\u00f4t.\" loading=\"lazy\"\/><\/p>\n<p>\n      Promenade en for\u00eat, en septembre 2023. G\u00e9rard avait appris sa maladie six mois plus t\u00f4t.<\/p>\n<p>                                \u00a9 DR<\/p>\n<p><strong>Pourquoi n\u2019avoir rien cach\u00e9 \u00e0 ces milliers de personnes qui suivent vos \u201cstories\u201d\u2009?<\/strong><\/p>\n<p>Parce que je me suis jur\u00e9 de ne jamais leur mentir. Quand on a appris que G\u00e9rard \u00e9tait malade, pendant une semaine, j\u2019\u00e9tais si K.O. que j\u2019ai arr\u00eat\u00e9 de poster, et les followers s\u2019inqui\u00e9taient. Certains sont all\u00e9s jusque chez mon boucher pour lui demander si j\u2019avais un probl\u00e8me. Alors on a d\u00e9cid\u00e9 de partager notre combat et notre peine, par fid\u00e9lit\u00e9 et pour communiquer de l\u2019espoir \u00e0 ceux frapp\u00e9s par la m\u00eame \u00e9preuve. En France, une\u202fpersonne sur\u202fdix est atteinte d\u2019un cancer au cours de sa vie. Notre pays est num\u00e9ro\u202fun mondial du cancer du sein et troisi\u00e8me pour celui du pancr\u00e9as. C\u2019est \u00e9norme, et pourtant on en parle si peu\u2026 Je ne veux pas qu\u2019avec la disparition de mon homme l\u2019espoir s\u2019\u00e9croule. \u00c0 l\u2019enterrement, son oncologue a rappel\u00e9 cette chose essentielle\u2009: \u201cPour vous, la mort de G\u00e9rard, notre \u00eatre aim\u00e9, est peut-\u00eatre un \u00e9chec, mais n\u2019oubliez pas que, alors qu\u2019on ne lui laissait que six\u202fmois \u00e0 vivre, il a vaincu la maladie pendant deux\u202fans et neuf\u202fmois\u2026\u201d<\/p>\n<p><strong>Arrivez-vous encore \u00e0 remercier la vie de ce qu\u2019elle vous a donn\u00e9\u2009?<\/strong><\/p>\n<p>J\u2019ai un sentiment paradoxal\u2009: je remercie la vie de m\u2019avoir offert de rencontrer mon \u00e2me s\u0153ur en 2016, et je lui en veux de me l\u2019avoir reprise. J\u2019\u00e9prouve de la reconnaissance d\u2019avoir pu vivre avec lui dix\u202fans d\u2019un bonheur exceptionnel, et de la col\u00e8re parce que j\u2019aurais voulu que \u00e7a ne s\u2019arr\u00eate jamais. G\u00e9rard \u00e9tait mon meilleur ami, mon meilleur conseiller, mon double. Nous nous suffisions \u00e0 nous-m\u00eames.<\/p>\n<p>    <img decoding=\"async\" src=\"https:\/\/www.europesays.com\/fr\/wp-content\/uploads\/2026\/01\/img_3263_0.jpg\" alt=\"Leurs mains enlac\u00e9es \u00e0 l\u2019h\u00f4pital, le 8 d\u00e9cembre, jour de leur mariage. Sur son annulaire, G\u00e9rard s\u2019\u00e9tait fait tatouer un \u00e9lectrocardiogramme autour d\u2019un \u00abV\u00bb, celui de V\u00e9ronika.\" loading=\"lazy\"\/><\/p>\n<p>\n      Leurs mains enlac\u00e9es \u00e0 l\u2019h\u00f4pital, le 8 d\u00e9cembre, jour de leur mariage. Sur son annulaire, G\u00e9rard s\u2019\u00e9tait fait tatouer un \u00e9lectrocardiogramme autour d\u2019un \u00abV\u00bb, celui de V\u00e9ronika.<\/p>\n<p>                                \u00a9 DR<\/p>\n<p><strong>Comment l\u2019aviez-vous rencontr\u00e9\u2009?<\/strong><\/p>\n<p>Une connaissance de son fr\u00e8re m\u2019a propos\u00e9 de les rejoindre un soir pour d\u00eener. Je n\u2019\u00e9tais pas libre. Sous la photo qu\u2019elle a post\u00e9e de cette soir\u00e9e, j\u2019ai \u00e9crit\u2009: \u201cApparemment, j\u2019ai rat\u00e9 un d\u00eener sympathique\u2009!\u201d Et G\u00e9rard m\u2019a r\u00e9pondu\u2009: \u201cNe refais plus jamais \u00e7a pour les trente\u202fprochaines ann\u00e9es.\u201d C\u2019\u00e9tait le d\u00e9but d\u2019une conversation ininterrompue et d\u2019un amour infini.<\/p>\n<p><strong>Vous avez v\u00e9cu d\u2019autres histoires, notamment avec le p\u00e8re de vos enfants. En quoi celle-ci \u00e9tait-elle diff\u00e9rente\u2009?<\/strong><\/p>\n<p>Je l\u2019ai rencontr\u00e9 tard, \u00e0 47\u202fans. J\u2019essayais alors de me reconstruire apr\u00e8s un mauvais divorce, deux\u202fenfants devenus grands, pour lesquels j\u2019avais arr\u00eat\u00e9, apr\u00e8s onze\u202fans de carri\u00e8re, mon m\u00e9tier d\u2019animatrice de t\u00e9l\u00e9vision\u2026 Lui aussi \u00e9tait s\u00e9par\u00e9. Ensemble, avec nos petits moyens, on a r\u00e9invent\u00e9 notre vie sur une feuille redevenue blanche. Il \u00e9tait producteur de s\u00e9ries et de publicit\u00e9s, notamment dans le gaming, et vivait \u00e0 Londres. On a pass\u00e9 cinq\u202fans \u00e0 faire des allers-\u00adretours, et, sous son influence, au tout d\u00e9but de l\u2019\u00e8re digitale, bien avant tout le monde, je suis devenue influenceuse\u2009! Il a su percevoir l\u2019\u00e9norme capital sympathie que je continuais de susciter, tous ces gens qui demandaient quand j\u2019allais revenir \u00e0 la t\u00e9l\u00e9vision lorsqu\u2019on les croisait. C\u2019\u00e9tait l\u2019amour avec un grand \u201cA\u201d, celui que l\u2019on ne conna\u00eet qu\u2019une fois dans une vie. Il n\u2019y en aura pas d\u2019autre, je ne veux pas. Je vais rester sur cette belle histoire-l\u00e0\u2026<\/p>\n<p>    <img decoding=\"async\" src=\"https:\/\/www.europesays.com\/fr\/wp-content\/uploads\/2026\/01\/sc_4ff734cc_af3d_47bd_ab_0.jpg\" alt=\"V\u00e9ronika Loubry et G\u00e9rard Kadoche aux Roches Blanches, \u00e0 Cassis, pour l\u2019anniversaire de V\u00e9ronika, le 22 juin dernier. \u00ab Le meilleur \u00e9t\u00e9 de notre vie \u00bb, confie-t-elle.\" loading=\"lazy\"\/><\/p>\n<p>\n      V\u00e9ronika Loubry et G\u00e9rard Kadoche aux Roches Blanches, \u00e0 Cassis, pour l\u2019anniversaire de V\u00e9ronika, le 22 juin dernier. \u00ab Le meilleur \u00e9t\u00e9 de notre vie \u00bb, confie-t-elle.<\/p>\n<p>                                \u00a9 DR<\/p>\n<p>\u00abG\u00e9rard m\u2019a dit : \u201cMon amour, je sais que je ne vais pas y arriver\u2026 Il faut que l\u2019on se marie!\u201d Et c\u2019est ce que l\u2019on a fait, le lundi 8 d\u00e9cembre, \u00e0 l\u2019h\u00f4pital\u00bb<\/p>\n<p><strong>Beaucoup \u00e9taient persuad\u00e9s que vous \u00e9tiez mari\u00e9s. Mais vous r\u00e9v\u00e9lez l\u2019avoir fait seulement quelques jours avant sa disparition\u2026<\/strong><\/p>\n<p>On avait pr\u00e9vu de se marier \u00e0 la maison en mai, pour c\u00e9l\u00e9brer nos dix\u202fans d\u2019amour. On voulait une c\u00e9r\u00e9monie simple avec nos amis, notre famille, nos quatre\u202fenfants, ses petits-\u00adenfants, et m\u00eame H\u00e9l\u00e8ne, son ex-femme, avec laquelle je m\u2019entends tr\u00e8s bien. Mais le 6\u202fd\u00e9cembre, alors que je venais de monter \u00e0 Paris pour participer au festival Des\u202flivres, des artistes, j\u2019ai re\u00e7u un appel de ma belle-fille. La fi\u00e8vre de G\u00e9rard montait de fa\u00e7on alarmante. J\u2019ai appel\u00e9 son oncologue, qui l\u2019a aussit\u00f4t hospitalis\u00e9. J\u2019ai repris le train l\u2019apr\u00e8s-midi m\u00eame, mon instinct m\u2019y poussait, et, \u00e0 20\u202fheures, j\u2019\u00e9tais \u00e0 ses c\u00f4t\u00e9s. Il m\u2019a dit\u2009: \u201cMon amour, je sais que je ne vais pas y arriver\u2026 Il faut que l\u2019on se marie\u2009!\u201d Et c\u2019est ce que l\u2019on a fait le lundi 8\u202fd\u00e9cembre. Karine Le\u202fMarchand m\u2019a aid\u00e9e \u00e0 obtenir une d\u00e9rogation. \u00c0 15\u202fheures, Sophie Joissains, la maire d\u2019Aix-en-Provence, est apparue dans cette chambre d\u2019h\u00f4pital, pour officier, devant nos quatre\u202fenfants. G\u00e9rard avait choisi Jean-Loup Mouysset, son oncologue, devenu notre ami au fil du temps, comme t\u00e9moin, et mon fils, Ayrton. Sur son lit, mon homme \u00e9tait heureux. Et moi, je vivais un moment hors du temps. Jusqu\u2019\u00e0 ce qu\u2019il disparaisse dans la nuit du mercredi au jeudi suivant. Pour seul h\u00e9ritage, il me reste son nom, Kadoche, qui signifie \u201csaint\u201d en h\u00e9breu. C\u2019est important de le dire, parce que des gens malveillants ont r\u00e9pandu une information fausse selon laquelle il m\u2019aurait laiss\u00e9 des millions\u2026<\/p>\n<p><strong>Parlez-nous de lui.<\/strong><\/p>\n<p>C\u2019\u00e9tait un sage, un \u00e9rudit, qui offrait ses conseils \u00e0 ses proches comme \u00e0 l\u2019\u00e9lectricien de passage. G\u00e9rard a tout appris \u00e0 mon fils, Ayrton, qui l\u2019a connu \u00e0 9\u202fans. Le soir, ils se parlaient pendant des heures. Avant de mourir, il lui a dit\u2009: \u201cRends-moi fier, tu es l\u2019homme de la maison, maintenant.\u201d C\u2019\u00e9tait bouleversant\u2026<\/p>\n<p><strong>Et pour vous, quelles ont \u00e9t\u00e9 ses derni\u00e8res paroles\u2009?<\/strong><\/p>\n<p>\u201cNe pleure pas, mon amour, je t\u2019aime.\u201d Pour une fois, je ne vais pas respecter sa demande\u2026 Pleurer permet d\u2019\u00e9vacuer le chagrin.<\/p>\n<p>    <img decoding=\"async\" src=\"https:\/\/www.europesays.com\/fr\/wp-content\/uploads\/2026\/01\/sc_img_0793_0.jpg\" alt=\"Un clan recompos\u00e9 mais si soud\u00e9. Autour du couple (de g. \u00e0 dr.), L\u00e9a, la fille de G\u00e9rard, Thylane, l\u2019a\u00een\u00e9e de V\u00e9ronika, Allison, l\u2019autre fille de G\u00e9rard, Ayrton, le fils de V\u00e9ronika. No\u00ebl 2024, \u00e0 Paris.\" loading=\"lazy\"\/><\/p>\n<p>\n      Un clan recompos\u00e9 mais si soud\u00e9. Autour du couple (de g. \u00e0 dr.), L\u00e9a, la fille de G\u00e9rard, Thylane, l\u2019a\u00een\u00e9e de V\u00e9ronika, Allison, l\u2019autre fille de G\u00e9rard, Ayrton, le fils de V\u00e9ronika. No\u00ebl 2024, \u00e0 Paris.<\/p>\n<p>                                \u00a9 DR<\/p>\n<p><strong>Il y a dans votre livre cette photo, prise dans la cuisine \u201cpeu apr\u00e8s l\u2019annonce\u201d, o\u00f9 G\u00e9rard est enlac\u00e9 par ses filles, et vous dites l\u2019amour et la peur qui vous \u00e9treignent tous alors\u2026<\/strong><\/p>\n<p>L\u2019annonce, c\u2019est le moment o\u00f9 tout bascule. Pour nous, c\u2019est arriv\u00e9 lors d\u2019une banale prise de sang, prescrite \u00e0 la demande de G\u00e9rard qui voulait mesurer son cholest\u00e9rol. Notre m\u00e9decin traitant avait trouv\u00e9 bon d\u2019en profiter pour tout checker, y compris les marqueurs du cancer\u2026 Je me souviens de lui avoir fait remarquer que c\u2019\u00e9tait inutile puisque G\u00e9rard n\u2019avait aucun sympt\u00f4me. Il y avait pourtant des signes avant-coureurs, ces douleurs transversales qui, depuis six\u202fmois, lui donnaient des d\u00e9charges entre le ventre et les omoplates, mais nous les attribuions \u00e0 un simple mal de dos. Quand le r\u00e9sultat des analyses est tomb\u00e9, j\u2019ai re\u00e7u un appel du laboratoire\u2009: \u201cMadame Loubry, il y a quelque chose qui ne va pas dans l\u2019examen de sang de votre mari. Pourriez-vous repasser\u2009?\u201d G\u00e9rard \u00e9tait en pleine forme, on s\u2019est dit qu\u2019ils se trompaient et on a refait les analyses. Le marqueur CA\u00a019-9 explosait toujours, et \u00e7a a \u00e9t\u00e9 le d\u00e9but de la descente aux enfers. Apr\u00e8s un scanner \u00e0 Marseille, de but en blanc, on nous a annonc\u00e9\u2009: cancer du pancr\u00e9as, m\u00e9tastas\u00e9 au foie, stade\u202f4.\u202fJe me souviens d\u2019avoir expliqu\u00e9, incr\u00e9dule, au professeur\u2009: \u201cElles sont toutes petites, ces m\u00e9tastases, on va les faire partir.\u201d Pour seule r\u00e9ponse, il nous a incit\u00e9s \u00e0 entreprendre au plus vite \u201cun petit voyage\u201d, sous-\u00adentendu\u2009: \u201cOn ne sait pas de quoi demain sera fait\u2026\u201d En sortant de chez ce m\u00e9decin, que l\u2019on n\u2019a jamais voulu revoir, notre monde s\u2019est \u00e9croul\u00e9. G\u00e9rard disait\u2009: \u201cC\u2019est foutu\u201d, et moi j\u2019ai r\u00e9pondu\u2009: \u201cPas du tout, on va la gagner, cette guerre.\u201d<\/p>\n<p><strong>\u00c0 quoi ressemblait le quotidien de cette guerre\u2009? Comment vivre avec une telle \u00e9p\u00e9e de Damocl\u00e8s\u2009?<\/strong><\/p>\n<p>L\u2019amour a surmont\u00e9 la peur. Autant que l\u2019on a pu, on a mis de c\u00f4t\u00e9 la maladie. Chaque jour gagn\u00e9 \u00e9tait un bonus. Pour que jamais G\u00e9rard ne lise le doute ou l\u2019inqui\u00e9tude dans mes yeux, je me suis install\u00e9e dans le d\u00e9ni. Je ne cessais de dire que \u00e7a allait bien se passer. Et \u00e7a l\u2019a rendu fort. Selon un programme d\u2019oncologie int\u00e9grative \u00e9labor\u00e9 avec le Dr\u00a0Mouysset, son oncologue, mon homme est devenu acteur de sa sant\u00e9. Il a commenc\u00e9 \u00e0 nager des kilom\u00e8tres tous les jours pour que ses cellules saines reprennent le dessus sur les malades. Il prenait quinze \u00e0 dix-sept\u202fcompl\u00e9ments alimentaires au quotidien. Cela l\u2019a aid\u00e9 \u00e0 supporter les traitements conventionnels. Il a eu 57\u00a0chimios. \u00c0 l\u2019exception d\u2019une seule, j\u2019\u00e9tais \u00e0 ses c\u00f4t\u00e9s chaque fois. On n\u2019imagine pas \u00e0 quel point les effets secondaires sont terribles. En g\u00e9n\u00e9ral, le lendemain d\u2019une s\u00e9ance \u00e7a allait, mais, les cinq ou six\u202fjours qui suivaient, il les cumulait tous. Et moi, je lui faisais comprendre que \u00e7a ne changeait rien qu\u2019il ait des naus\u00e9es, plus de cheveux, moins la p\u00eache ou qu\u2019il se r\u00e9veille la nuit pour mettre des gouttes dans ses yeux secs qu\u2019il n\u2019arrivait plus \u00e0 ouvrir. Entre deux chimios, on avait nos petites \u00e9chappatoires. On se faisait des restaus, des th\u00e9\u00e2tres, des balades \u00e0 moto, on s\u2019\u00e9vadait quelques jours dans notre petit paradis proche du Pyla. On profitait \u00e0 fond. Apr\u00e8s avoir \u00e9t\u00e9 hospitalis\u00e9 pendant trois\u202fsemaines autour de No\u00ebl et du jour de l\u2019An, en 2023, pour subir une op\u00e9ration importante, G\u00e9rard appr\u00e9hendait cette p\u00e9riode de f\u00eates. C\u2019est comme \u00e7a que j\u2019ai pu convaincre son oncologue de nous laisser trois\u202fsemaines de break en d\u00e9cembre de l\u2019ann\u00e9e derni\u00e8re. On est partis tous les deux, en voiture, \u00e0 Venise. Sur l\u2019autoroute, on riait\u2026 M\u00eame sous la pluie, on \u00e9tait heureux. Mais, inexorablement, et malgr\u00e9 le d\u00e9ni, son \u00e9tat s\u2019est aggrav\u00e9. Il a fallu redoubler de pr\u00e9sence. Je faisais mes stories depuis la maison pour le veiller \u00e0 chaque instant. Les derniers mois ont \u00e9t\u00e9 particuli\u00e8rement compliqu\u00e9s. Je me r\u00e9veillais toutes les heures. Des infirmiers exceptionnels nous assistaient. Je pouvais les solliciter n\u2019importe quand, m\u00eame en pleine nuit. En octobre, on s\u2019\u00e9tait promis d\u2019aller \u00e0 Biarritz, mais \u00e7a n\u2019a pas \u00e9t\u00e9 possible. Avec son oncologue, on implorait mon guerrier de tenir jusqu\u2019au printemps, quand la th\u00e9rapie cibl\u00e9e serait au point. G\u00e9rard n\u2019a pas pu, mais d\u2019autres le feront. Et pour eux je vais continuer \u00e0 me battre afin que plus personne ne dise que donner \u00e0 la recherche ne sert \u00e0 rien.<\/p>\n<p>    <img decoding=\"async\" src=\"https:\/\/www.europesays.com\/fr\/wp-content\/uploads\/2026\/01\/sc_unknown_1-1_0.jpg\" alt=\"Autoportrait de V\u00e9ronika Loubry chez sa fille, Thylane, le 21 d\u00e9cembre, dix jours apr\u00e8s la mort de son mari.\" loading=\"lazy\"\/><\/p>\n<p>\n      Autoportrait de V\u00e9ronika Loubry chez sa fille, Thylane, le 21 d\u00e9cembre, dix jours apr\u00e8s la mort de son mari.<\/p>\n<p>                                \u00a9 DR<\/p>\n<p><strong>Vous semblez tr\u00e8s reconnaissante envers l\u2019oncologue qui a accompagn\u00e9 votre mari. Que vous a-t-il apport\u00e9\u2009?<\/strong><\/p>\n<p>La v\u00e9rit\u00e9, c\u2019est que, que vous soyez trait\u00e9 \u00e0 Paris, \u00e0 Strasbourg ou m\u00eame aux \u00c9tats-Unis, selon votre cancer, on vous proposera toujours un m\u00eame protocole. Apr\u00e8s notre mauvaise exp\u00e9rience \u00e0 Marseille, j\u2019ai cherch\u00e9 sur Internet \u201cle meilleur oncologue\u201d d\u2019Aix. Et je suis tomb\u00e9e sur la photo du Dr\u00a0Mouysset. Je suis imm\u00e9diatement partie \u00e0 sa recherche \u00e0 l\u2019H\u00f4pital priv\u00e9 de Provence. J\u2019avais une chance sur mille de le croiser, mais j\u2019ai fini par tomber sur lui, en pleine conversation, au d\u00e9tour d\u2019un couloir. Je l\u2019ai interrompu pour l\u2019implorer de prendre en charge mon homme. Il aurait tr\u00e8s bien pu m\u2019envoyer promener, mais il m\u2019a dit\u2009: venez ce soir, \u00e0 20\u2009h\u200915\u2026 Il nous a gard\u00e9s deux\u00a0heures, nous a \u00e9cout\u00e9s, encourag\u00e9s, redonn\u00e9 espoir, avec beaucoup d\u2019humanit\u00e9. G\u00e9rard l\u2019appelait \u201cmon ange gardien\u201d. Nous lui devons \u00e9norm\u00e9ment, et je lui en serai \u00e0 jamais reconnaissante.<\/p>\n<p><strong>Avez-vous parfois esp\u00e9r\u00e9 une gu\u00e9rison, un miracle\u2009?<\/strong><\/p>\n<p>J\u2019ai toujours su, au fond, la gravit\u00e9 de son mal, mais je me suis accroch\u00e9e \u00e0 cet espoir jusqu\u2019au dernier moment. Si je ne l\u2019avais pas fait, il n\u2019aurait pas autant combattu, et moi, j\u2019aurais sombr\u00e9.<\/p>\n<p><strong>Qu\u2019est-ce que l\u2019on ne dit jamais sur ce que vivent les aidants\u2009?<\/strong><\/p>\n<p>M\u00eame si ce que l\u2019on fait est magnifique, c\u2019est une charge terrible. \u00catre aidante, c\u2019est tout garder pour soi, faire croire en permanence que tout va bien, au malade et \u00e0 tous ceux qui l\u2019entourent et sont affect\u00e9s. Les jours les plus durs, il m\u2019est arriv\u00e9 de vouloir absorber la chimio, et les douleurs qui vont avec, \u00e0 sa place. Je suis marraine depuis sept\u202fans de l\u2019association Le Point rose pour les enfants en fin de vie, et, pour avoir souvent \u00e9chang\u00e9 avec eux, je sais que beaucoup de parents ressentent la m\u00eame chose\u2009: s\u2019ils le pouvaient, ils s\u2019ouvriraient en deux pour prendre le mal qui ronge leurs petits.<\/p>\n<p>\u00abJe m\u2019\u00e9vadais seule quand il dormait le matin. Je partais pour hurler de rage devant la SainteVictoire: pourquoi nous? pourquoi lui?\u00bb<\/p>\n<p><strong>Vous autorisiez-vous de temps en temps \u00e0 \u00e9prouver du chagrin\u2009?<\/strong><\/p>\n<p>Oui. Dans ces moments-l\u00e0, je m\u2019\u00e9vadais quand il dormait le matin. Je partais pour crier, hurler de rage et de col\u00e8re devant la Sainte-Victoire\u2009: pourquoi nous\u2009? pourquoi lui\u2009? pourquoi maintenant\u2009? C\u2019\u00e9tait comme une pri\u00e8re vaine, et, une fois faite, j\u2019allais me perdre dans la contemplation du paysage, d\u2019un oiseau\u2026 J\u2019en avais besoin.<\/p>\n<p><strong>L\u2019int\u00e9gralit\u00e9 des droits du livre que vous venez de publier ira au Centre Ressource, une association \u00e0 but non lucratif fond\u00e9e il y a vingt-cinq\u202fans par le Dr\u202fMouysset. Pourquoi\u2009?<\/strong><\/p>\n<p>Les recettes et m\u00eame l\u2019\u00e0-valoir que l\u2019\u00e9diteur me proposait, tout ira \u00e0 ce centre dont je suis aussi devenue marraine. C\u2019est un lieu unique, anim\u00e9 en grande partie par des b\u00e9n\u00e9voles. J\u2019y suis pass\u00e9e quand je me suis sentie impuissante et que j\u2019ai eu besoin d\u2019un soutien psychologique. Gr\u00e2ce aux fonds lev\u00e9s auparavant, on vient d\u2019acqu\u00e9rir un ch\u00e2teau avec vue sur la Sainte-Victoire, o\u00f9 il va \u00eatre d\u00e9m\u00e9nag\u00e9. Il y aura des kin\u00e9s, des masseurs, des infirmiers, des psys, des cuisiniers, des salles de parole pour ceux qui souffrent du cancer, mais aussi pour les aidants, qui doivent savoir qu\u2019ils ne sont pas seuls. Je me sens investie par cette mission, elle me porte.<\/p>\n<p><strong>Comment imaginez-vous cette nouvelle ann\u00e9e, sans votre \u00e2me s\u0153ur\u2009?<\/strong><\/p>\n<p>Pour l\u2019instant, je survis et ne l\u2019imagine pas. Mais je sais qu\u2019il va falloir r\u00e9inventer ma vie, apprendre \u00e0 canaliser le malheur, pour ceux qui m\u2019aiment, mes enfants surtout. G\u00e9rard s\u2019est tellement battu pour vivre, je lui dois d\u2019en faire autant. Et je sais que, de l\u00e0 o\u00f9 il est, il veille sur moi.\u00a0<\/p>\n<p>    <img decoding=\"async\" src=\"https:\/\/www.europesays.com\/fr\/wp-content\/uploads\/2026\/01\/9791028534837_laviecommeunreveveronikaloubry_c139-copie_0.jpg\" alt=\"\u00abLa vie comme un r\u00eave\u00bb, de V\u00e9ronika Loubry, \u00e9d. Leduc, 176 pages, 34,90 euros.\" loading=\"lazy\"\/><\/p>\n<p>\n      \u00abLa vie comme un r\u00eave\u00bb, de V\u00e9ronika Loubry, \u00e9d. Leduc, 176 pages, 34,90 euros.<\/p>\n<p>                                \u00a9 DR<\/p>\n","protected":false},"excerpt":{"rendered":"Au pouce, elle porte son alliance \u00e0 lui et, \u00e0 l\u2019annulaire, celle qu\u2019il lui a pass\u00e9e, \u00e0 la&hellip;\n","protected":false},"author":2,"featured_media":663551,"comment_status":"","ping_status":"","sticky":false,"template":"","format":"standard","meta":{"footnotes":""},"categories":[8],"tags":[58,59,1011,27],"class_list":{"0":"post-663550","1":"post","2":"type-post","3":"status-publish","4":"format-standard","5":"has-post-thumbnail","7":"category-divertissement","8":"tag-divertissement","9":"tag-entertainment","10":"tag-fr","11":"tag-france"},"share_on_mastodon":{"url":"https:\/\/pubeurope.com\/@fr\/115894947014330065","error":""},"_links":{"self":[{"href":"https:\/\/www.europesays.com\/fr\/wp-json\/wp\/v2\/posts\/663550","targetHints":{"allow":["GET"]}}],"collection":[{"href":"https:\/\/www.europesays.com\/fr\/wp-json\/wp\/v2\/posts"}],"about":[{"href":"https:\/\/www.europesays.com\/fr\/wp-json\/wp\/v2\/types\/post"}],"author":[{"embeddable":true,"href":"https:\/\/www.europesays.com\/fr\/wp-json\/wp\/v2\/users\/2"}],"replies":[{"embeddable":true,"href":"https:\/\/www.europesays.com\/fr\/wp-json\/wp\/v2\/comments?post=663550"}],"version-history":[{"count":0,"href":"https:\/\/www.europesays.com\/fr\/wp-json\/wp\/v2\/posts\/663550\/revisions"}],"wp:featuredmedia":[{"embeddable":true,"href":"https:\/\/www.europesays.com\/fr\/wp-json\/wp\/v2\/media\/663551"}],"wp:attachment":[{"href":"https:\/\/www.europesays.com\/fr\/wp-json\/wp\/v2\/media?parent=663550"}],"wp:term":[{"taxonomy":"category","embeddable":true,"href":"https:\/\/www.europesays.com\/fr\/wp-json\/wp\/v2\/categories?post=663550"},{"taxonomy":"post_tag","embeddable":true,"href":"https:\/\/www.europesays.com\/fr\/wp-json\/wp\/v2\/tags?post=663550"}],"curies":[{"name":"wp","href":"https:\/\/api.w.org\/{rel}","templated":true}]}}