{"id":663562,"date":"2026-01-14T18:54:10","date_gmt":"2026-01-14T18:54:10","guid":{"rendered":"https:\/\/www.europesays.com\/fr\/663562\/"},"modified":"2026-01-14T18:54:10","modified_gmt":"2026-01-14T18:54:10","slug":"affaire-de-la-sextape-a-saint-etienne-le-proces-en-appel-devrait-se-tenir-au-printemps","status":"publish","type":"post","link":"https:\/\/www.europesays.com\/fr\/663562\/","title":{"rendered":"Affaire de la sextape \u00e0 Saint-\u00c9tienne : le proc\u00e8s en appel devrait se tenir au printemps"},"content":{"rendered":"<p>Le proc\u00e8s en appel de l&rsquo;affaire de la sextape \u00e0 Saint-\u00c9tienne devrait se tenir entre les 8 et 12 juin 2026. Des dates qui sont encore \u00e0 confirmer. Pour rappel, l&rsquo;ancien maire Ga\u00ebl Perdriau, l&rsquo;ancien adjoint Samy K\u00e9fi-J\u00e9r\u00f4me et Gilles Rossary-Lenglet seront de nouveau jug\u00e9s devant la Cour d&rsquo;appel de Lyon.<\/p>\n<p>L&rsquo;\u00e9pilogue de l&rsquo;<b>affaire de la sextape<\/b> au printemps ? C&rsquo;est en tout cas ce que laissent penser les premi\u00e8res dates propos\u00e9es pour le proc\u00e8s en appel de <b>Ga\u00ebl Perdriau<\/b>, <b>Samy K\u00e9fi-J\u00e9r\u00f4me<\/b> et <b>Gilles Rossary-Lenglet<\/b>.<\/p>\n<p>Un proc\u00e8s \u00e0 Lyon en juin ?<\/p>\n<p>Les trois hommes devraient \u00eatre rejug\u00e9s devant la Cour d&rsquo;appel de Lyon <b>entre le 8 et le 12 juin 2026<\/b>. Un proc\u00e8s sur cinq jours donc.<\/p>\n<p>Mais ces dates restent \u00e0 confirmer. Selon nos confr\u00e8res <a class=\"url\" href=\"https:\/\/c.leprogres.fr\/faits-divers-justice\/2026\/01\/14\/affaire-de-la-sextape-le-proces-en-appel-programme-en-juin\" target=\"_blank\" rel=\"noopener\">du Progr\u00e8s<\/a>, ces dates sont seulement des propositions faites aux diff\u00e9rents avocats. Ces derniers vont devoir pr\u00e9ciser s&rsquo;ils sont disponibles ou non \u00e0 cette p\u00e9riode.<\/p>\n<p>En attendant, les quatre condamn\u00e9s (dont l&rsquo;ancien directeur de cabinet du maire Pierre Gauttieri qui n&rsquo;a pas fait appel) <a class=\"url\" href=\"https:\/\/www.radioscoop.com\/infos\/affaire-de-la-sextape-a-saint-etienne-gael-perdriau-annonce-son-incarceration-ce-mercredi_346016\" target=\"_blank\" rel=\"noopener\">sont toujours incarc\u00e9r\u00e9s<\/a>.<\/p>\n<p><img loading=\"lazy\" decoding=\"async\" src=\"https:\/\/www.europesays.com\/fr\/wp-content\/uploads\/2026\/01\/1768416850_193_img.png\" width=\"350\" height=\"200\" border=\"0\" title=\"L'ancien maire de Saint-\u00c3\u0089tienne, Ga\u00c3\u00abl Perdriau\"\/><\/p>\n<p>\u25baPolice &#8211; Justice<\/p>\n<p style=\"font-size: 22px;\"><b>Ga\u00ebl Perdriau condamn\u00e9 : \u00ab\u00a0la fin du cauchemar\u00a0\u00bb pour l&rsquo;opposition \u00e0 Saint-\u00c9tienne<\/b><\/p>\n<p>Plus de deux mois apr\u00e8s le proc\u00e8s, le tribunal&#8230;<\/p>\n<p><\/p>\n","protected":false},"excerpt":{"rendered":"Le proc\u00e8s en appel de l&rsquo;affaire de la sextape \u00e0 Saint-\u00c9tienne devrait se tenir entre les 8 et&hellip;\n","protected":false},"author":2,"featured_media":663563,"comment_status":"","ping_status":"","sticky":false,"template":"","format":"standard","meta":{"footnotes":""},"categories":[9653],"tags":[1111,11,2430,1777,674,1011,27,12,24321,25,9920,4001,48100],"class_list":{"0":"post-663562","1":"post","2":"type-post","3":"status-publish","4":"format-standard","5":"has-post-thumbnail","7":"category-saint-etienne","8":"tag-actu","9":"tag-actualites","10":"tag-auvergne-rhone-alpes","11":"tag-eu","12":"tag-europe","13":"tag-fr","14":"tag-france","15":"tag-news","16":"tag-perdriau","17":"tag-republique-francaise","18":"tag-saint-tienne","19":"tag-saint-etienne","20":"tag-sextape"},"share_on_mastodon":{"url":"https:\/\/pubeurope.com\/@fr\/115894974295738777","error":""},"_links":{"self":[{"href":"https:\/\/www.europesays.com\/fr\/wp-json\/wp\/v2\/posts\/663562","targetHints":{"allow":["GET"]}}],"collection":[{"href":"https:\/\/www.europesays.com\/fr\/wp-json\/wp\/v2\/posts"}],"about":[{"href":"https:\/\/www.europesays.com\/fr\/wp-json\/wp\/v2\/types\/post"}],"author":[{"embeddable":true,"href":"https:\/\/www.europesays.com\/fr\/wp-json\/wp\/v2\/users\/2"}],"replies":[{"embeddable":true,"href":"https:\/\/www.europesays.com\/fr\/wp-json\/wp\/v2\/comments?post=663562"}],"version-history":[{"count":0,"href":"https:\/\/www.europesays.com\/fr\/wp-json\/wp\/v2\/posts\/663562\/revisions"}],"wp:featuredmedia":[{"embeddable":true,"href":"https:\/\/www.europesays.com\/fr\/wp-json\/wp\/v2\/media\/663563"}],"wp:attachment":[{"href":"https:\/\/www.europesays.com\/fr\/wp-json\/wp\/v2\/media?parent=663562"}],"wp:term":[{"taxonomy":"category","embeddable":true,"href":"https:\/\/www.europesays.com\/fr\/wp-json\/wp\/v2\/categories?post=663562"},{"taxonomy":"post_tag","embeddable":true,"href":"https:\/\/www.europesays.com\/fr\/wp-json\/wp\/v2\/tags?post=663562"}],"curies":[{"name":"wp","href":"https:\/\/api.w.org\/{rel}","templated":true}]}}