{"id":663564,"date":"2026-01-14T18:55:12","date_gmt":"2026-01-14T18:55:12","guid":{"rendered":"https:\/\/www.europesays.com\/fr\/663564\/"},"modified":"2026-01-14T18:55:12","modified_gmt":"2026-01-14T18:55:12","slug":"nancy-une-action-du-pcf-54-permet-que-des-oliveraies-reprennent-pied-en-palestine","status":"publish","type":"post","link":"https:\/\/www.europesays.com\/fr\/663564\/","title":{"rendered":"Nancy. Une action du PCF 54 permet que des oliveraies reprennent pied en Palestine"},"content":{"rendered":"<p>Six mois apr\u00e8s son lancement, la collecte de fonds a d\u00e9pass\u00e9 10\u00a0% de l\u2019objectif que souhaitent atteindre \u00e0 terme les repr\u00e9sentants de la F\u00e9d\u00e9ration de Meurthe-et-Moselle du Parti Communiste et des Jeunesses communistes 54.<\/p>\n<p><a href=\"https:\/\/www.estrepublicain.fr\/politique\/2025\/06\/06\/palestine-le-pc-54-soutient-l-action-1-million-d-oliviers-pour-la-paix\" target=\"_blank\" rel=\"noopener\">Depuis l\u2019appel \u00e0 participation relay\u00e9 en juin dernier par l\u2019organisation politique<\/a> en coordination avec l\u2019association Amiti\u00e9 Palestine solidarit\u00e9, 1\u00a0500\u00a0\u20ac ont \u00e9t\u00e9 vers\u00e9s en contribution \u00e0 la campagne 1\u00a0million d\u2019oliviers pour la paix en Palestine, en r\u00e9f\u00e9rence au nombre estim\u00e9s de pieds arrach\u00e9s depuis 1967 sur les territoires palestiniens. \u00ab\u00a0Cela a permis l\u2019achat de 150 arbres\u00a0\u00bb, rappelle le conseiller municipal de Nancy Morand Perrin, ajoutant qu\u2019ils \u00ab\u00a0font partie d\u2019un premier envoi collectif adress\u00e9 \u00e0 l\u2019Association des agronomes arabes (AAA)\u00a0\u00bb.<\/p>\n<p>  Une action plus que symbolique<\/p>\n<p>Ces arbres seront prochainement plant\u00e9s dans les r\u00e9gions de Tulkarem et Cheikh Jarrar en Cisjordanie.<\/p>\n<p>\u00ab\u00a0Dans les prochaines semaines, la campagne de solidarit\u00e9 va se poursuivre, notamment avec des petits-d\u00e9jeuners solidaires organis\u00e9s par les Jeunesses communistes dans les facs de Nancy, indique encore Morand Perrin. Le principe est que les militants tiennent une table avec du caf\u00e9, de la brioche et du jus d\u2019orange propos\u00e9s \u00e0 prix libre \u00e0 destination des usagers des campus (\u00e9tudiants, personnels, enseignants-chercheurs\u2026). Les fonds r\u00e9colt\u00e9s seront adress\u00e9s pour de nouveaux oliviers.\u00a0\u00bb<\/p>\n","protected":false},"excerpt":{"rendered":"Six mois apr\u00e8s son lancement, la collecte de fonds a d\u00e9pass\u00e9 10\u00a0% de l\u2019objectif que souhaitent atteindre \u00e0&hellip;\n","protected":false},"author":2,"featured_media":663565,"comment_status":"","ping_status":"","sticky":false,"template":"","format":"standard","meta":{"footnotes":""},"categories":[9635],"tags":[1111,11,327,33,1704,436,1777,674,1011,27,775,3457,1702,1703,12,8387,316,25,104,1631],"class_list":{"0":"post-663564","1":"post","2":"type-post","3":"status-publish","4":"format-standard","5":"has-post-thumbnail","7":"category-nancy","8":"tag-actu","9":"tag-actualites","10":"tag-agriculture","11":"tag-economie","12":"tag-edition-nancy-et-agglomeration","13":"tag-environnement","14":"tag-eu","15":"tag-europe","16":"tag-fr","17":"tag-france","18":"tag-grand-est","19":"tag-meurthe-et-moselle","20":"tag-nancy","21":"tag-nancy-ville-54b","22":"tag-news","23":"tag-parti-communiste","24":"tag-politique","25":"tag-republique-francaise","26":"tag-societe","27":"tag-vie-associative"},"share_on_mastodon":{"url":"https:\/\/pubeurope.com\/@fr\/115894978085786635","error":""},"_links":{"self":[{"href":"https:\/\/www.europesays.com\/fr\/wp-json\/wp\/v2\/posts\/663564","targetHints":{"allow":["GET"]}}],"collection":[{"href":"https:\/\/www.europesays.com\/fr\/wp-json\/wp\/v2\/posts"}],"about":[{"href":"https:\/\/www.europesays.com\/fr\/wp-json\/wp\/v2\/types\/post"}],"author":[{"embeddable":true,"href":"https:\/\/www.europesays.com\/fr\/wp-json\/wp\/v2\/users\/2"}],"replies":[{"embeddable":true,"href":"https:\/\/www.europesays.com\/fr\/wp-json\/wp\/v2\/comments?post=663564"}],"version-history":[{"count":0,"href":"https:\/\/www.europesays.com\/fr\/wp-json\/wp\/v2\/posts\/663564\/revisions"}],"wp:featuredmedia":[{"embeddable":true,"href":"https:\/\/www.europesays.com\/fr\/wp-json\/wp\/v2\/media\/663565"}],"wp:attachment":[{"href":"https:\/\/www.europesays.com\/fr\/wp-json\/wp\/v2\/media?parent=663564"}],"wp:term":[{"taxonomy":"category","embeddable":true,"href":"https:\/\/www.europesays.com\/fr\/wp-json\/wp\/v2\/categories?post=663564"},{"taxonomy":"post_tag","embeddable":true,"href":"https:\/\/www.europesays.com\/fr\/wp-json\/wp\/v2\/tags?post=663564"}],"curies":[{"name":"wp","href":"https:\/\/api.w.org\/{rel}","templated":true}]}}