{"id":663566,"date":"2026-01-14T18:56:12","date_gmt":"2026-01-14T18:56:12","guid":{"rendered":"https:\/\/www.europesays.com\/fr\/663566\/"},"modified":"2026-01-14T18:56:12","modified_gmt":"2026-01-14T18:56:12","slug":"necrologie-deces-de-colette-schmitt","status":"publish","type":"post","link":"https:\/\/www.europesays.com\/fr\/663566\/","title":{"rendered":"N\u00e9crologie. D\u00e9c\u00e8s de Colette Schmitt"},"content":{"rendered":"<p>Nous apprenons le d\u00e9c\u00e8s de Colette Schmitt, survenu le jeudi 8\u00a0janvier \u00e0 l\u2019h\u00f4pital Central \u00e0 Nancy.<\/p>\n<p>N\u00e9e \u00e0 Liverdun en 1934, Colette \u00e9tait l\u2019a\u00een\u00e9e de Claude, son unique fr\u00e8re, de 11 ans son cadet.<\/p>\n<p>Elle y a effectu\u00e9 sa scolarit\u00e9 jusqu\u2019\u00e0 l\u2019obtention de son CAP de couturi\u00e8re, tout en travaillant \u00e0 l\u2019entreprise Lerebourg. Elle a ensuite exerc\u00e9 divers emplois administratifs \u00e0 Nancy.<\/p>\n<p>En 1958, \u00e0 Liverdun, Colette \u00e9pouse un militaire de l\u2019arm\u00e9e de l\u2019air.<\/p>\n<p>Au fil des affectations de son \u00e9poux, le couple r\u00e9side successivement \u00e0 Strasbourg, Colomb-B\u00e9char, Arcachon et Nancy. En 1960, elle est embauch\u00e9e chez Les Rapides de Lorraine, puis \u00e0 l\u2019imprimerie Humblot. Elle divorce en 1976.<\/p>\n<p>D\u00e8s sa retraite, Colette se consacre \u00e0 la garde d\u2019enfants et veille sur son p\u00e8re, Alfred Schmitt.<\/p>\n<p>Elle se passionne pour la couture et le jardinage, et participe \u00e0 plusieurs voyages organis\u00e9s par un comit\u00e9 d\u2019entreprise\u00a0: Canada, Inde, Vietnam, pays nordiques.<\/p>\n<p>Install\u00e9e depuis plus de 35 ans rue Edmond-About \u00e0 Nancy, elle entretenait des liens \u00e9troits avec ses voisins.<\/p>\n<p>Colette laisse le souvenir d\u2019une personne souriante, chaleureuse, serviable, toujours disponible.<\/p>\n","protected":false},"excerpt":{"rendered":"Nous apprenons le d\u00e9c\u00e8s de Colette Schmitt, survenu le jeudi 8\u00a0janvier \u00e0 l\u2019h\u00f4pital Central \u00e0 Nancy. N\u00e9e \u00e0&hellip;\n","protected":false},"author":2,"featured_media":663567,"comment_status":"","ping_status":"","sticky":false,"template":"","format":"standard","meta":{"footnotes":""},"categories":[9635],"tags":[1111,11,9223,1704,1777,674,1011,27,775,1702,1703,1391,12,25,104],"class_list":{"0":"post-663566","1":"post","2":"type-post","3":"status-publish","4":"format-standard","5":"has-post-thumbnail","7":"category-nancy","8":"tag-actu","9":"tag-actualites","10":"tag-carnet-du-jour","11":"tag-edition-nancy-et-agglomeration","12":"tag-eu","13":"tag-europe","14":"tag-fr","15":"tag-france","16":"tag-grand-est","17":"tag-nancy","18":"tag-nancy-ville-54b","19":"tag-necrologie","20":"tag-news","21":"tag-republique-francaise","22":"tag-societe"},"share_on_mastodon":{"url":"https:\/\/pubeurope.com\/@fr\/115894981985888540","error":""},"_links":{"self":[{"href":"https:\/\/www.europesays.com\/fr\/wp-json\/wp\/v2\/posts\/663566","targetHints":{"allow":["GET"]}}],"collection":[{"href":"https:\/\/www.europesays.com\/fr\/wp-json\/wp\/v2\/posts"}],"about":[{"href":"https:\/\/www.europesays.com\/fr\/wp-json\/wp\/v2\/types\/post"}],"author":[{"embeddable":true,"href":"https:\/\/www.europesays.com\/fr\/wp-json\/wp\/v2\/users\/2"}],"replies":[{"embeddable":true,"href":"https:\/\/www.europesays.com\/fr\/wp-json\/wp\/v2\/comments?post=663566"}],"version-history":[{"count":0,"href":"https:\/\/www.europesays.com\/fr\/wp-json\/wp\/v2\/posts\/663566\/revisions"}],"wp:featuredmedia":[{"embeddable":true,"href":"https:\/\/www.europesays.com\/fr\/wp-json\/wp\/v2\/media\/663567"}],"wp:attachment":[{"href":"https:\/\/www.europesays.com\/fr\/wp-json\/wp\/v2\/media?parent=663566"}],"wp:term":[{"taxonomy":"category","embeddable":true,"href":"https:\/\/www.europesays.com\/fr\/wp-json\/wp\/v2\/categories?post=663566"},{"taxonomy":"post_tag","embeddable":true,"href":"https:\/\/www.europesays.com\/fr\/wp-json\/wp\/v2\/tags?post=663566"}],"curies":[{"name":"wp","href":"https:\/\/api.w.org\/{rel}","templated":true}]}}