{"id":663574,"date":"2026-01-14T19:00:13","date_gmt":"2026-01-14T19:00:13","guid":{"rendered":"https:\/\/www.europesays.com\/fr\/663574\/"},"modified":"2026-01-14T19:00:13","modified_gmt":"2026-01-14T19:00:13","slug":"la-resilience-des-arbres-face-aux-agressions-physiques-non-au-beton-invite-la-specialiste-catherine-lenne-ce-jeudi-soir-a-montpellier","status":"publish","type":"post","link":"https:\/\/www.europesays.com\/fr\/663574\/","title":{"rendered":"La r\u00e9silience des arbres face aux agressions physiques\u00a0: Non au b\u00e9ton invite la sp\u00e9cialiste Catherine Lenne, ce jeudi soir \u00e0 Montpellier"},"content":{"rendered":"<p>\n                                                                \u00ab\u00a0Comment faire face aux traumas de la vie quand on est un arbre\u00a0?\u00a0\u00bb\u00a0: c\u2019est le th\u00e8me de la conf\u00e9rence organis\u00e9e ce jeudi 15\u00a0janvier, \u00e0 18\u00a0h\u00a030, \u00e0 la Villa Maguelone \u00e0 Montpellier, par l\u2019association Non au b\u00e9ton. Invit\u00e9e\u00a0: l\u2019enseignante-chercheuse Catherine Lenne, docteure en physiologie v\u00e9g\u00e9tale.\n                            <\/p>\n<p>L\u2019arbre face aux traumatismes de la vie\u00a0: c\u2019est le sujet qu\u2019a choisi d\u2019aborder l\u2019association Non au b\u00e9ton, lors de la conf\u00e9rence qu\u2019elle organise ce jeudi 15\u00a0janvier \u00e0 18\u00a0h\u00a030 \u00e0 la Villa Maguelone \u00e0 Montpellier.<\/p>\n<p>Peut-on comparer la r\u00e9silience des hommes et celle des arbres\u00a0?<\/p>\n<p>Pourquoi les arbres sont parfois tordus, rampants, pench\u00e9s\u00a0? Comment l\u2019arbre r\u00e9agit-il aux agressions physiques et comment se reconstruit-il apr\u00e8s un accident\u00a0? Quelles sont les conditions d\u2019une r\u00e9silience r\u00e9ussie\u00a0? Peut-on comparer la r\u00e9silience humaine et celle des arbres\u00a0? Autant de questions qui seront abord\u00e9es lors de cette soir\u00e9e, avec comme invit\u00e9e Catherine Lenne, docteure en physiologie v\u00e9g\u00e9tale, enseignante-chercheuse \u00e0 l\u2019Universit\u00e9 Clermont-Auvergne.<\/p>\n<p>La sensibilit\u00e9 des arbres<\/p>\n<p>Chercheuse au laboratoire de Physique et physiologie Int\u00e9gratives de l\u2019Arbre en environnement fluctuant, o\u00f9 elle \u00e9tudie la sensibilit\u00e9 et les r\u00e9ponses des arbres face aux stimulations m\u00e9caniques, Catherine Lenne observe que\u00a0chez les arbres comme chez les humains, la survie passe souvent par la capacit\u00e9 \u00e0 se transformer.<\/p>\n<p>Sa conf\u00e9rence sera suivie du verre de l\u2019amiti\u00e9 et d\u2019une s\u00e9ance de d\u00e9dicaces de ses livres, qui seront disponibles sur place.<\/p>\n<p>(*) Villa Maguelone, 31 avenue Saint-Lazare \u00e0 Montpellier. Entr\u00e9e libre, r\u00e9servation par mail\u00a0: contact@nonaubeton.org<\/p>\n","protected":false},"excerpt":{"rendered":"\u00ab\u00a0Comment faire face aux traumas de la vie quand on est un arbre\u00a0?\u00a0\u00bb\u00a0: c\u2019est le th\u00e8me de la&hellip;\n","protected":false},"author":2,"featured_media":663575,"comment_status":"","ping_status":"","sticky":false,"template":"","format":"standard","meta":{"footnotes":""},"categories":[9599],"tags":[1111,11,436,1777,674,1011,27,7089,2208,12,2680,25],"class_list":{"0":"post-663574","1":"post","2":"type-post","3":"status-publish","4":"format-standard","5":"has-post-thumbnail","7":"category-montpellier","8":"tag-actu","9":"tag-actualites","10":"tag-environnement","11":"tag-eu","12":"tag-europe","13":"tag-fr","14":"tag-france","15":"tag-herault","16":"tag-montpellier","17":"tag-news","18":"tag-occitanie","19":"tag-republique-francaise"},"share_on_mastodon":{"url":"https:\/\/pubeurope.com\/@fr\/115894997888860880","error":""},"_links":{"self":[{"href":"https:\/\/www.europesays.com\/fr\/wp-json\/wp\/v2\/posts\/663574","targetHints":{"allow":["GET"]}}],"collection":[{"href":"https:\/\/www.europesays.com\/fr\/wp-json\/wp\/v2\/posts"}],"about":[{"href":"https:\/\/www.europesays.com\/fr\/wp-json\/wp\/v2\/types\/post"}],"author":[{"embeddable":true,"href":"https:\/\/www.europesays.com\/fr\/wp-json\/wp\/v2\/users\/2"}],"replies":[{"embeddable":true,"href":"https:\/\/www.europesays.com\/fr\/wp-json\/wp\/v2\/comments?post=663574"}],"version-history":[{"count":0,"href":"https:\/\/www.europesays.com\/fr\/wp-json\/wp\/v2\/posts\/663574\/revisions"}],"wp:featuredmedia":[{"embeddable":true,"href":"https:\/\/www.europesays.com\/fr\/wp-json\/wp\/v2\/media\/663575"}],"wp:attachment":[{"href":"https:\/\/www.europesays.com\/fr\/wp-json\/wp\/v2\/media?parent=663574"}],"wp:term":[{"taxonomy":"category","embeddable":true,"href":"https:\/\/www.europesays.com\/fr\/wp-json\/wp\/v2\/categories?post=663574"},{"taxonomy":"post_tag","embeddable":true,"href":"https:\/\/www.europesays.com\/fr\/wp-json\/wp\/v2\/tags?post=663574"}],"curies":[{"name":"wp","href":"https:\/\/api.w.org\/{rel}","templated":true}]}}