{"id":663588,"date":"2026-01-14T19:07:12","date_gmt":"2026-01-14T19:07:12","guid":{"rendered":"https:\/\/www.europesays.com\/fr\/663588\/"},"modified":"2026-01-14T19:07:12","modified_gmt":"2026-01-14T19:07:12","slug":"municipales-2026-a-strasbourg-un-karaoke-avec-barseghian-et-tondelier-et-un-ralliement-qui-fait-jaser","status":"publish","type":"post","link":"https:\/\/www.europesays.com\/fr\/663588\/","title":{"rendered":"Municipales 2026. \u00c0 Strasbourg, un karaok\u00e9 avec Barseghian et Tondelier, et un ralliement qui fait jaser"},"content":{"rendered":"<p>Le tout avant de participer \u00e0 la soir\u00e9e des v\u0153ux de la maire au Karmen Camina de la Manufacture des Tabacs \u00e0 la Krutenau, o\u00f9 selon un post de l\u2019\u00e9quipe des \u00e9cologistes strasbourgeois sur Instagram, les deux \u00e9lues promettent de pousser la chansonnette le temps d\u2019un\u2026 karaok\u00e9.<\/p>\n<p>Ce contenu est bloqu\u00e9 car vous n&rsquo;avez pas accept\u00e9 les cookies et autres traceurs.<\/p>\n<p>En cliquant sur \u00ab J\u2019accepte \u00bb, les cookies et autres traceurs seront d\u00e9pos\u00e9s et vous pourrez visualiser les contenus  (<a href=\"\" class=\"consentModule_policy\" target=\"_blank\" title=\"Consulter la politique de protection des donn\u00e9es du fournisseur\">plus d&rsquo;informations<\/a>).<\/p>\n<p>En cliquant sur \u00ab J\u2019accepte tous les cookies \u00bb, vous autorisez des d\u00e9p\u00f4ts de cookies et autres traceurs pour le stockage de vos donn\u00e9es sur nos sites et applications \u00e0 des fins de personnalisation et de ciblage publicitaire.<\/p>\n<p class=\"consentModule_secondaryText\">Vous gardez la possibilit\u00e9 de retirer votre consentement \u00e0 tout moment en consultant notre <a href=\"https:\/\/www.dna.fr\/protection-des-donnees\" target=\"_blank\" title=\"Consulter notre politique de protection des donn\u00e9es\" rel=\"noopener\">politique de protection des donn\u00e9es<\/a>. <br \/>&#13;<br \/>\n            <a href=\"https:\/\/www.dna.fr\/elections\/2026\/01\/14\/javascript:Didomi.notice.show()\" class=\"consentModule_cmp\" target=\"_blank\" rel=\"noopener\">G\u00e9rer mes choix<\/a>&#13;\n        <\/p>\n<p>&#13;<br \/>\n                        J&rsquo;accepte&#13;<br \/>\n            J&rsquo;accepte tous les cookies&#13;\n        <\/p>\n<p>Le co-secr\u00e9taire de la section Jean-Jaur\u00e8s de Neudorf, Jean-Jacques Fix, indique que cette d\u00e9marche \u00ab\u00a0n\u2019engage en rien notre section (qui n\u2019a \u00e9t\u00e9) ni consult\u00e9e, ni m\u00eame inform\u00e9e. S\u2019il n\u2019est pas une surprise, s\u2019il a la pr\u00e9tention de n\u2019\u00eatre pas une dissidence, ce ralliement ne restera jamais qu\u2019une aventure personnelle qui en entra\u00eenera probablement quelques autres. Mais si les changements d\u2019all\u00e9geance sont monnaie courante en politique, il est rare qu\u2019ils aient l\u2019importance que leur accordent ceux qui les pratiquent\u00a0\u00bb, pr\u00e9cise le co-secr\u00e9taire.<\/p>\n","protected":false},"excerpt":{"rendered":"Le tout avant de participer \u00e0 la soir\u00e9e des v\u0153ux de la maire au Karmen Camina de la&hellip;\n","protected":false},"author":2,"featured_media":663589,"comment_status":"","ping_status":"","sticky":false,"template":"","format":"standard","meta":{"footnotes":""},"categories":[2820],"tags":[1111,11,2880,5949,4188,1777,674,107,1011,27,775,12,316,25,640,2879],"class_list":{"0":"post-663588","1":"post","2":"type-post","3":"status-publish","4":"format-standard","5":"has-post-thumbnail","7":"category-strasbourg","8":"tag-actu","9":"tag-actualites","10":"tag-edition-strasbourg","11":"tag-elections","12":"tag-elections-municipales","13":"tag-eu","14":"tag-europe","15":"tag-fil-info","16":"tag-fr","17":"tag-france","18":"tag-grand-est","19":"tag-news","20":"tag-politique","21":"tag-republique-francaise","22":"tag-strasbourg","23":"tag-strasbourg-ville"},"share_on_mastodon":{"url":"https:\/\/pubeurope.com\/@fr\/115895026106599007","error":""},"_links":{"self":[{"href":"https:\/\/www.europesays.com\/fr\/wp-json\/wp\/v2\/posts\/663588","targetHints":{"allow":["GET"]}}],"collection":[{"href":"https:\/\/www.europesays.com\/fr\/wp-json\/wp\/v2\/posts"}],"about":[{"href":"https:\/\/www.europesays.com\/fr\/wp-json\/wp\/v2\/types\/post"}],"author":[{"embeddable":true,"href":"https:\/\/www.europesays.com\/fr\/wp-json\/wp\/v2\/users\/2"}],"replies":[{"embeddable":true,"href":"https:\/\/www.europesays.com\/fr\/wp-json\/wp\/v2\/comments?post=663588"}],"version-history":[{"count":0,"href":"https:\/\/www.europesays.com\/fr\/wp-json\/wp\/v2\/posts\/663588\/revisions"}],"wp:featuredmedia":[{"embeddable":true,"href":"https:\/\/www.europesays.com\/fr\/wp-json\/wp\/v2\/media\/663589"}],"wp:attachment":[{"href":"https:\/\/www.europesays.com\/fr\/wp-json\/wp\/v2\/media?parent=663588"}],"wp:term":[{"taxonomy":"category","embeddable":true,"href":"https:\/\/www.europesays.com\/fr\/wp-json\/wp\/v2\/categories?post=663588"},{"taxonomy":"post_tag","embeddable":true,"href":"https:\/\/www.europesays.com\/fr\/wp-json\/wp\/v2\/tags?post=663588"}],"curies":[{"name":"wp","href":"https:\/\/api.w.org\/{rel}","templated":true}]}}