{"id":663590,"date":"2026-01-14T19:08:26","date_gmt":"2026-01-14T19:08:26","guid":{"rendered":"https:\/\/www.europesays.com\/fr\/663590\/"},"modified":"2026-01-14T19:08:26","modified_gmt":"2026-01-14T19:08:26","slug":"15-sorties-pour-danser-rigoler-et-semerveiller-en-janvier","status":"publish","type":"post","link":"https:\/\/www.europesays.com\/fr\/663590\/","title":{"rendered":"15 sorties pour danser, rigoler et s\u2019\u00e9merveiller en janvier"},"content":{"rendered":"<p><b>Que tu s\u00e8ches ta conso\u2019 d\u2019alcool avec le \u00ab Dry January \u00bb ou que tu luttes pour ne pas c\u00e9der au mois le plus d\u00e9primant de l\u2019ann\u00e9e, le calendrier strasbourgeois continue de penser \u00e0 toi. Concerts \u00e0 prix libre, \u00e0 360\u00b0, clown a\u00e9rien, ballet lumineux, festival de jeux, enqu\u00eate immersive, teufs ou cinoche\u2026 Autant de bonnes raisons de ne pas rester sur ton canap\u2019, \u00e0 la maison.<\/b><\/p>\n<p>La musique<\/p>\n<p>Les soir\u00e9es du Plastic Motel \u00e0 la Kulture<\/p>\n<p>Comme chaque mois, <b>la Kulture continue d\u2019animer son espace club\u00a0: le \u00ab\u00a0Plastic Motel\u00a0\u00bb<\/b>. D\u00e8s ce soir : Meursault (Blinkd), Staary et Mateo FDT, pour une DA hardgroove, trance, hard house et techno.<\/p>\n<p><b>Vendredi 16<\/b>, on passe du Plastic Garage (avec du shoegaze et du punk) au Plastic Club (ambiance funk et disco) avec <b>les groupes Gravi\u00e8re, Feia, puis Lord Funk et Phil MRP<\/b>.<\/p>\n<p><b>Samedi 17<\/b>, hip-hop et breakbeat au menu, avec<b> Kool Dissidence <\/b>en compagnie de Lowdaa, Full J et DJ Nook.<\/p>\n<p><b>Vendredi 23, le collectif Spectr s\u2019empare des platines<\/b> avec GTK et OG TT, et leurs guests Cottam (UK) et Laisse Lucie Faire. Le lendemain, <b>samedi 24, place \u00e0 House Nation avec ATLHAS<\/b> (Souldancer \u2013 Echo) <b>et FAB<\/b> (House Nation \u2013 Souldancer).<\/p>\n<p align=\"CENTER\"><b>Quand et o\u00f9\u00a0?<br \/><\/b>En janvier<br \/>Au Plastic Motel \u2013 \u00e0 la Kulture<br \/><a href=\"https:\/\/www.instagram.com\/plasticmotel\/\" target=\"_blank\" rel=\"noopener\">+ d\u2019infos<\/a><\/p>\n<p>                <img width=\"667\" height=\"500\" src=\"https:\/\/www.europesays.com\/fr\/wp-content\/uploads\/2025\/11\/photos-kulture-samy-jour-clubimg-0069-667x500.jpeg\" class=\"attachment-gallery size-gallery\" alt=\"photos Kulture Samy jour clubIMG_0069\" data-full-url=\"https:\/\/pokaa.fr\/wp-content\/uploads\/2025\/11\/05\/photos-kulture-samy-jour-clubimg-0069.jpeg\" decoding=\"async\" loading=\"lazy\"  \/>            <\/p>\n<p>                <img width=\"375\" height=\"500\" src=\"https:\/\/www.europesays.com\/fr\/wp-content\/uploads\/2026\/01\/la-kulture-img-4943-375x500.jpeg\" class=\"attachment-gallery size-gallery\" alt=\"La Kulture IMG_4943\" data-full-url=\"https:\/\/pokaa.fr\/wp-content\/uploads\/2025\/10\/31\/la-kulture-img-4943.jpeg\" decoding=\"async\" loading=\"lazy\"  \/>            <\/p>\n<p>                <img width=\"735\" height=\"500\" src=\"https:\/\/www.europesays.com\/fr\/wp-content\/uploads\/2025\/11\/la-kulture-2-735x500.png\" class=\"attachment-gallery size-gallery\" alt=\"La Kulture (2)\" data-full-url=\"https:\/\/pokaa.fr\/wp-content\/uploads\/2025\/10\/23\/la-kulture-2.png\" decoding=\"async\" loading=\"lazy\"  \/>            <\/p>\n<p>                    1. et 2. \u00a9 Samy Compion \/ Pokaa ; 3. \u00a9 La Kulture \/ Capture d&rsquo;\u00e9cran<\/p>\n<p>ITAWAK 360\u00b0 show\u00a0: release party d&rsquo;Heimberg au Molodo\u00ef<\/p>\n<p>\u00c0 l\u2019occasion de <b>la sortie du premier album des Heimberg <\/b>(post-punk\/darkwave), <b>Itawak<\/b> s\u2019installe<b> ce samedi au Molodo\u00ef<\/b> qu\u2019il transforme \u00ab\u00a0en cat cave\u00a0\u00bb, avec <b>une sc\u00e8ne \u00e0 360\u00b0<\/b>.<\/p>\n<p>Le label strasbourgeois alignera \u00e9galement <b>Sable Sorci\u00e8re<\/b> (Coldwave\/Marseille),<b> -II-<\/b> (Trip-Hop \u2013 Darkwave\/Nancy) et <b>Post Traumatic<\/b> (DJ Darkwave \u2013 EBM \u2013 Indus \/ Berlin).<\/p>\n<p align=\"CENTER\"><b>Quand et o\u00f9\u00a0?<br \/><\/b>Samedi 17 janvier d\u00e8s 20h<br \/>Au Molodo\u00ef<br \/><a href=\"https:\/\/fb.me\/e\/5hA1Ez8QX\" target=\"_blank\" rel=\"noopener\">+ d\u2019infos<\/a><\/p>\n<\/p>\n<p>Z\u00b7est contre la vie ch\u00e8re au Molodo\u00ef<\/p>\n<p>\u00ab\u00a0C\u2019est le retour de la soir\u00e9e pour toutes les bourses\u00a0\u00bb, nous dit-on\u00a0: <b>Z\u00b7est r\u00e9investit le Molodo\u00ef<\/b> <b>le samedi 24 janvier<\/b> avec <b>Z\u00b7est contre la vie ch\u00e8re<\/b>, son \u00e9v\u00e9nement \u00e0 entr\u00e9e libre\/prix libre conseill\u00e9.<\/p>\n<p>De 18h \u00e0 5h, la webradio strasbourgeoise alignera <b>des DJ en B2B<\/b>, tir\u00e9(e)s au sort parmi ses r\u00e9sident(e)s, et <b>une contre-soir\u00e9e et un karaok\u00e9 <\/b><b>\u00ab\u00a0dans le local poubelle\u00a0\u00bb<\/b> par DJ Jumeaux.<\/p>\n<p align=\"CENTER\"><b>Quand et o\u00f9\u00a0?<br \/><\/b>Samedi 24 janvier de 18h \u00e0 5h<br \/>Au Molodo\u00ef<br \/><a href=\"https:\/\/fb.me\/e\/7eInXSEo6\" target=\"_blank\" rel=\"noopener\">+ d\u2019infos<\/a><\/p>\n<p>    <img width=\"800\" height=\"533\" src=\"https:\/\/www.europesays.com\/fr\/wp-content\/uploads\/2025\/10\/sound-systeme-dalsace-dekadub-wilfried-rion-2-sur-7-800x533.jpg\" class=\"attachment-image-size-L size-image-size-L\" alt=\"Sound System musique free party soir\u00e9e concert\" decoding=\"async\" loading=\"lazy\"  \/>         \u00a9 Wilfried Rion \/ Pokaa <\/p>\n<p>Club&rsquo;in Europe \u2013 5e \u00e9dition<\/p>\n<p>Revenant pour <b>une 5e \u00e9dition du 29 janvier au 2 f\u00e9vrier<\/b>, <b>Club\u2019in Europe <\/b>va faire groover Strasbourg pendant 5 jours.<\/p>\n<p>\u00ab\u00a0Met[tant] \u00e0 l\u2019honneur<b> la musique house, la house dance et la culture du clubbing<\/b>\u00a0\u00bb, le festival \u2013 port\u00e9 par la Compagnie Watt \u2013 se d\u00e9cline en <b>ateliers de danse, battles, mais aussi deux soir\u00e9es clubbing avec DJ sets<\/b>.<\/p>\n<p>Pour ces derni\u00e8res, <b>rendez-vous aux Ateliers \u00c9clair\u00e9s<\/b>\u00a0! Le<b> vendredi 30 avec Joey Anderson (NYC), Houseaholics (Francfort)<\/b>, Just Yasmine, El Kazed, DJ Fab et Atlhas. Et le <b>samedi 31 avec MANOO (Lyon) et Ready or Not (Freiburg, Allemagne). <\/b>Sans oublier, de Strasbourg : Ravel, Natsu, Aligatou, Bouki et Wolves.<\/p>\n<p align=\"CENTER\"><b>Quand et o\u00f9\u00a0?<br \/><\/b>Du 29 janvier au 2 f\u00e9vrier<br \/>Divers lieux \u00e0 Strasbourg (soir\u00e9es aux Ateliers \u00c9clair\u00e9s \u00e0 la Coop)<br \/><a href=\"https:\/\/ciewatt.com\/club-in-europe-en\/\" target=\"_blank\" rel=\"noopener\">+ d\u2019infos<\/a><\/p>\n<\/p>\n<p>Spectacles, cinoche et litt\u00e9rature<br \/>\n\u00ab\u00a0Les Incontournables UGC\u00a0\u00bb\u00a0: des films \u00e0 5\u20ac<\/p>\n<p>Que tu les aies loup\u00e9s \u00e0 leur sortie au cin\u00e9, ou que tu souhaites d\u00e9j\u00e0 revoir tes films pr\u00e9f\u00e9r\u00e9s de l\u2019ann\u00e9e 2025, retrouve <b>du 14 au 27 janvier Les Incontournables UGC<\/b>.<\/p>\n<p>\u00c0 l\u2019affiche\u00a0? The Brutalist de Brady Corbet, L\u2019Attachement de Carine Tardieu, Sirat d\u2019Oliver Laxe\u00a0: en tout, une vingtaine de films s\u00e9lectionn\u00e9s, au <b>tarif <\/b><b>\u00ab\u00a0exceptionnel\u00a0\u00bb <\/b><b>de 5\u20ac la place<\/b>.<\/p>\n<p align=\"CENTER\"><b>Quand et o\u00f9\u00a0?<br \/><\/b>Jusqu\u2019au 27 janvier<br \/>\u00c0 UGC Cin\u00e9 Cit\u00e9 Strasbourg (et les autres UGC)<br \/><a href=\"https:\/\/www.ugc.fr\/evenement.html?id=23\" target=\"_blank\" rel=\"noopener\">+ d\u2019infos<\/a><\/p>\n<\/p>\n<p>\u00ab\u00a0Fly me to the moon\u00a0\u00bb \u00e0 l&rsquo;Espace K<\/p>\n<p>Un peu de douceur en ce d\u00e9but d\u2019ann\u00e9e avec<b> <\/b><b>Fly me to the moon<\/b>, qui signe le retour du clown <b>Leandre Ribera \u00e0 l\u2019Espace K<\/b> (en compagnie de Laura Miralb\u00e9s). Un spectacle de <b>clowns a\u00e9riens<\/b>, \u00ab\u00a0funambules du d\u00e9sastre et de la po\u00e9sie\u00a0\u00bb (accessible d\u00e8s 8 ans).<\/p>\n<p>Le pitch\u00a0? \u00ab\u00a0<b>Une bicyclette volante<\/b>, du bois, du fer, de la poussi\u00e8re, de grosses chaussures et des chapeaux jusqu\u2019aux sourcils. La lune nous attend. \u00bb Pour r\u00eaver un instant.<\/p>\n<p align=\"CENTER\"><b>Quand et o\u00f9\u00a0?<br \/><\/b>Vendredi 16 et samedi 17 janvier \u00e0 20h<br \/>\u00c0 l\u2019Espace K<br \/><a href=\"https:\/\/www.espace-k.com\/class\/fly-me-to-the-moon\" target=\"_blank\" rel=\"noopener\">+ d\u2019infos<\/a><\/p>\n<\/p>\n<p>\u00ab\u00a0We Call it Ballet\u00a0\u00bb au Point d&rsquo;Eau<\/p>\n<p>Bient\u00f4t complet, le spectacle <b>We Call it Ballet <\/b>s\u2019appr\u00eate \u00e0 illuminer la sc\u00e8ne du<b> Point d\u2019Eau \u00e0 Ostwald<\/b>.<\/p>\n<p><b>Samedi 17 d\u00e9cembre<\/b>, il y r\u00e9interpr\u00e8tera l\u2019histoire de La Belle au bois dormant, en m\u00ealant <b>lumi\u00e8re et danse<\/b>. Une<b> sortie familiale<\/b> pour mettre des \u00e9toiles dans les yeux des petit(e)s et grand(e)s enfants (\u00e0 partir de 5 ans).<\/p>\n<p align=\"CENTER\"><b>Quand et o\u00f9\u00a0?<br \/><\/b>Samedi 17 janvier \u00e0 17h30 et 19h30<br \/>Au Point d\u2019Eau \u00e0 Ostwald<br \/><a href=\"https:\/\/lepointdeau.com\/agenda\/we-call-it\/\" target=\"_blank\" rel=\"noopener\">+ d\u2019infos<\/a><\/p>\n<p>    <img width=\"800\" height=\"533\" src=\"https:\/\/www.europesays.com\/fr\/wp-content\/uploads\/2026\/01\/ballet-fever-originals-800x533.jpg\" class=\"attachment-image-size-L size-image-size-L\" alt=\"we call it ballet\" decoding=\"async\" loading=\"lazy\"  \/>         \u00ab We call it Ballet \u00bb. \u00a9 Fever Originals \/ Document remis <\/p>\n<p>Festival \u00ab\u00a0L\u2019ann\u00e9e commence avec elles\u00a0\u00bb \u00e0 POLE-SUD<\/p>\n<p>\u00c0 chaque mois de janvier, <b>\u00ab\u00a0L\u2019ann\u00e9e commence avec elles\u00a0\u00bb \u00e0 POLE-SUD<\/b>. Un festival qui \u00ab ouvre nos regards sur une vitalite\u0301 artistique fe\u0301minine \u00bb, selon sa directrice Joe\u0308lle Smadja.<\/p>\n<p>De Performeureuses, la conf\u00e9rence gesticul\u00e9e d\u2019Hortense Belh\u00f4te, \u00e0 la puissante chor\u00e9graphie Maldonne de Le\u00efla Ka : <b>8 spectacles<\/b> qui parlent \u00ab du vieillissement, de l\u2019histoire des colonies, de notre relation a\u0300 la nature ou de nos re\u0302ves d\u2019enfants des cite\u0301s \u00bb. \u00c0 retrouver <b>du 15 au 29 janvier<\/b>.<\/p>\n<p align=\"CENTER\"><b>Quand et o\u00f9\u00a0?<br \/><\/b>Du 15 au 29 janvier<br \/>\u00c0 POLE-SUD \u2013 CDCN Strasbourg (et divers lieux partenaires)<br \/><a href=\"https:\/\/www.pole-sud.fr\/festival-acae-2026\/\" target=\"_blank\" rel=\"noopener\">+ d\u2019infos<\/a><\/p>\n<\/p>\n<p>\u00ab\u00a020 questions \u00e0 ne surtout pas poser en d\u00e9but d&rsquo;ann\u00e9e\u00a0\u00bb\u00a0: les Biblioth\u00e8ques id\u00e9ales \u00e0 la BNU<\/p>\n<p align=\"LEFT\">\u00ab\u00a0<b>20 questions \u00e0 ne <\/b><b>surtout pas<\/b><b> poser en d\u00e9but d\u2019ann\u00e9e\u00a0\u00bb<\/b>.<b> <\/b>Avec ce nouveau rendez-vous au titre aguicheur, <strong>l<\/strong><b>es Biblioth\u00e8ques id\u00e9ales<\/b> inaugurent 2026 <b>aux c\u00f4t\u00e9s d\u2019intellectuel(le)s, de philosophes, d\u2019auteurs\/rices et d\u2019artistes<\/b>.<\/p>\n<p align=\"LEFT\">D\u2019\u00ab\u00a0Un livre peut-il transformer une vie\u00a0?\u00a0\u00bb \u00e0 \u00ab Comment un r\u00e9gime totalitaire se met en place par la langue ? \u00bb :\u00a0<b>20 questions<\/b> qu\u2019ils et elles exploreront \u00e0 la BNU (Biblioth\u00e8que nationale et universitaire de Strasbourg). Des <b>rencontres gratuites<\/b>, organis\u00e9es <b>du 24 janvier au 1er f\u00e9vrier<\/b>.<\/p>\n<p align=\"CENTER\"><b>Quand et o\u00f9\u00a0?<br \/><\/b>Du 24 janvier au 1er f\u00e9vrier<br \/>\u00c0 la BNU \u2013 Biblioth\u00e8que nationale et universitaire de Strasbourg<br \/><a href=\"https:\/\/www.calameo.com\/read\/007438750a499e6bd8154?brid=dNjHBxdPtKAOfZQPBft7BA\" target=\"_blank\" rel=\"noopener\">+ d\u2019infos<\/a><\/p>\n<p>                <img width=\"400\" height=\"500\" src=\"https:\/\/www.europesays.com\/fr\/wp-content\/uploads\/2026\/01\/470180651-18474512608031661-6585170389383829254-n-400x500.jpg\" class=\"attachment-gallery size-gallery\" alt=\"biblioth\u00e8ques id\u00e9ales + temps f\u00e9minismes\" data-full-url=\"https:\/\/pokaa.fr\/wp-content\/uploads\/2025\/03\/14\/470180651-18474512608031661-6585170389383829254-n.jpg\" decoding=\"async\" loading=\"lazy\"  \/>            <\/p>\n<p>                <img width=\"333\" height=\"500\" src=\"https:\/\/www.europesays.com\/fr\/wp-content\/uploads\/2026\/01\/424612054-968958731429437-3356117452300105191-n-333x500.jpg\" class=\"attachment-gallery size-gallery\" alt=\"biblioth\u00e8ques id\u00e9ales + temps f\u00e9minismes\" data-full-url=\"https:\/\/pokaa.fr\/wp-content\/uploads\/2025\/03\/14\/424612054-968958731429437-3356117452300105191-n.jpg\" decoding=\"async\" loading=\"lazy\"  \/>            <\/p>\n<p>                    Biblioth\u00e8ques id\u00e9ales (Le Temps des F\u00e9minismes 2024). \u00a9 Alban Hefti \/ Documents remis<\/p>\n<p>Le fun<br \/>\n\u00ab\u00a0Le myst\u00e8re de la chambre 307\u00a0\u00bb\u00a0: soir\u00e9e enqu\u00eate du Comptoir du Crime au Graffalgar<\/p>\n<p align=\"LEFT\">Il s\u2019en passe des choses, \u00e0 l\u2019h\u00f4tel Graffalgar. Les <b>samedis 17 et 24 janvier<\/b>, on se penchera m\u00eame sur <b>Le myst\u00e8re de la chambre 307<\/b>, et le meurtre qui lui est associ\u00e9.<\/p>\n<p align=\"LEFT\">Propos\u00e9 l\u2019an pass\u00e9 pour l\u2019anniversaire des 10 ans de l\u2019h\u00f4tel, cet \u00ab\u00a0\u00e9v\u00e9nement live, immersif, interactif et ludique\u00a0\u00bb du <b>Comptoir du Crime<\/b> revient pour une seconde \u00e9dition, apr\u00e8s le succ\u00e8s de la premi\u00e8re.<\/p>\n<p align=\"LEFT\">Le concept\u00a0? <b>Tu m\u00e8nes l\u2019enqu\u00eate<\/b>, en interrogeant les suspect(e)s et en confrontant les indices. Et puisqu\u2019il s\u2019agit d\u2019une r\u00e9\u00e9dition, on peut te le garantir : elle a \u00e9t\u00e9 test\u00e9e et approuv\u00e9e par nos soins.<\/p>\n<p align=\"CENTER\"><b>Quand et o\u00f9\u00a0?<br \/><\/b>Les samedis 17 et 24 janvier (\u00e0 18h et 21h)<br \/>\u00c0 l\u2019h\u00f4tel Graffalgar<br \/><a href=\"https:\/\/fb.me\/e\/cKUsSGhMB\" target=\"_blank\" rel=\"noopener\">+ d\u2019infos<\/a><\/p>\n<p>                <img width=\"500\" height=\"500\" src=\"https:\/\/www.europesays.com\/fr\/wp-content\/uploads\/2026\/01\/comptoir-crime-4-500x500.jpg\" class=\"attachment-gallery size-gallery\" alt=\"comptoir crime\" data-full-url=\"https:\/\/pokaa.fr\/wp-content\/uploads\/2026\/01\/14\/comptoir-crime-4.jpg\" decoding=\"async\" loading=\"lazy\"  \/>            <\/p>\n<p>                <img width=\"500\" height=\"500\" src=\"https:\/\/www.europesays.com\/fr\/wp-content\/uploads\/2026\/01\/comptoir-crime-3-500x500.jpg\" class=\"attachment-gallery size-gallery\" alt=\"comptoir crime\" data-full-url=\"https:\/\/pokaa.fr\/wp-content\/uploads\/2026\/01\/14\/comptoir-crime-3.jpg\" decoding=\"async\" loading=\"lazy\"  \/>            <\/p>\n<p>                <img width=\"500\" height=\"500\" src=\"https:\/\/www.europesays.com\/fr\/wp-content\/uploads\/2026\/01\/comptoir-crime-2-500x500.jpg\" class=\"attachment-gallery size-gallery\" alt=\"comptoir crime\" data-full-url=\"https:\/\/pokaa.fr\/wp-content\/uploads\/2026\/01\/14\/comptoir-crime-2.jpg\" decoding=\"async\" loading=\"lazy\"  \/>            <\/p>\n<p>                    \u00a9 Pierre Frigeni \/ Documents remis<\/p>\n<p>\u00ab\u00a0White Folie\u00a0\u00bb au Moul&rsquo;1<\/p>\n<p align=\"LEFT\">Si l\u2019ambiance \u00ab\u00a0apr\u00e8s-ski\u00a0\u00bb te manque par ici, file tout schuss <b>au Moul\u20191<\/b> <b>\u00e0 Duppigheim<\/b>. Le <b>vendredi 23 janvier<\/b>, le restaurant organise sa<b> \u00ab\u00a0White Folie\u00a0\u00bb<\/b>, une soir\u00e9e dans \u00ab\u00a0une ambiance blanche, festive et raffin\u00e9e\u00a0\u00bb.<\/p>\n<p align=\"LEFT\">Outre le <b>dress code<\/b><b> \u00ab\u00a0white \/ apr\u00e8s-ski chic\u00a0\u00bb<\/b>, ce sera\u00a0: <b>d\u00eener-show<\/b>, performances en live, DJ set, chanteuse et <b>\u00ab\u00a0saxo on fire\u00a0\u00bb<\/b> au programme.<\/p>\n<p align=\"CENTER\"><b>Quand et o\u00f9\u00a0?<br \/><\/b>Vendredi 23 janvier<br \/>Au Moul\u20191 Restaurant \u00e0 Duppigheim<br \/><a href=\"https:\/\/fb.me\/e\/88peUBsc2\" target=\"_blank\" rel=\"noopener\">+ d\u2019infos<\/a><\/p>\n<p>    <img width=\"800\" height=\"631\" src=\"https:\/\/www.europesays.com\/fr\/wp-content\/uploads\/2026\/01\/le-moul1-duppigheim-6-800x631.png\" class=\"attachment-image-size-L size-image-size-L\" alt=\"Le moul\u20191 duppigheim (6)\" decoding=\"async\" loading=\"lazy\"  \/>         \u00a9 Le Moul&rsquo;1 \/ Capture d&rsquo;\u00e9cran <\/p>\n<p>\u00ab\u00a0Ludi&rsquo;Bruche\u00a0\u00bb\u00a0: festival de jeux de soci\u00e9t\u00e9 au D\u00f4me de Mutzig<\/p>\n<p align=\"LEFT\">On s\u2019\u00e9loigne encore un peu de Strasbourg (\u00e0 une vingtaine de minutes), direction<b> le D\u00f4me de Mutzig<\/b> pour finir le mois de fa\u00e7on ludique. Au programme\u00a0? La nouvelle \u00e9dition du<b> Ludi\u2019Bruche, un festival de jeux de soci\u00e9t\u00e9 familial et gratuit<\/b>.<\/p>\n<p align=\"LEFT\">Les <b>samedi 31 janvier et dimanche 1er f\u00e9vrier<\/b>, on nous promet \u00ab\u00a0une grande s\u00e9lection de jeux de soci\u00e9t\u00e9\u00a0\u00bb, des nouveaut\u00e9s et des surprises, des animations, des prototypes \u00e0 d\u00e9couvrir, et des auteurs de jeux \u00e0 rencontrer.<\/p>\n<p align=\"CENTER\"><b>Quand et o\u00f9\u00a0?<br \/><\/b>Samedi 31 janvier (de 14h \u00e0 21h) et dimanche 1er f\u00e9vrier (de 10h \u00e0 18h)<br \/>Au D\u00f4me de Mutzig<br \/><a href=\"https:\/\/fb.me\/e\/7C4P9ttVq\" target=\"_blank\" rel=\"noopener\">+ d\u2019infos<\/a><\/p>\n<p>    <img width=\"800\" height=\"600\" src=\"https:\/\/www.europesays.com\/fr\/wp-content\/uploads\/2025\/05\/philibar-image00043.jpeg\" class=\"attachment-image-size-L size-image-size-L\" alt=\"Philibar image00043\" decoding=\"async\" loading=\"lazy\"  \/>         \u00a9 Bastien Pietronave \/ Pokaa <\/p>\n<p><script async src=\"\/\/www.instagram.com\/embed.js\"><\/script><\/p>\n","protected":false},"excerpt":{"rendered":"Que tu s\u00e8ches ta conso\u2019 d\u2019alcool avec le \u00ab Dry January \u00bb ou que tu luttes pour ne&hellip;\n","protected":false},"author":2,"featured_media":663591,"comment_status":"","ping_status":"","sticky":false,"template":"","format":"standard","meta":{"footnotes":""},"categories":[2820],"tags":[1111,11,4763,1697,5972,12084,1067,1777,674,652,849,1011,27,775,326,708,5063,873,12,21919,3907,25,3140,640,27021,4064],"class_list":{"0":"post-663590","1":"post","2":"type-post","3":"status-publish","4":"format-standard","5":"has-post-thumbnail","7":"category-strasbourg","8":"tag-actu","9":"tag-actualites","10":"tag-agenda","11":"tag-concert","12":"tag-danse","13":"tag-dj-set","14":"tag-enquete","15":"tag-eu","16":"tag-europe","17":"tag-famille","18":"tag-festival","19":"tag-fr","20":"tag-france","21":"tag-grand-est","22":"tag-gratuit","23":"tag-humour","24":"tag-jeux-de-societe","25":"tag-musique","26":"tag-news","27":"tag-ou-sortir","28":"tag-que-faire","29":"tag-republique-francaise","30":"tag-spectacle","31":"tag-strasbourg","32":"tag-teuf","33":"tag-week-end"},"share_on_mastodon":{"url":"https:\/\/pubeurope.com\/@fr\/115895029744916521","error":""},"_links":{"self":[{"href":"https:\/\/www.europesays.com\/fr\/wp-json\/wp\/v2\/posts\/663590","targetHints":{"allow":["GET"]}}],"collection":[{"href":"https:\/\/www.europesays.com\/fr\/wp-json\/wp\/v2\/posts"}],"about":[{"href":"https:\/\/www.europesays.com\/fr\/wp-json\/wp\/v2\/types\/post"}],"author":[{"embeddable":true,"href":"https:\/\/www.europesays.com\/fr\/wp-json\/wp\/v2\/users\/2"}],"replies":[{"embeddable":true,"href":"https:\/\/www.europesays.com\/fr\/wp-json\/wp\/v2\/comments?post=663590"}],"version-history":[{"count":0,"href":"https:\/\/www.europesays.com\/fr\/wp-json\/wp\/v2\/posts\/663590\/revisions"}],"wp:featuredmedia":[{"embeddable":true,"href":"https:\/\/www.europesays.com\/fr\/wp-json\/wp\/v2\/media\/663591"}],"wp:attachment":[{"href":"https:\/\/www.europesays.com\/fr\/wp-json\/wp\/v2\/media?parent=663590"}],"wp:term":[{"taxonomy":"category","embeddable":true,"href":"https:\/\/www.europesays.com\/fr\/wp-json\/wp\/v2\/categories?post=663590"},{"taxonomy":"post_tag","embeddable":true,"href":"https:\/\/www.europesays.com\/fr\/wp-json\/wp\/v2\/tags?post=663590"}],"curies":[{"name":"wp","href":"https:\/\/api.w.org\/{rel}","templated":true}]}}