{"id":663609,"date":"2026-01-14T19:19:10","date_gmt":"2026-01-14T19:19:10","guid":{"rendered":"https:\/\/www.europesays.com\/fr\/663609\/"},"modified":"2026-01-14T19:19:10","modified_gmt":"2026-01-14T19:19:10","slug":"marine-le-pen-a-marseille-la-tete-daffiche-du-rn-attendue-pour-une-raison-tres-precise","status":"publish","type":"post","link":"https:\/\/www.europesays.com\/fr\/663609\/","title":{"rendered":"Marine Le Pen \u00e0 Marseille. La t\u00eate d&rsquo;affiche du RN attendue pour une raison tr\u00e8s pr\u00e9cise"},"content":{"rendered":"<p>                    Par<br \/>\n        <strong><br \/>\n            <a href=\"https:\/\/actu.fr\/auteur\/thibault-nadal-actu-fr\" title=\"Consulter tous les articles de Thibault Nadal\" target=\"_blank\" rel=\"noopener\">Thibault Nadal<\/a><br \/>\n                    <\/strong><\/p>\n<p>        Publi\u00e9 le<\/p>\n<p>            14 janv. 2026 \u00e0 14h48<br \/>\n        ; mis \u00e0 jour le 14 janv. 2026 \u00e0 17h46    <\/p>\n<p>Le dernier acte d\u2019une semaine d\u2019une semaine bien charg\u00e9e. <a href=\"https:\/\/actu.fr\/politique\/le-proces-en-appel-de-marine-le-pen-s-ouvre-mardi-quand-sera-t-elle-fixee-pour-la-presidentielle-de-2027_63685710.html\" target=\"_blank\" rel=\"noopener\">Jug\u00e9e en appel<\/a> depuis mardi apr\u00e8s sa condamnation <a href=\"https:\/\/actu.fr\/politique\/proces-du-rn-condamnee-marine-le-pen-sera-ineligible-pour-la-presidentielle-de-2027_62437488.html\" target=\"_blank\" rel=\"noopener\">quatre ans de prison et cinq ans d\u2019in\u00e9ligibilit\u00e9<\/a> dans <strong>l\u2019affaire des emplois fictifs d\u2019assistants d\u2019eurod\u00e9put\u00e9s<\/strong>, <a href=\"https:\/\/actu.fr\/tag\/marine-le-pen\" target=\"_blank\" rel=\"noopener\">Marine Le\u00a0Pen<\/a> doit quitter <a href=\"https:\/\/actu.fr\/paris\/\" target=\"_blank\" rel=\"noopener\">Paris<\/a> ce vendredi 16\u00a0janvier 2026.<\/p>\n<p class=\" wall-content\">La figure du <a href=\"https:\/\/actu.fr\/tag\/rassemblement-national-rn\" target=\"_blank\" rel=\"noopener\">Rassemblement national<\/a> est attendue \u00e0 <a href=\"https:\/\/actu.fr\/marseille\/\" target=\"_blank\" rel=\"noopener\">Marseille<\/a> pour assister \u00e0 la c\u00e9r\u00e9monie des v\u0153ux de <a href=\"https:\/\/actu.fr\/provence-alpes-cote-d-azur\/marseille_13055\/municipales-2026-a-marseille-le-rn-peut-creer-la-surprise-assure-franck-allisio_62903402.html\" target=\"_blank\" rel=\"noopener\">Franck Allisio<\/a>, le candidat du parti d\u2019extr\u00eame droite \u00e0 la mairie.<\/p>\n<p class=\" wall-content\">Voici ce qui est pr\u00e9vu.<\/p>\n<p>D\u00e8s 19h au parc Chanot<\/p>\n<p class=\" wall-content\">\u00c0 deux mois du premier tour des \u00e9lections municipales, le candidat du RN, entend surfer sur la dynamique. Dans <a href=\"https:\/\/actu.fr\/provence-alpes-cote-d-azur\/marseille_13055\/municipales-a-marseille-le-rn-menace-benoit-payan-martine-vassal-decroche-selon-ce-sondage_63684321.html\" target=\"_blank\" rel=\"noopener\">un dernier sondage paru en d\u00e9but de semaine<\/a>, il est cr\u00e9dit\u00e9 de <strong>30\u2009% d\u2019intentions de votes<\/strong>, \u00e0 \u00e9galit\u00e9 avec <a href=\"https:\/\/actu.fr\/tag\/benoit-payan\" target=\"_blank\" rel=\"noopener\">Beno\u00eet Payan<\/a>, le maire (DVG) sortant.<\/p>\n<p class=\" wall-content\">\n<p class=\" wall-content\">Pour continuer \u00e0 mobiliser les foules et b\u00e9n\u00e9ficier d\u2019un soutien de poids, Franck Allisio a donc invit\u00e9 Marine Le\u00a0Pen \u00e0 sa c\u00e9r\u00e9monie de v\u0153ux. Celle-ci se tient ce vendredi, <strong>\u00e0 partir de 19h au parc Chanot<\/strong> dans le 8e arrondissement.<\/p>\n<p>    <a href=\"https:\/\/www.google.com\/maps\/embed?pb=!1m18!1m12!1m3!1d1452.4948189335141!2d5.3891672983947645!3d43.27259290000001!2m3!1f0!2f0!3f0!3m2!1i1024!2i768!4f13.1!3m3!1m2!1s0x12c9b8a5835ebfa9%3A0x8345456cdbe33e53!2sMarseille%20Chanot!5e0!3m2!1sfr!2sfr!4v1768396813794!5m2!1sfr!2sfr\" title=\"Ouvrie le lien\" target=\"_blank\" rel=\"noopener\">Cliquez ici pour visualiser le contenu<\/a><\/p>\n<p>Marseille \u00ab\u2009a toujours eu une place bien particuli\u00e8re dans le c\u0153ur de Marine\u2009\u00bb<\/p>\n<p class=\" wall-content\">Sur le formulaire d\u2019inscription, Franck Allisio explique que Marseille \u00ab\u2009a toujours eu une place bien particuli\u00e8re dans le c\u0153ur de Marine qui sait que <strong>le devenir de Marseille pr\u00e9sage l\u2019avenir de la France<\/strong>\u2009\u00bb.<\/p>\n<p>Votre r\u00e9gion, votre actu !<\/p>\n<p>Recevez chaque jour les infos qui comptent pour vous.<\/p>\n<p>\t<a href=\"https:\/\/actu.fr\/newsletter\" class=\"ac-btn ac-btn--corner ac-btn--medium ac-btn--blue800\" target=\"_blank\" rel=\"noopener\">S&rsquo;incrire<\/a><\/p>\n<blockquote class=\"ac-article-quote wall-content\">\n<p>Sa pr\u00e9sence vendredi est une marque de confiance et d&rsquo;amiti\u00e9 qui nous honore. Faisons-lui ensemble le meilleur accueil qui soit !<\/p>\n<p>    <strong>Franck Allisio<\/strong>\n            <\/p><\/blockquote>\n<p class=\" wall-content\">En marge de l\u2019ouverture de son proc\u00e8s, Marine Le\u00a0Pen a confirm\u00e9 qu\u2019elle allait tout de m\u00eame continuer ses d\u00e9placements dans toute la France, citant notamment Marseille o\u00f9 elle se rend \u00ab\u2009pour <strong>soutenir Franck Allisio<\/strong>\u2009\u00bb.<\/p>\n<p class=\" wall-content\">Samedi, la pr\u00e9sidente du groupe RN \u00e0 l\u2019Assembl\u00e9e nationale sera \u00e9galement pr\u00e9sente en milieu de matin\u00e9e \u00e0 <a href=\"https:\/\/actu.fr\/provence-alpes-cote-d-azur\/plan-de-cuques_13075\" target=\"_blank\" rel=\"noopener\">Plan-de-Cuques<\/a> (<a href=\"https:\/\/actu.fr\/provence-alpes-cote-d-azur\/bouches-du-rhone_13\" target=\"_blank\" rel=\"noopener\">Bouches-du-Rh\u00f4ne<\/a>) pour <strong>une d\u00e9ambulation sur un march\u00e9<\/strong>.<\/p>\n<p class=\" wall-content\">Personnalisez votre actualit\u00e9 en ajoutant vos villes et m\u00e9dias en favori avec <a href=\"https:\/\/moncompte.actu.fr\" title=\"D\u00e9couvez Mon Actu\" rel=\"nofollow noopener\" data-trk=\"{&quot;cta&quot;:{&quot;action&quot;:&quot;https:\\\/\\\/moncompte.actu.fr&quot;,&quot;category&quot;:&quot;mon compte&quot;,&quot;from&quot;:&quot;article footer&quot;,&quot;name&quot;:&quot;Mon actu&quot;,&quot;type&quot;:&quot;cta&quot;}}\" target=\"_blank\">Mon Actu<\/a>.<\/p>\n","protected":false},"excerpt":{"rendered":"Par Thibault Nadal Publi\u00e9 le 14 janv. 2026 \u00e0 14h48 ; mis \u00e0 jour le 14 janv. 2026&hellip;\n","protected":false},"author":2,"featured_media":663610,"comment_status":"","ping_status":"","sticky":false,"template":"","format":"standard","meta":{"footnotes":""},"categories":[2814],"tags":[1111,11,4188,1777,674,1011,27,430,884,3434,12,316,882,2556,25],"class_list":{"0":"post-663609","1":"post","2":"type-post","3":"status-publish","4":"format-standard","5":"has-post-thumbnail","7":"category-marseille","8":"tag-actu","9":"tag-actualites","10":"tag-elections-municipales","11":"tag-eu","12":"tag-europe","13":"tag-fr","14":"tag-france","15":"tag-marine-le-pen","16":"tag-marseille","17":"tag-municipales-2026","18":"tag-news","19":"tag-politique","20":"tag-provence-alpes-cote-dazur","21":"tag-rassemblement-national-rn","22":"tag-republique-francaise"},"share_on_mastodon":{"url":"https:\/\/pubeurope.com\/@fr\/115895072516630297","error":""},"_links":{"self":[{"href":"https:\/\/www.europesays.com\/fr\/wp-json\/wp\/v2\/posts\/663609","targetHints":{"allow":["GET"]}}],"collection":[{"href":"https:\/\/www.europesays.com\/fr\/wp-json\/wp\/v2\/posts"}],"about":[{"href":"https:\/\/www.europesays.com\/fr\/wp-json\/wp\/v2\/types\/post"}],"author":[{"embeddable":true,"href":"https:\/\/www.europesays.com\/fr\/wp-json\/wp\/v2\/users\/2"}],"replies":[{"embeddable":true,"href":"https:\/\/www.europesays.com\/fr\/wp-json\/wp\/v2\/comments?post=663609"}],"version-history":[{"count":0,"href":"https:\/\/www.europesays.com\/fr\/wp-json\/wp\/v2\/posts\/663609\/revisions"}],"wp:featuredmedia":[{"embeddable":true,"href":"https:\/\/www.europesays.com\/fr\/wp-json\/wp\/v2\/media\/663610"}],"wp:attachment":[{"href":"https:\/\/www.europesays.com\/fr\/wp-json\/wp\/v2\/media?parent=663609"}],"wp:term":[{"taxonomy":"category","embeddable":true,"href":"https:\/\/www.europesays.com\/fr\/wp-json\/wp\/v2\/categories?post=663609"},{"taxonomy":"post_tag","embeddable":true,"href":"https:\/\/www.europesays.com\/fr\/wp-json\/wp\/v2\/tags?post=663609"}],"curies":[{"name":"wp","href":"https:\/\/api.w.org\/{rel}","templated":true}]}}