{"id":663611,"date":"2026-01-14T19:20:13","date_gmt":"2026-01-14T19:20:13","guid":{"rendered":"https:\/\/www.europesays.com\/fr\/663611\/"},"modified":"2026-01-14T19:20:13","modified_gmt":"2026-01-14T19:20:13","slug":"sa-maison-discrete-et-chaleureuse-devenue-son-havre-de-paix","status":"publish","type":"post","link":"https:\/\/www.europesays.com\/fr\/663611\/","title":{"rendered":"sa maison \u201cdiscr\u00e8te et chaleureuse\u201d devenue son havre de paix"},"content":{"rendered":"<p>                             Par Sorelle Spet<\/p>\n<p>                Le 14 janvier 2026 \u00e0 18h49<\/p>\n<p>                                    <img decoding=\"async\" src=\"https:\/\/www.europesays.com\/fr\/wp-content\/uploads\/2026\/01\/4b76233542a0ee31e94ec063d0a395b30b0ea797f4318edaf2190ccfc1b5cb6d.jpg\" alt=\"Ce jeudi 15 janvier dans Gala N\u00b01701, d\u00e9couvrez le sommaire en vid\u00e9o\u00a0!\" class=\"a11y-hidden\" fetchpriority=\"high\"\/><\/p>\n<p class=\"fig-standfirst\">\n    Soprano fait partie de ceux qui ont appliqu\u00e9 \u00e0 la lettre le proverbe\u00a0: \u00abOn n\u2019est jamais mieux servi que par soi-m\u00eame.\u00bb En effet, le chanteur de 47 ans s\u2019est charg\u00e9 lui-m\u00eame des travaux de la maison dans laquelle il vit avec sa femme et ses quatre enfants. Un v\u00e9ritable havre de paix, situ\u00e9 dans un quartier de Marseille qui lui est cher et qu\u2019il a pens\u00e9 dans les moindres d\u00e9tails.<\/p>\n<p class=\"fig-paragraph\">Il est souvent difficile, quand on est une c\u00e9l\u00e9brit\u00e9, de retrouver\u00a0<a href=\"http:\/\/www.gala.fr\/l_actu\/news_de_stars\/george-clooney-est-desormais-citoyen-francais-il-l-a-prouve-aux-golden-globes-20260112\" data-fig-type=\"Article\" data-gtm-custom-categorie=\"navigation\" data-gtm-custom-action=\"crossclick\" data-gtm-custom-label=\"Contextuel\" data-gtm-event=\"customEventSPE\" data-fig-domain=\"GALA\" target=\"_blank\" rel=\"noopener\">ce petit refuge<\/a>\u00a0qui nous permet de d\u00e9connecter de l\u2019effervescence et de l\u2019agitation du star-system\u2026 Mais Soprano l\u2019a fait, sans m\u00eame devoir quitter sa ville natale, Marseille. C\u2019est pour\u00a0<a href=\"https:\/\/www.gala.fr\/l_actu\/news_de_stars\/soprano-cette-maison-quil-a-fait-construire-pour-ses-parents-aux-comores_447739\" data-fig-type=\"Article\" data-gtm-custom-categorie=\"navigation\" data-gtm-custom-action=\"crossclick\" data-gtm-custom-label=\"Contextuel\" data-gtm-event=\"customEventSPE\" data-fig-domain=\"GALA\" target=\"_blank\" rel=\"noopener\">une b\u00e2tisse\u00a0<\/a>situ\u00e9e dans le quartier de La Belle de Mai que l\u2019artiste, qui souffle sa 47e bougie ce 14 janvier, a craqu\u00e9 quelques ann\u00e9es plus t\u00f4t. Une maison en apparence modeste, qu\u2019il a enti\u00e8rement r\u00e9nov\u00e9e pour qu\u2019elle r\u00e9ponde aux besoins de\u00a0<a href=\"http:\/\/www.gala.fr\/l_actu\/news_de_stars\/soprano-papa-son-bel-hommage-a-ses-3-enfants-ils-ont-modifie-ma-facon-de-voir-le-monde-20250714\" data-fig-type=\"Article\" data-gtm-custom-categorie=\"navigation\" data-gtm-custom-action=\"crossclick\" data-gtm-custom-label=\"Contextuel\" data-gtm-event=\"customEventSPE\" data-fig-domain=\"GALA\" target=\"_blank\" rel=\"noopener\">sa tribu<\/a>\u00a0et en faire un cocon \u00abdiscret et chaleureux\u00bb. Nos confr\u00e8res du\u00a0<a href=\"https:\/\/www.lejournaldelamaison.fr\/le-journal-de-la-maison\/reportages-maisons\/maisons-classiques\/sopranoflambe-pas-il-ouvre-portes-sa-maison-modeste-marseille-il-vit-avec-4-enfants-515773.html\" target=\"_blank\" rel=\"nofollow noopener\" data-gtm-custom-categorie=\"navigation\" data-gtm-custom-action=\"crossclick\" data-gtm-custom-label=\"Contextuel\" data-gtm-event=\"customEventSPE\">Journal de la Maison<\/a> \u00a0rapportent que chaque pi\u00e8ce a \u00e9t\u00e9 soigneusement pens\u00e9e pour que la famille y coule des jours heureux\u00a0: une cuisine conviviale, une chambre pour chaque enfant et un espace s\u00e9jour ouvert sur le jardin.<\/p>\n<p class=\"fig-paragraph\">En s\u2019attelant lui-m\u00eame aux travaux alors qu\u2019il n\u2019y connaissait rien, Soprano avait une id\u00e9e bien pr\u00e9cise\u00a0: offrir s\u00e9curit\u00e9, confort et simplicit\u00e9 \u00e0 son \u00e9pouse et \u00e0 leurs enfants. En effet, le chanteur n\u2019est pas un amateur du tape-\u00e0-l\u2019\u0153il ou des derni\u00e8res technologies s\u2019apparentant \u00e0 des gadgets. Ce qu\u2019il d\u00e9sirait n\u2019\u00e9tait rien d\u2019autre qu\u2019<a href=\"http:\/\/www.gala.fr\/l_actu\/news_de_stars\/interview-soprano-mon-sourire-peut-paraitre-lisse-mais-20250710\" data-fig-type=\"Article\" data-gtm-custom-categorie=\"navigation\" data-gtm-custom-action=\"crossclick\" data-gtm-custom-label=\"Contextuel\" data-gtm-event=\"customEventSPE\" data-fig-domain=\"GALA\" target=\"_blank\" rel=\"noopener\">un espace de vie serein<\/a>\u00a0pour un foyer heureux, loin du stress de la ville. Mais pour r\u00e9aliser son r\u00eave, le p\u00e8re de famille a d\u00fb s\u2019armer de patience car, c\u00f4t\u00e9 travaux, r\u00e9novation, bricolage\u2026 il partait de z\u00e9ro\u00a0! Et \u00e0 force de pers\u00e9v\u00e9rance, de tutos YouTube et gr\u00e2ce aux conseils de ses amis artisans, Soprano peut se f\u00e9liciter de vivre aujourd\u2019hui dans la maison de ses r\u00eaves qui n\u2019est pas qu\u2019une \u00abfa\u00e7ade brillante\u00bb.<\/p>\n<p>                                                                <a href=\"#slideshow-header\"><\/p>\n<p class=\"fig-slideshow__title\">\n                    PHOTOS &#8211; Pierre Niney, Julia Vignali et Kad Merad\u2026 Ces c\u00e9l\u00e9brit\u00e9s qui vivent dans une ferme\n                <\/p>\n<p>    <\/a><br \/>\n                                                                <a class=\"fig-a11y-skip\" href=\"#fig-a11y-skip-main-inarticle\" data-module=\"a11y-skip\" data-context=\"was @visible\"><br \/>\n    Passer la publicit\u00e9<br \/>\n<\/a>            <\/p>\n<p>                                                                Soprano voue un amour sans limite \u00e0 sa ville ador\u00e9e, Marseille<\/p>\n<p class=\"fig-paragraph\">Marseille est bien plus qu\u2019une simple ville pour Soprano. Profond\u00e9ment attach\u00e9 \u00e0 la cit\u00e9 phoc\u00e9enne qui l\u2019a vu na\u00eetre, grandir et s\u2019\u00e9panouir en tant qu\u2019artiste, le p\u00e8re de famille ne se voit pour rien au monde quitter ce lieu. D\u2019ailleurs, celui qui\u00a0<a href=\"http:\/\/www.gala.fr\/l_actu\/news_de_stars\/soprano-pret-a-mettre-la-chanson-de-cote-pour-la-comedie-sa-reponse-surprenante-20250630\" data-fig-type=\"Article\" data-gtm-custom-categorie=\"navigation\" data-gtm-custom-action=\"crossclick\" data-gtm-custom-label=\"Contextuel\" data-gtm-event=\"customEventSPE\" data-fig-domain=\"GALA\" target=\"_blank\" rel=\"noopener\">s\u2019essaie depuis peu \u00e0 la com\u00e9die\u00a0<\/a>n\u2019a pas h\u00e9sit\u00e9 une seconde \u00e0<a href=\"http:\/\/www.gala.fr\/lifestyle\/marseille-a-travers-les-yeux-de-soprano-decouvrez-10-lieux-qui-racontent-sa-vie-20250726\" data-fig-type=\"Article\" data-gtm-custom-categorie=\"navigation\" data-gtm-custom-action=\"crossclick\" data-gtm-custom-label=\"Contextuel\" data-gtm-event=\"customEventSPE\" data-fig-domain=\"GALA\" target=\"_blank\" rel=\"noopener\">\u00a0jouer les guides<\/a>\u00a0pour la plateforme GetYourGuide. Du mythique Vieux-Port au Panier, Soprano a arpent\u00e9 les quartiers embl\u00e9matiques de Marseille, vantant \u00e0 chaque coin de rue la beaut\u00e9 de la ville, sa richesse culturelle, sa diversit\u00e9 gastronomique, son histoire, le tout, saupoudr\u00e9 de quelques anecdotes personnelles\u00a0!<\/p>\n<p class=\"fig-paragraph\">Article \u00e9crit avec la collaboration de 6Medias.<\/p>\n","protected":false},"excerpt":{"rendered":"Par Sorelle Spet Le 14 janvier 2026 \u00e0 18h49 Soprano fait partie de ceux qui ont appliqu\u00e9 \u00e0&hellip;\n","protected":false},"author":2,"featured_media":663612,"comment_status":"","ping_status":"","sticky":false,"template":"","format":"standard","meta":{"footnotes":""},"categories":[2814],"tags":[1111,11,9260,1777,674,1011,27,2142,884,12,882,16132,25,10826,35039],"class_list":{"0":"post-663611","1":"post","2":"type-post","3":"status-publish","4":"format-standard","5":"has-post-thumbnail","7":"category-marseille","8":"tag-actu","9":"tag-actualites","10":"tag-confidences","11":"tag-eu","12":"tag-europe","13":"tag-fr","14":"tag-france","15":"tag-maison","16":"tag-marseille","17":"tag-news","18":"tag-provence-alpes-cote-dazur","19":"tag-refuge","20":"tag-republique-francaise","21":"tag-soprano","22":"tag-vie-de-famille"},"share_on_mastodon":{"url":"https:\/\/pubeurope.com\/@fr\/115895076451668518","error":""},"_links":{"self":[{"href":"https:\/\/www.europesays.com\/fr\/wp-json\/wp\/v2\/posts\/663611","targetHints":{"allow":["GET"]}}],"collection":[{"href":"https:\/\/www.europesays.com\/fr\/wp-json\/wp\/v2\/posts"}],"about":[{"href":"https:\/\/www.europesays.com\/fr\/wp-json\/wp\/v2\/types\/post"}],"author":[{"embeddable":true,"href":"https:\/\/www.europesays.com\/fr\/wp-json\/wp\/v2\/users\/2"}],"replies":[{"embeddable":true,"href":"https:\/\/www.europesays.com\/fr\/wp-json\/wp\/v2\/comments?post=663611"}],"version-history":[{"count":0,"href":"https:\/\/www.europesays.com\/fr\/wp-json\/wp\/v2\/posts\/663611\/revisions"}],"wp:featuredmedia":[{"embeddable":true,"href":"https:\/\/www.europesays.com\/fr\/wp-json\/wp\/v2\/media\/663612"}],"wp:attachment":[{"href":"https:\/\/www.europesays.com\/fr\/wp-json\/wp\/v2\/media?parent=663611"}],"wp:term":[{"taxonomy":"category","embeddable":true,"href":"https:\/\/www.europesays.com\/fr\/wp-json\/wp\/v2\/categories?post=663611"},{"taxonomy":"post_tag","embeddable":true,"href":"https:\/\/www.europesays.com\/fr\/wp-json\/wp\/v2\/tags?post=663611"}],"curies":[{"name":"wp","href":"https:\/\/api.w.org\/{rel}","templated":true}]}}