{"id":663615,"date":"2026-01-14T19:22:20","date_gmt":"2026-01-14T19:22:20","guid":{"rendered":"https:\/\/www.europesays.com\/fr\/663615\/"},"modified":"2026-01-14T19:22:20","modified_gmt":"2026-01-14T19:22:20","slug":"lyon-les-urgences-de-lhopital-edouard-herriot-saturees-des-soignants-a-bout-alertent","status":"publish","type":"post","link":"https:\/\/www.europesays.com\/fr\/663615\/","title":{"rendered":"Lyon. Les urgences de l&rsquo;h\u00f4pital \u00c9douard-Herriot satur\u00e9es, des soignants \u00e0 bout alertent"},"content":{"rendered":"<p>                    Par<br \/>\n        <strong><br \/>\n            <a href=\"https:\/\/actu.fr\/auteur\/emma-ressegaire\" title=\"Consulter tous les articles de Emma Ressegaire\" target=\"_blank\" rel=\"noopener\">Emma Ressegaire<\/a><br \/>\n                    <\/strong><\/p>\n<p>        Publi\u00e9 le<\/p>\n<p>            14 janv. 2026 \u00e0 18h19        <\/p>\n<p>Ils tirent la sonnette d\u2019alarme.\u00a0Les soignants de l\u2019<a href=\"https:\/\/actu.fr\/auvergne-rhone-alpes\/lyon_69123\/lyon-deux-hommes-blesses-par-balles-s-ecroulent-a-l-hopital-la-police-intervient_63637887.html\" target=\"_blank\" rel=\"noopener\">h\u00f4pital \u00c9douard-Herriot<\/a> (HEH), situ\u00e9 dans le 3\u1d49 arrondissement de <a href=\"https:\/\/actu.fr\/auvergne-rhone-alpes\/lyon_69123\" target=\"_blank\" rel=\"noopener\">Lyon<\/a>, sont <strong>particuli\u00e8rement inquiets<\/strong> face \u00e0 la situation qu\u2019ils vivent.<br \/>En effet, les urgences sont satur\u00e9es depuis une dizaine de jours et les agents sont \u00e9puis\u00e9s. \u00ab\u00a0C\u2019est la premi\u00e8re fois que j\u2019ai des soignantes qui me disent qu\u2019elles souhaitent utiliser <strong>leur droit de retrait\u00a0\u00bb<\/strong>, indique Cha\u00efbia Janssen, d\u00e9l\u00e9gu\u00e9e du personnel du syndicat FA-FPH (F\u00e9d\u00e9ration autonome de la fonction publique hospitali\u00e8re) de l\u2019HEH.\u00a0<\/p>\n<p>De 5 minutes \u00e0 2 heures<\/p>\n<p class=\" wall-content\">Actuellement et en moyenne, plus de 250 personnes passent chaque jour par les urgences de cet h\u00f4pital. Le flux de patients a explos\u00e9 <strong>suite \u00e0 deux facteurs<\/strong> : une <a href=\"https:\/\/actu.fr\/auvergne-rhone-alpes\/lyon_69123\/la-grippe-explose-en-france-variant-k-quelle-situation-dans-le-rhone-et-a-lyon_63621907.html\" target=\"_blank\" rel=\"noopener\">\u00e9pid\u00e9mie de grippe<\/a> s\u00e9v\u00e8re cet hiver et <a href=\"https:\/\/actu.fr\/auvergne-rhone-alpes\/lyon_69123\/greve-des-medecins-a-quoi-s-attendre-a-lyon-et-dans-le-rhone_63657920.html\" target=\"_blank\" rel=\"noopener\">la gr\u00e8ve actuelle des m\u00e9decins lib\u00e9raux<\/a>. \u00ab\u00a0Le temps d\u2019attente juste pour \u00eatre enregistr\u00e9 est pass\u00e9 de cinq minutes \u00e0 deux heures\u00a0\u00bb, indique le syndicat dans un communiqu\u00e9.\u00a0<\/p>\n<p class=\" wall-content\"><strong>Face \u00e0 des conditions de travail qui se d\u00e9gradent <\/strong>en raison d\u2019une explosion de l\u2019affluence, le syndicat FA-FPH a alert\u00e9 l\u2019ARS et l\u2019inspection du travail \u00ab\u00a0suite \u00e0 l\u2019inertie de la direction face \u00e0 cette situation dramatique\u00a0\u00bb. \u00ab\u00a0Le risque de violences sur les soignants se multiplie car plus les gens attendent, plus ils sont \u00e9nerv\u00e9s et \u00e7a retombe sur les agents\u00a0\u00bb, ajoute Cha\u00efbia Janssen.<\/p>\n<p class=\" wall-content\">De plus, <strong>le risque de d\u00e9c\u00e8s de patients<\/strong> augmente \u00e9tant donn\u00e9 que la prise en charge est plus longue.<\/p>\n<p>Le plan blanc demand\u00e9\u00a0<\/p>\n<p class=\" wall-content\">Face \u00e0 cette situation extr\u00eamement tendue, les soignants et leurs syndicats demandent \u00e0 la direction d\u2019activer <strong>le plan blanc<\/strong>.<\/p>\n<p class=\" wall-content\">Pour rappel, il s\u2019agit d\u2019un dispositif r\u00e9glementaire permettant \u00e0 un \u00e9tablissement de sant\u00e9 de mobiliser<strong> l\u2019ensemble de ses ressources humaines, mat\u00e9rielles et organisationnelles<\/strong> afin de faire face \u00e0 une situation sanitaire exceptionnelle. \u00ab\u00a0De nombreux h\u00f4pitaux l\u2019ont d\u00e9j\u00e0 activ\u00e9. Les agents le r\u00e9clament.\u00a0\u00bb<\/p>\n<p>Votre r\u00e9gion, votre actu !<\/p>\n<p>Recevez chaque jour les infos qui comptent pour vous.<\/p>\n<p>\t<a href=\"https:\/\/actu.fr\/newsletter\" class=\"ac-btn ac-btn--corner ac-btn--medium ac-btn--blue800\" target=\"_blank\" rel=\"noopener\">S&rsquo;incrire<\/a><br \/>\nDes mesures mises en place qui ne satisfont pas<\/p>\n<p class=\" wall-content\">Contact\u00e9s par nos soins, les<a href=\"https:\/\/actu.fr\/tag\/hospices-civils-de-lyon-hcl\" target=\"_blank\" rel=\"noopener\"> Hospices civils de Lyon<\/a> indiquent que, face \u00e0 une augmentation d\u2019activit\u00e9, <strong>leur organisation a \u00e9t\u00e9 adapt\u00e9e<\/strong>. Les mesures suivantes auraient \u00e9t\u00e9 mises en \u0153uvre :<\/p>\n<ul class=\" wall-content\">\n<li>Renforcement des effectifs des services d\u2019urgences ;<\/li>\n<li><strong>Mobilisation de l\u2019ensemble des services hospitaliers<\/strong> pour prioriser la fluidification des prises en charge aux urgences dans l\u2019organisation des activit\u00e9s, notamment en chirurgie orthop\u00e9dique et en imagerie m\u00e9dicale ;<\/li>\n<li>Priorisation de l\u2019aval des urgences dans les admissions en service d\u2019hospitalisation (m\u00e9decine, g\u00e9riatrie, chirurgie).<\/li>\n<\/ul>\n<p class=\" wall-content\">\u00ab\u00a0<strong>Les HCL privil\u00e9gient ces mesures concr\u00e8tes<\/strong> et op\u00e9rationnelles de soutien aux \u00e9quipes des services d\u2019urgences au d\u00e9clenchement d\u2019un plan blanc qui impacterait la prise en charge des patients programm\u00e9s\u00a0\u00bb, nous dit-on. Un plan blanc entra\u00eenerait en effet le report d\u2019op\u00e9rations programm\u00e9es.<\/p>\n<p>Les soignants toujours pas satisfaits<\/p>\n<p class=\" wall-content\">Une r\u00e9ponse qui <strong>ne satisfait toujours pas<\/strong> les soignants qui pensent que les mesures cit\u00e9es repr\u00e9sentent une solution superficielle et temporaire face \u00e0 un probl\u00e8me majeur qui pourrait s\u2019aggraver dans le temps.<\/p>\n<p class=\" wall-content\">\u00ab\u00a0Ils mobilisent des soignants de l\u2019UHCD (Unit\u00e9 d\u2019hospitalisation de courte dur\u00e9e) et de l\u2019UPC (Unit\u00e9 psychiatrique de crise) pour renforcer l\u2019\u00e9quipe des urgences lorsque cela est possible mais ils ne sont pas form\u00e9s et cela <strong>fragilise les autres services<\/strong>\u00ab\u00a0, conclut Cha\u00efbia Janssen.<\/p>\n<p class=\" wall-content\">Personnalisez votre actualit\u00e9 en ajoutant vos villes et m\u00e9dias en favori avec <a href=\"https:\/\/moncompte.actu.fr\" title=\"D\u00e9couvez Mon Actu\" rel=\"nofollow noopener\" data-trk=\"{&quot;cta&quot;:{&quot;action&quot;:&quot;https:\\\/\\\/moncompte.actu.fr&quot;,&quot;category&quot;:&quot;mon compte&quot;,&quot;from&quot;:&quot;article footer&quot;,&quot;name&quot;:&quot;Mon actu&quot;,&quot;type&quot;:&quot;cta&quot;}}\" target=\"_blank\">Mon Actu<\/a>.<\/p>\n","protected":false},"excerpt":{"rendered":"Par Emma Ressegaire Publi\u00e9 le 14 janv. 2026 \u00e0 18h19 Ils tirent la sonnette d\u2019alarme.\u00a0Les soignants de l\u2019h\u00f4pital&hellip;\n","protected":false},"author":2,"featured_media":663616,"comment_status":"","ping_status":"","sticky":false,"template":"","format":"standard","meta":{"footnotes":""},"categories":[1889],"tags":[1111,11,2430,1777,674,1011,27,100,23742,2428,12,25,71,104],"class_list":{"0":"post-663615","1":"post","2":"type-post","3":"status-publish","4":"format-standard","5":"has-post-thumbnail","7":"category-lyon","8":"tag-actu","9":"tag-actualites","10":"tag-auvergne-rhone-alpes","11":"tag-eu","12":"tag-europe","13":"tag-fr","14":"tag-france","15":"tag-hopital","16":"tag-hospices-civils-de-lyon-hcl","17":"tag-lyon","18":"tag-news","19":"tag-republique-francaise","20":"tag-sante","21":"tag-societe"},"share_on_mastodon":{"url":"https:\/\/pubeurope.com\/@fr\/115895084138578318","error":""},"_links":{"self":[{"href":"https:\/\/www.europesays.com\/fr\/wp-json\/wp\/v2\/posts\/663615","targetHints":{"allow":["GET"]}}],"collection":[{"href":"https:\/\/www.europesays.com\/fr\/wp-json\/wp\/v2\/posts"}],"about":[{"href":"https:\/\/www.europesays.com\/fr\/wp-json\/wp\/v2\/types\/post"}],"author":[{"embeddable":true,"href":"https:\/\/www.europesays.com\/fr\/wp-json\/wp\/v2\/users\/2"}],"replies":[{"embeddable":true,"href":"https:\/\/www.europesays.com\/fr\/wp-json\/wp\/v2\/comments?post=663615"}],"version-history":[{"count":0,"href":"https:\/\/www.europesays.com\/fr\/wp-json\/wp\/v2\/posts\/663615\/revisions"}],"wp:featuredmedia":[{"embeddable":true,"href":"https:\/\/www.europesays.com\/fr\/wp-json\/wp\/v2\/media\/663616"}],"wp:attachment":[{"href":"https:\/\/www.europesays.com\/fr\/wp-json\/wp\/v2\/media?parent=663615"}],"wp:term":[{"taxonomy":"category","embeddable":true,"href":"https:\/\/www.europesays.com\/fr\/wp-json\/wp\/v2\/categories?post=663615"},{"taxonomy":"post_tag","embeddable":true,"href":"https:\/\/www.europesays.com\/fr\/wp-json\/wp\/v2\/tags?post=663615"}],"curies":[{"name":"wp","href":"https:\/\/api.w.org\/{rel}","templated":true}]}}