{"id":663619,"date":"2026-01-14T19:25:10","date_gmt":"2026-01-14T19:25:10","guid":{"rendered":"https:\/\/www.europesays.com\/fr\/663619\/"},"modified":"2026-01-14T19:25:10","modified_gmt":"2026-01-14T19:25:10","slug":"derniers-voeux-danne-hidalgo-entre-bilan-et-manifeste-politique","status":"publish","type":"post","link":"https:\/\/www.europesays.com\/fr\/663619\/","title":{"rendered":"derniers v\u0153ux d&rsquo;Anne Hidalgo, entre bilan et manifeste politique"},"content":{"rendered":"<p>                    Par<br \/>\n        <strong><br \/>\n            <a href=\"https:\/\/actu.fr\/auteur\/marie-amelie-marchal\" title=\"Consulter tous les articles de Marie Amelie Marchal\" target=\"_blank\" rel=\"noopener\">Marie Amelie Marchal<\/a><br \/>\n                    <\/strong><\/p>\n<p>        Publi\u00e9 le<\/p>\n<p>            14 janv. 2026 \u00e0 18h19        <\/p>\n<p>Ambiance fin de r\u00e8gne dans la salle des f\u00eates de l\u2019h\u00f4tel de ville de Paris. Ce mercredi 14\u00a0janvier 2026, Anne Hidalgo pr\u00e9sentait <a href=\"https:\/\/actu.fr\/ile-de-france\/paris_75056\/deux-mandats-sont-suffisants-anne-hidalgo-ne-se-sera-pas-candidate-aux-municipales-de-2026-a-paris_61915886.html\" target=\"_blank\" rel=\"noopener\">ses derniers v\u0153ux<\/a> en tant que maire de la capitale.\u00a0L\u2019occasion pour l\u2019\u00e9dile socialiste de dresser un bilan de son action et de \u00ab\u2009r\u00e9tablir quelques v\u00e9rit\u00e9s\u2009\u00bb \u00e0 deux mois des <a href=\"https:\/\/actu.fr\/paris\/politique\/elections-municipales\" target=\"_blank\" rel=\"noopener\">\u00e9lections municipales<\/a>.<\/p>\n<p class=\" wall-content\">Si \u00e0 la fin de la c\u00e9r\u00e9monie, Anne Hidalgo s\u2019est d\u00e9fendue \u00ab\u2009d\u2019embarquer la mairie de Paris dans un discours \u00e9lectoral\u2009\u00bb, le scrutin \u00e9tait bien au c\u0153ur des pr\u00e9occupations. Bien que \u00ab\u2009tenue \u00e0 la r\u00e9serve\u2009\u00bb, l\u2019\u00e9lue a conc\u00e9d\u00e9 vouloir que \u00ab<strong>\u2009Paris reste une ville de gauche<\/strong> et progressiste\u2009\u00bb. Sans pour autant un mot \u00e0 l\u2019adresse de son <a href=\"https:\/\/actu.fr\/ile-de-france\/paris_75056\/legislatives-2024-elu-des-le-premier-tour-emmanuel-gregoire-va-t-il-demissionner-de-la-mairie-de-paris_61297719.html\" target=\"_blank\" rel=\"noopener\">poulain d\u00e9chu<\/a> et ancien premier adjoint, <a href=\"https:\/\/actu.fr\/tag\/emmanuel-gregoire\" target=\"_blank\" rel=\"noopener\">Emmanuel Gr\u00e9goire<\/a>, candidat \u00e0 sa succession.<\/p>\n<p class=\" wall-content\">Et de tacler sans la nommer, Rachida Dati, candidate LR aux municipales. \u00ab\u00a0Il y a de grands dangers face \u00e0 nous. Je pense qu\u2019une candidate de droite est capable de faire l\u2019union avec l\u2019extr\u00eame droite\u2009\u00bb. \u00c0 l\u2019extr\u00eame droite, deux candidats sont en lice\u2009: <a href=\"https:\/\/actu.fr\/ile-de-france\/paris_75056\/municipales-2026-a-paris-comment-le-rn-prepare-les-elections-sans-la-candidature-de-marion-marechal_63196495.html\" target=\"_blank\" rel=\"noopener\">Thierry Mariani<\/a> pour le RN et <a href=\"https:\/\/actu.fr\/ile-de-france\/paris_75056\/municipales-a-paris-propos-racistes-fuite-de-donnees-le-site-de-campagne-tres-polemique-de-sarah-knafo_63678533.html\" target=\"_blank\" rel=\"noopener\">Sarah Knafo<\/a> pour Reconqu\u00eate.<\/p>\n<p>\u00ab\u2009Notre gestion est bonne et j\u2019en suis fi\u00e8re\u2009\u00bb<\/p>\n<p class=\" wall-content\">Au pupitre, la maire sortante a profit\u00e9 de l\u2019occasion pour faire un point face aux \u00ab\u2009fake news, ing\u00e9rence et contre-v\u00e9rit\u00e9s\u2009\u00bb. Derni\u00e8re passe d\u2019armes entre l\u2019opposition et la majorit\u00e9 en date, la<strong> dur\u00e9e de d\u00e9sendettement<\/strong> de la Ville.<\/p>\n<p class=\" wall-content\">\u00ab\u2009Aujourd\u2019hui, je vous le dis, je vais laisser une \u00e9pargne brute de pr\u00e8s de 800\u00a0millions d\u2019euros et une dur\u00e9e de d\u00e9sendettement de 12\u00a0ans. Je le redis, 12\u00a0ans\u2009\u00bb, r\u00e9pond Anne Hidalgo apr\u00e8s les \u00ab\u200940\u00a0ans\u2009\u00bb \u00e9voqu\u00e9s par Rachida Dati sur un plateau t\u00e9l\u00e9.<\/p>\n<blockquote class=\"ac-article-quote wall-content\">\n<p>\u00ab\u00a0Le commissaire aux comptes, sous le contr\u00f4le de la Cour des comptes, le confirme. Notre gestion est bonne. Et j&rsquo;en suis fi\u00e8re.\u00a0Point de faillite, point d&rsquo;insinc\u00e9rit\u00e9, point de mise sous tutelle.\u00a0\u00bb<\/p>\n<p>    <strong>Anne Hidalgo<\/strong><br \/>\n        Maire de Paris     <\/p><\/blockquote>\n<p class=\" wall-content\">Dans son <a href=\"https:\/\/www.ccomptes.fr\/sites\/default\/files\/2025-10\/IDR2025-42.pdf\" target=\"_blank\" rel=\"noopener\">rapport<\/a> en date du 10\u00a0octobre 2025, la Cour des comptes indiquait que\u2009: \u00ab\u2009La d\u00e9gradation de la CAF (capacit\u00e9 d\u2019autofinancement, NDLR) brute en 2024 qui s\u2019\u00e9l\u00e8ve \u00e0 268,7 M\u20ac contre 760\u00a0M\u20ac en 2023 a un impact sur la capacit\u00e9 de d\u00e9sendettement de la Ville de Paris, qui s\u2019\u00e9tablit \u00e0 plus de 32\u00a0ans en 2024, contre plus de 10\u00a0ans en 2023, alors que les ratios prudentiels applicables aux collectivit\u00e9s locales la situent au maximum \u00e0 12\u00a0ans.\u2009\u00bb<\/p>\n<p>Votre r\u00e9gion, votre actu !<\/p>\n<p>Recevez chaque jour les infos qui comptent pour vous.<\/p>\n<p>\t<a href=\"https:\/\/actu.fr\/newsletter\" class=\"ac-btn ac-btn--corner ac-btn--medium ac-btn--blue800\" target=\"_blank\" rel=\"noopener\">S&rsquo;incrire<\/a><\/p>\n<p class=\" wall-content\">Et d\u2019appeler \u00e0 \u00ab\u2009l\u2019honn\u00eatet\u00e9 dans le d\u00e9bat municipal qui s\u2019ouvre\u2009\u00bb.<\/p>\n<p>Agressions p\u00e9dophiles dans les \u00e9coles\u2009: \u00ab\u2009Ni excuse, ni complaisance\u2009\u00bb<\/p>\n<p class=\" wall-content\">L\u2019\u00e9dile est aussi revenue sur le scandale des <a href=\"https:\/\/actu.fr\/ile-de-france\/paris_75056\/soupcons-de-pedophilie-dans-des-ecoles-de-paris-le-rectorat-suspend-trois-enseignants-de-maternelle_63410803.html\" target=\"_blank\" rel=\"noopener\">agressions sexuelles<\/a> dans les <a href=\"https:\/\/actu.fr\/ile-de-france\/paris_75056\/un-fleau-chaque-mois-un-scandale-d-agression-sexuelle-eclabousse-le-milieu-de-la-petite-enfance-a-paris_63446911.html\" target=\"_blank\" rel=\"noopener\">\u00e9coles parisiennes<\/a>. \u00ab\u2009Oui, des <a href=\"https:\/\/actu.fr\/ile-de-france\/paris_75056\/paris-un-animateur-de-l-ecole-bullourde-vise-par-une-plainte-pour-viol-aggrave-sur-une-fillette-de-4-ans_63436111.html\" target=\"_blank\" rel=\"noopener\">faits inadmissibles<\/a>, inacceptables, d\u2019une gravit\u00e9 extr\u00eame, ont eu lieu. Nous y r\u00e9pondons. Nous sommes intraitables. Ni excuse ni complaisance. Tout acte appelle une r\u00e9ponse imm\u00e9diate. Je le dis avec la plus grande fermet\u00e9\u2009: aucune impunit\u00e9.\u2009\u00bb<\/p>\n<p class=\" wall-content\">Et d\u2019\u00e9voquer la cr\u00e9ation du poste de <a href=\"https:\/\/actu.fr\/ile-de-france\/paris_75056\/violences-sexuelles-dans-les-ecoles-de-paris-la-mairie-cree-un-poste-de-defenseur-des-enfants-de-la-ville_63530060.html\" target=\"_blank\" rel=\"noopener\">D\u00e9fenseure des enfants<\/a> conjointement \u00e0 un <strong>plan de protection<\/strong> de l\u2019enfance \u2013 en partie contest\u00e9 par les syndicats comme ils le confiaient \u00e0 <a href=\"https:\/\/actu.fr\/ile-de-france\/paris_75056\/paris-agressions-sexuelles-dans-les-ecoles-ils-fustigent-un-plan-de-protection-qui-va-briser-des-carrieres_63447769.html\" target=\"_blank\" rel=\"noopener\">actu Paris<\/a>.<\/p>\n<p class=\" wall-content\">\u00ab\u2009Paris prot\u00e9gera toujours ses enfants\u2009\u00bb, insiste l\u2019\u00e9lue, effleurant le sujet des petits confi\u00e9s \u00e0 l\u2019Aide sociale \u00e0 l\u2019enfance. D\u00e9but d\u00e9cembre, une vid\u00e9o montrant des \u00e9ducateurs d\u2019un foyer en train de <a href=\"https:\/\/actu.fr\/ile-de-france\/paris_75056\/un-enfant-tondu-de-force-dans-un-foyer-a-paris-la-ville-saisit-la-justice-et-denonce-des-faits-gravissimes_63551857.html\" target=\"_blank\" rel=\"noopener\">tondre de force un petit gar\u00e7on<\/a> en guise de sanction a fuit\u00e9. Ces images ont provoqu\u00e9 un toll\u00e9 et Anne Hidalgo avait alors reconnu des \u00ab<a href=\"https:\/\/actu.fr\/ile-de-france\/paris_75056\/enfant-tondu-dans-un-foyer-de-l-ase-a-paris-il-y-a-eu-des-dysfonctionnements-admet-anne-hidalgo_63590820.html\" target=\"_blank\" rel=\"noopener\">\u2009dysfonctionnements<\/a>\u2009\u00bb.<\/p>\n<p>\u00ab\u2009Fi\u00e8re du travail accompli\u2009\u00bb<\/p>\n<p class=\" wall-content\">Contexte international de mont\u00e9e des discours autoritaires, tentation de repli national, bilan des JO de Paris 2024, lutte contre la pollution, adaptation au changement climatique\u2026 Durant une heure Anne Hidalgo a dress\u00e9 une liste \u00e0 la Pr\u00e9vert des batailles men\u00e9es et des victoires remport\u00e9s par la majorit\u00e9.<\/p>\n<p class=\" wall-content\">\u00ab\u2009C\u2019est avec \u00e9motion, fi\u00e8re du travail accompli, pour vous et pour vos enfants, que je quitterai mes fonctions en mars\u00a02026. Quel immense bonheur d\u2019avoir \u00e9t\u00e9 votre Maire pendant douze ans. Le bonheur de servir cette ville unique au monde\u2009\u00bb, a conclu l\u2019\u00e9dile.<\/p>\n<p class=\" wall-content\">Personnalisez votre actualit\u00e9 en ajoutant vos villes et m\u00e9dias en favori avec <a href=\"https:\/\/moncompte.actu.fr\" title=\"D\u00e9couvez Mon Actu\" rel=\"nofollow noopener\" data-trk=\"{&quot;cta&quot;:{&quot;action&quot;:&quot;https:\\\/\\\/moncompte.actu.fr&quot;,&quot;category&quot;:&quot;mon compte&quot;,&quot;from&quot;:&quot;article footer&quot;,&quot;name&quot;:&quot;Mon actu&quot;,&quot;type&quot;:&quot;cta&quot;}}\" target=\"_blank\">Mon Actu<\/a>.<\/p>\n","protected":false},"excerpt":{"rendered":"Par Marie Amelie Marchal Publi\u00e9 le 14 janv. 2026 \u00e0 18h19 Ambiance fin de r\u00e8gne dans la salle&hellip;\n","protected":false},"author":2,"featured_media":663620,"comment_status":"","ping_status":"","sticky":false,"template":"","format":"standard","meta":{"footnotes":""},"categories":[1888],"tags":[1111,1928,11,1927,2618,1777,674,1011,27,3434,12,1926,626,1925,316,417,25],"class_list":{"0":"post-663619","1":"post","2":"type-post","3":"status-publish","4":"format-standard","5":"has-post-thumbnail","7":"category-paris","8":"tag-actu","9":"tag-actu-paris","10":"tag-actualites","11":"tag-actualites-paris","12":"tag-anne-hidalgo","13":"tag-eu","14":"tag-europe","15":"tag-fr","16":"tag-france","17":"tag-municipales-2026","18":"tag-news","19":"tag-news-paris","20":"tag-paris","21":"tag-paris-news","22":"tag-politique","23":"tag-rachida-dati","24":"tag-republique-francaise"},"share_on_mastodon":{"url":"https:\/\/pubeurope.com\/@fr\/115895096103942540","error":""},"_links":{"self":[{"href":"https:\/\/www.europesays.com\/fr\/wp-json\/wp\/v2\/posts\/663619","targetHints":{"allow":["GET"]}}],"collection":[{"href":"https:\/\/www.europesays.com\/fr\/wp-json\/wp\/v2\/posts"}],"about":[{"href":"https:\/\/www.europesays.com\/fr\/wp-json\/wp\/v2\/types\/post"}],"author":[{"embeddable":true,"href":"https:\/\/www.europesays.com\/fr\/wp-json\/wp\/v2\/users\/2"}],"replies":[{"embeddable":true,"href":"https:\/\/www.europesays.com\/fr\/wp-json\/wp\/v2\/comments?post=663619"}],"version-history":[{"count":0,"href":"https:\/\/www.europesays.com\/fr\/wp-json\/wp\/v2\/posts\/663619\/revisions"}],"wp:featuredmedia":[{"embeddable":true,"href":"https:\/\/www.europesays.com\/fr\/wp-json\/wp\/v2\/media\/663620"}],"wp:attachment":[{"href":"https:\/\/www.europesays.com\/fr\/wp-json\/wp\/v2\/media?parent=663619"}],"wp:term":[{"taxonomy":"category","embeddable":true,"href":"https:\/\/www.europesays.com\/fr\/wp-json\/wp\/v2\/categories?post=663619"},{"taxonomy":"post_tag","embeddable":true,"href":"https:\/\/www.europesays.com\/fr\/wp-json\/wp\/v2\/tags?post=663619"}],"curies":[{"name":"wp","href":"https:\/\/api.w.org\/{rel}","templated":true}]}}