{"id":663621,"date":"2026-01-14T19:26:12","date_gmt":"2026-01-14T19:26:12","guid":{"rendered":"https:\/\/www.europesays.com\/fr\/663621\/"},"modified":"2026-01-14T19:26:12","modified_gmt":"2026-01-14T19:26:12","slug":"%f0%9f%8e%99%ef%b8%8fnews-pros-nasser-al-khelaifi-netait-pas-au-match-mais-il-ma-envoye-un-message-de-felicitations-pierre-ferracci-president-du-paris-fc","status":"publish","type":"post","link":"https:\/\/www.europesays.com\/fr\/663621\/","title":{"rendered":"\ud83c\udf99\ufe0f[News-Pros] \u00ab Nasser Al-Khela\u00effi n\u2019\u00e9tait pas au match, mais il m\u2019a envoy\u00e9 un message de f\u00e9licitations \u00bb : Pierre Ferracci, pr\u00e9sident du Paris FC"},"content":{"rendered":"<p class=\"date\">\n\t\t\t\t\t\t\t\tPubli\u00e9 le 14 janvier 2026\t\t\t\t\t\t\t\t<\/p>\n<p>\t\t\t\t\t\t\t\t\t\t\t\t\t\t\t\t\t<img decoding=\"async\" class=\"img-responsive img-thumbnail\" src=\"https:\/\/www.europesays.com\/fr\/wp-content\/uploads\/2026\/01\/Breaking-News-2025-11-30T132504.618-1024x576.png\" alt=\"\"\/><\/p>\n<p>Le pr\u00e9sident du Paris FC, <strong>Pierre Ferracci<\/strong>, a r\u00e9v\u00e9l\u00e9 avoir re\u00e7u un message de f\u00e9licitations du pr\u00e9sident du PSG, <strong>Nasser Al-Khela\u00effi<\/strong>, et de la direction parisienne suite \u00e0 la victoire surprise en seizi\u00e8mes de finale de la Coupe de France, \u00e9liminant ainsi le club parisien de la comp\u00e9tition.<\/p>\n<p>Ferracci a d\u00e9clar\u00e9 : \u00ab Nasser Al-Khela\u00effi n\u2019\u00e9tait pas pr\u00e9sent au match, mais il m\u2019a adress\u00e9 un message de f\u00e9licitations. Campos (conseiller sportif du PSG) et Melero (PDG) nous ont \u00e9galement f\u00e9licit\u00e9s, m\u00eame s\u2019ils \u00e9taient d\u00e9\u00e7us, tout comme Sarkozy.\u00a0\u00bb<\/p>\n<p>\u00ab Nous entretenons n\u00e9anmoins d\u2019excellentes relations avec le PSG. Il n\u2019y a aucun probl\u00e8me de ce c\u00f4t\u00e9-l\u00e0. D\u00e9sormais, ils ont le championnat et la Ligue des Champions pour se rattraper. \u00bb<\/p>\n<p class=\"content-etiquette\">\n\t\t\t\t\t\t\t\t\t<a href=\"https:\/\/www.lestitisdupsg.fr\/tag\/nasser-al-khelaifi-2\/\" rel=\"tag noopener\" target=\"_blank\">Nasser Al-Khela\u00effi<\/a><a href=\"https:\/\/www.lestitisdupsg.fr\/tag\/pierre-ferracci\/\" rel=\"tag noopener\" target=\"_blank\">pierre ferracci<\/a>\t\t\t\t\t\t\t\t<\/p>\n","protected":false},"excerpt":{"rendered":"Publi\u00e9 le 14 janvier 2026 Le pr\u00e9sident du Paris FC, Pierre Ferracci, a r\u00e9v\u00e9l\u00e9 avoir re\u00e7u un message&hellip;\n","protected":false},"author":2,"featured_media":663622,"comment_status":"","ping_status":"","sticky":false,"template":"","format":"standard","meta":{"footnotes":""},"categories":[1888],"tags":[1111,1928,11,1927,1777,674,1011,27,12,1926,626,1925,25],"class_list":{"0":"post-663621","1":"post","2":"type-post","3":"status-publish","4":"format-standard","5":"has-post-thumbnail","7":"category-paris","8":"tag-actu","9":"tag-actu-paris","10":"tag-actualites","11":"tag-actualites-paris","12":"tag-eu","13":"tag-europe","14":"tag-fr","15":"tag-france","16":"tag-news","17":"tag-news-paris","18":"tag-paris","19":"tag-paris-news","20":"tag-republique-francaise"},"share_on_mastodon":{"url":"https:\/\/pubeurope.com\/@fr\/115895100212849769","error":""},"_links":{"self":[{"href":"https:\/\/www.europesays.com\/fr\/wp-json\/wp\/v2\/posts\/663621","targetHints":{"allow":["GET"]}}],"collection":[{"href":"https:\/\/www.europesays.com\/fr\/wp-json\/wp\/v2\/posts"}],"about":[{"href":"https:\/\/www.europesays.com\/fr\/wp-json\/wp\/v2\/types\/post"}],"author":[{"embeddable":true,"href":"https:\/\/www.europesays.com\/fr\/wp-json\/wp\/v2\/users\/2"}],"replies":[{"embeddable":true,"href":"https:\/\/www.europesays.com\/fr\/wp-json\/wp\/v2\/comments?post=663621"}],"version-history":[{"count":0,"href":"https:\/\/www.europesays.com\/fr\/wp-json\/wp\/v2\/posts\/663621\/revisions"}],"wp:featuredmedia":[{"embeddable":true,"href":"https:\/\/www.europesays.com\/fr\/wp-json\/wp\/v2\/media\/663622"}],"wp:attachment":[{"href":"https:\/\/www.europesays.com\/fr\/wp-json\/wp\/v2\/media?parent=663621"}],"wp:term":[{"taxonomy":"category","embeddable":true,"href":"https:\/\/www.europesays.com\/fr\/wp-json\/wp\/v2\/categories?post=663621"},{"taxonomy":"post_tag","embeddable":true,"href":"https:\/\/www.europesays.com\/fr\/wp-json\/wp\/v2\/tags?post=663621"}],"curies":[{"name":"wp","href":"https:\/\/api.w.org\/{rel}","templated":true}]}}