{"id":663623,"date":"2026-01-14T19:27:10","date_gmt":"2026-01-14T19:27:10","guid":{"rendered":"https:\/\/www.europesays.com\/fr\/663623\/"},"modified":"2026-01-14T19:27:10","modified_gmt":"2026-01-14T19:27:10","slug":"paris-romain-le-pieton-renverse-par-un-chauffeur-vtc-qui-setait-assoupi-est-decede","status":"publish","type":"post","link":"https:\/\/www.europesays.com\/fr\/663623\/","title":{"rendered":"Paris\u00a0: Romain, le pi\u00e9ton renvers\u00e9 par un chauffeur VTC qui s\u2019\u00e9tait assoupi, est d\u00e9c\u00e9d\u00e9"},"content":{"rendered":"<p class=\"paragraph text_align_left lp-f-body-02\">Ses graves blessures laissaient augurer le pire. Romain, 33 ans, est d\u00e9c\u00e9d\u00e9 entour\u00e9 de ses proches, ce mardi 13 janvier, quatre jours apr\u00e8s son admission \u00e0 la Piti\u00e9-Salp\u00eatri\u00e8re dans un \u00e9tat d\u00e9sesp\u00e9r\u00e9. Romain, c\u2019est ce pi\u00e9ton renvers\u00e9 par <a href=\"https:\/\/www.leparisien.fr\/paris-75\/paris-le-chauffeur-dun-van-sendort-au-volant-et-percute-une-terrasse-quatre-blesses-dont-deux-grave-09-01-2026-JWJ5DP6QRZFP3AHLFNEY434RC4.php\" target=\"_self\" rel=\"noopener\">un chauffeur VTC ayant fonc\u00e9 contre la devanture d\u2019un bar<\/a>, dans la nuit du 8 au 9 janvier, \u00e0 l\u2019angle des rues Vaugirard et Volontaires \u00e0<a href=\"https:\/\/www.leparisien.fr\/paris-75\/paris-75015\/\" target=\"_self\" rel=\"noopener\"> Paris (XVe)<\/a>. Un terrible coup du destin survenu \u00e0 deux pas de chez lui.<\/p>\n<p class=\"\">Ce jeudi-l\u00e0, il est environ 2 heures quand le trentenaire rentre, \u00e0 pied, en direction de son domicile de la rue de Vaugirard. Pendant qu\u2019il marche sur un trottoir qui jouxte un bar-tabac, \u00e0 une centaine de m\u00e8tres de chez lui, un van noir Mercedes remonte la rue. Au volant : un <a href=\"https:\/\/www.leparisien.fr\/val-de-marne-94\/on-est-de-la-chair-a-canon-les-chauffeurs-vtc-rendent-hommage-a-leur-collegue-decede-durant-lepisode-de-neige-10-01-2026-6OESPPQ2ZNCETK3ZZLXNHKH4CQ.php\" target=\"_self\" rel=\"noopener\">chauffeur VTC<\/a> de 44 ans d\u2019origine pakistanaise, qui circule avec un permis italien.<\/p>\n","protected":false},"excerpt":{"rendered":"Ses graves blessures laissaient augurer le pire. Romain, 33 ans, est d\u00e9c\u00e9d\u00e9 entour\u00e9 de ses proches, ce mardi&hellip;\n","protected":false},"author":2,"featured_media":663624,"comment_status":"","ping_status":"","sticky":false,"template":"","format":"standard","meta":{"footnotes":""},"categories":[1888],"tags":[11,1777,674,118,1011,27,12,626,25],"class_list":{"0":"post-663623","1":"post","2":"type-post","3":"status-publish","4":"format-standard","5":"has-post-thumbnail","7":"category-paris","8":"tag-actualites","9":"tag-eu","10":"tag-europe","11":"tag-faits-divers","12":"tag-fr","13":"tag-france","14":"tag-news","15":"tag-paris","16":"tag-republique-francaise"},"share_on_mastodon":{"url":"https:\/\/pubeurope.com\/@fr\/115895103959297293","error":""},"_links":{"self":[{"href":"https:\/\/www.europesays.com\/fr\/wp-json\/wp\/v2\/posts\/663623","targetHints":{"allow":["GET"]}}],"collection":[{"href":"https:\/\/www.europesays.com\/fr\/wp-json\/wp\/v2\/posts"}],"about":[{"href":"https:\/\/www.europesays.com\/fr\/wp-json\/wp\/v2\/types\/post"}],"author":[{"embeddable":true,"href":"https:\/\/www.europesays.com\/fr\/wp-json\/wp\/v2\/users\/2"}],"replies":[{"embeddable":true,"href":"https:\/\/www.europesays.com\/fr\/wp-json\/wp\/v2\/comments?post=663623"}],"version-history":[{"count":0,"href":"https:\/\/www.europesays.com\/fr\/wp-json\/wp\/v2\/posts\/663623\/revisions"}],"wp:featuredmedia":[{"embeddable":true,"href":"https:\/\/www.europesays.com\/fr\/wp-json\/wp\/v2\/media\/663624"}],"wp:attachment":[{"href":"https:\/\/www.europesays.com\/fr\/wp-json\/wp\/v2\/media?parent=663623"}],"wp:term":[{"taxonomy":"category","embeddable":true,"href":"https:\/\/www.europesays.com\/fr\/wp-json\/wp\/v2\/categories?post=663623"},{"taxonomy":"post_tag","embeddable":true,"href":"https:\/\/www.europesays.com\/fr\/wp-json\/wp\/v2\/tags?post=663623"}],"curies":[{"name":"wp","href":"https:\/\/api.w.org\/{rel}","templated":true}]}}