{"id":663625,"date":"2026-01-14T19:28:19","date_gmt":"2026-01-14T19:28:19","guid":{"rendered":"https:\/\/www.europesays.com\/fr\/663625\/"},"modified":"2026-01-14T19:28:19","modified_gmt":"2026-01-14T19:28:19","slug":"cinquante-militants-de-la-confederation-paysanne-deloges-dune-annexe-du-ministere-de-lagriculture-a-paris","status":"publish","type":"post","link":"https:\/\/www.europesays.com\/fr\/663625\/","title":{"rendered":"Cinquante militants de la Conf\u00e9d\u00e9ration paysanne d\u00e9log\u00e9s d&rsquo;une annexe du minist\u00e8re de l&rsquo;agriculture \u00e0 Paris"},"content":{"rendered":"<p>Cinquante agriculteurs de la Conf\u00e9d\u00e9ration paysanne ont men\u00e9 une action ce mercredi, dans une annexe du minist\u00e8re de l&rsquo;Agriculture \u00e0 Paris. Ils ont \u00e9t\u00e9 d\u00e9log\u00e9s au bout d&rsquo;une demi-heure par les forces de l&rsquo;ordre et plac\u00e9s en garde \u00e0 vue.<\/p>\n<p>La col\u00e8re des agriculteurs s&rsquo;est encore exprim\u00e9e dans les rues de la capitale ce mercredi. Cinquante militants de la Conf\u00e9d\u00e9ration paysanne ont \u00e9t\u00e9 interpell\u00e9s et plac\u00e9s en garde \u00e0 vue, ce mercredi apr\u00e8s-midi, apr\u00e8s avoir p\u00e9n\u00e9tr\u00e9 dans une annexe du minist\u00e8re de l&rsquo;Agriculture \u00e0 Paris, rapporte la pr\u00e9fecture de police de Paris \u00e0 <a target=\"_blank\" rel=\"external noopener\" class=\"IciLink ici-link IciArticleLink g-ici-body-regular-1 underline brand svelte-1chfe2s\" href=\"https:\/\/www.franceinfo.fr\/\">franceinfo<\/a>\u00a0ce mercredi soir.<\/p>\n<p>Vers 16h, ces militants ont p\u00e9n\u00e9tr\u00e9 dans cette annexe du minist\u00e8re, situ\u00e9e dans le 7e arrondissement de Paris \u00e0 une centaine de m\u00e8tres du b\u00e2timent principal o\u00f9 se trouve le bureau d&rsquo;Annie Genevard. Ils ont eu le temps de d\u00e9ployer des banderoles rappelant leurs revendications, notamment la fin de l&rsquo;abattage automatique des troupeaux en cas de dermatose nodulaire. Des paysans venus d&rsquo;Outre-mer \u00e9taient \u00e9galement pr\u00e9sents pour d\u00e9noncer l&rsquo;accaparement des aides par les exploitations les plus importantes.<\/p>\n<p>Les forces de l&rsquo;ordre ont d\u00e9log\u00e9 ces manifestants, dans le calme, au bout d&rsquo;une demi-heure. L&rsquo;occasion, pour la troisi\u00e8me organisation repr\u00e9sentative de la profession de pointer du doigt un deux poids deux mesures\u00a0: alors que\u00a0<a class=\"IciLink ici-link IciArticleLink g-ici-body-regular-1 underline brand svelte-1chfe2s\" href=\"https:\/\/www.francebleu.fr\/infos\/societe\/la-colere-agricole-de-retour-a-paris-3295178\" target=\"_blank\" rel=\"noopener\">la FNSEA, la veille, avait pris ses quartiers pendant 24 heures devant l&rsquo;Assembl\u00e9e nationale<\/a>\u00a0avec plus de 300 tracteurs et quelque 400 manifestants, l&rsquo;action de la Conf\u00e9d\u00e9ration paysanne, dont les membres \u00e9taient venus \u00e0 pied, a \u00e9t\u00e9 interrompue en moins d&rsquo;une heure.<\/p>\n<p>\u00c0 lire aussi   <img decoding=\"async\" src=\"https:\/\/www.europesays.com\/fr\/wp-content\/uploads\/2026\/01\/1768418899_214_400x400.jpeg\" alt=\"\" style=\"--_image-preview:url('data:image\/jpeg;base64,\/9j\/2wBDACgcHiMeGSgjISMtKygwPGRBPDc3PHtYXUlkkYCZlo+AjIqgtObDoKrarYqMyP\/L2u71\/\/\/\/m8H\/\/\/\/6\/+b9\/\/j\/2wBDASstLTw1PHZBQXb4pYyl+Pj4+Pj4+Pj4+Pj4+Pj4+Pj4+Pj4+Pj4+Pj4+Pj4+Pj4+Pj4+Pj4+Pj4+Pj4+Pj4+Pj\/wAARCAAXACoDASIAAhEBAxEB\/8QAGAAAAwEBAAAAAAAAAAAAAAAAAAIDAQT\/xAAYEAEBAQEBAAAAAAAAAAAAAAAAAQIREv\/EABUBAQEAAAAAAAAAAAAAAAAAAAAB\/8QAFREBAQAAAAAAAAAAAAAAAAAAABH\/2gAMAwEAAhEDEQA\/AIemzSPps0KvNGmkJo00C3odT9DpBydbKAqGlNKAoaVvQAf\/2Q==');\" loading=\"lazy\" fetchpriority=\"low\" aria-hidden=\"true\" class=\"svelte-1cksh76 rounded\" onload=\"this.__e=event\" onerror=\"this.__e=event\"\/><\/p>\n","protected":false},"excerpt":{"rendered":"Cinquante agriculteurs de la Conf\u00e9d\u00e9ration paysanne ont men\u00e9 une action ce mercredi, dans une annexe du minist\u00e8re de&hellip;\n","protected":false},"author":2,"featured_media":663626,"comment_status":"","ping_status":"","sticky":false,"template":"","format":"standard","meta":{"footnotes":""},"categories":[1888],"tags":[11,1777,674,1011,27,12,626,25],"class_list":{"0":"post-663625","1":"post","2":"type-post","3":"status-publish","4":"format-standard","5":"has-post-thumbnail","7":"category-paris","8":"tag-actualites","9":"tag-eu","10":"tag-europe","11":"tag-fr","12":"tag-france","13":"tag-news","14":"tag-paris","15":"tag-republique-francaise"},"share_on_mastodon":{"url":"https:\/\/pubeurope.com\/@fr\/115895107931545092","error":""},"_links":{"self":[{"href":"https:\/\/www.europesays.com\/fr\/wp-json\/wp\/v2\/posts\/663625","targetHints":{"allow":["GET"]}}],"collection":[{"href":"https:\/\/www.europesays.com\/fr\/wp-json\/wp\/v2\/posts"}],"about":[{"href":"https:\/\/www.europesays.com\/fr\/wp-json\/wp\/v2\/types\/post"}],"author":[{"embeddable":true,"href":"https:\/\/www.europesays.com\/fr\/wp-json\/wp\/v2\/users\/2"}],"replies":[{"embeddable":true,"href":"https:\/\/www.europesays.com\/fr\/wp-json\/wp\/v2\/comments?post=663625"}],"version-history":[{"count":0,"href":"https:\/\/www.europesays.com\/fr\/wp-json\/wp\/v2\/posts\/663625\/revisions"}],"wp:featuredmedia":[{"embeddable":true,"href":"https:\/\/www.europesays.com\/fr\/wp-json\/wp\/v2\/media\/663626"}],"wp:attachment":[{"href":"https:\/\/www.europesays.com\/fr\/wp-json\/wp\/v2\/media?parent=663625"}],"wp:term":[{"taxonomy":"category","embeddable":true,"href":"https:\/\/www.europesays.com\/fr\/wp-json\/wp\/v2\/categories?post=663625"},{"taxonomy":"post_tag","embeddable":true,"href":"https:\/\/www.europesays.com\/fr\/wp-json\/wp\/v2\/tags?post=663625"}],"curies":[{"name":"wp","href":"https:\/\/api.w.org\/{rel}","templated":true}]}}