{"id":663631,"date":"2026-01-14T19:31:18","date_gmt":"2026-01-14T19:31:18","guid":{"rendered":"https:\/\/www.europesays.com\/fr\/663631\/"},"modified":"2026-01-14T19:31:18","modified_gmt":"2026-01-14T19:31:18","slug":"cybersecurite-mauritanienne-made-in-usa","status":"publish","type":"post","link":"https:\/\/www.europesays.com\/fr\/663631\/","title":{"rendered":"Cybers\u00e9curit\u00e9 mauritanienne \u00ab\u00a0made in USA\u00a0\u00bb"},"content":{"rendered":"<p><strong>Une d\u00e9l\u00e9gation am\u00e9ricaine avait d\u00e9j\u00e0 \u00e9t\u00e9 re\u00e7ue en novembre dernier par les autorit\u00e9s pour discuter de coop\u00e9ration dans le num\u00e9rique. Les axes comprenaient l\u2019<a href=\"https:\/\/www.leconomistemaghrebin.com\/2025\/12\/29\/afrique-infrastructures-entreprises-tunisiennes\/\" target=\"_blank\" rel=\"noopener\">infrastructure num\u00e9rique<\/a>, le commerce \u00e9lectronique, les capacit\u00e9s nationales et la cybers\u00e9curit\u00e9.<\/strong><\/p>\n<p>La Mauritanie ambitionne d\u2019int\u00e9grer davantage les outils num\u00e9riques dans sa gestion publique pour moderniser les services, renforcer la transparence administrative et stimuler le d\u00e9veloppement \u00e9conomique et social.<\/p>\n<p>Pour ce faire, le gouvernement de Moctar Ould Diay\u00a0explore des perspectives de partenariats avec les Etats\u2011Unis d\u2019Am\u00e9rique en mati\u00e8re de renforcement de la cybers\u00e9curit\u00e9 et de protection des infrastructures num\u00e9riques sensibles, rapporte Agence Ecofin. Le site assure que ces perspectives ont \u00e9t\u00e9 discut\u00e9es, lundi 12 janvier, lors d\u2019une rencontre entre le ministre de la Transformation num\u00e9rique et de la Modernisation de l\u2019administration, Ahmed Salem Ould Bedde, et la charg\u00e9e d\u2019affaires de l\u2019ambassade des \u00c9tats\u2011Unis \u00e0 Nouakchott, Corina R. Sanders (qui \u00e9tait accompagn\u00e9e \u00e0 cette occasion d\u2019une d\u00e9l\u00e9gation de l\u2019entreprise am\u00e9ricaine Cybastion, sp\u00e9cialis\u00e9e dans les solutions de cybers\u00e9curit\u00e9 et les services num\u00e9riques).<\/p>\n<p>Il faut rappeler que la Mauritanie recherche l\u2019expertise am\u00e9ricaine dans l\u2019objectif de mettre en place une \u00e9quipe nationale de r\u00e9ponse aux incidents de s\u00e9curit\u00e9 informatique (CSIRT) mais aussi un centre des op\u00e9rations de s\u00e9curit\u00e9 (SOC), ajoute le m\u00e9dia.<\/p>\n<p>Et c\u2019est dans cette perspective Nouakchott a d\u00e9j\u00e0 cr\u00e9\u00e9 par d\u00e9cret, en avril 2024, l\u2019Agence nationale de cybers\u00e9curit\u00e9 et de certification \u00e9lectronique (ANCCE). Mission\u00a0: prot\u00e9ger le cyberespace national et am\u00e9liorer la gouvernance de la cybers\u00e9curit\u00e9, entre autres. \u00ab\u00a0Cette cr\u00e9ation s\u2019inscrit dans la continuit\u00e9 des avanc\u00e9es r\u00e9alis\u00e9es, notamment la ratification en 2023 de la Convention de Malabo de l\u2019Union africaine sur la cybers\u00e9curit\u00e9 et la protection des donn\u00e9es personnelles\u00a0\u00bb.<\/p>\n<p>Agence Ecofin rappelle que la Mauritanie dispose \u00e9galement d\u2019une \u201cStrat\u00e9gie nationale de s\u00e9curit\u00e9 num\u00e9rique 2022\u20112026\u201c, ax\u00e9e sur six objectifs strat\u00e9giques, en l\u2019occurrence la gouvernance, la protection des infrastructures critiques, la lutte contre la cybercriminalit\u00e9, la sensibilisation et le d\u00e9veloppement des comp\u00e9tences, ainsi que la coop\u00e9ration nationale et internationale.<\/p>\n<p>Le gouvernement mauritanien consid\u00e8re la cybers\u00e9curit\u00e9 comme une condition sine qua non \u00e0 la r\u00e9ussite de la transformation num\u00e9rique, celle-ci faisant partie des leviers de d\u00e9veloppement socio\u2011\u00e9conomique de nombreux pays africains.<\/p>\n<p>Il ne pourrait en \u00eatre autrement, car on assiste \u00e0 une recrudescence des menaces cybern\u00e9tiques ciblant des syst\u00e8mes publics, priv\u00e9s et financiers. D\u2019ailleurs, Interpol chiffre \u00e0 plus de 3 milliards de dollars entre 2019 et 2025 les pertes financi\u00e8res en Afrique.<\/p>\n","protected":false},"excerpt":{"rendered":"Une d\u00e9l\u00e9gation am\u00e9ricaine avait d\u00e9j\u00e0 \u00e9t\u00e9 re\u00e7ue en novembre dernier par les autorit\u00e9s pour discuter de coop\u00e9ration dans&hellip;\n","protected":false},"author":2,"featured_media":663632,"comment_status":"","ping_status":"","sticky":false,"template":"","format":"standard","meta":{"footnotes":""},"categories":[1589],"tags":[11,73,1866,12,1864,1865,1863,308],"class_list":{"0":"post-663631","1":"post","2":"type-post","3":"status-publish","4":"format-standard","5":"has-post-thumbnail","7":"category-etats-unis","8":"tag-actualites","9":"tag-etats-unis","10":"tag-etats-unis-damerique","11":"tag-news","12":"tag-united-states","13":"tag-united-states-of-america","14":"tag-us","15":"tag-usa"},"share_on_mastodon":{"url":"https:\/\/pubeurope.com\/@fr\/115895119752705615","error":""},"_links":{"self":[{"href":"https:\/\/www.europesays.com\/fr\/wp-json\/wp\/v2\/posts\/663631","targetHints":{"allow":["GET"]}}],"collection":[{"href":"https:\/\/www.europesays.com\/fr\/wp-json\/wp\/v2\/posts"}],"about":[{"href":"https:\/\/www.europesays.com\/fr\/wp-json\/wp\/v2\/types\/post"}],"author":[{"embeddable":true,"href":"https:\/\/www.europesays.com\/fr\/wp-json\/wp\/v2\/users\/2"}],"replies":[{"embeddable":true,"href":"https:\/\/www.europesays.com\/fr\/wp-json\/wp\/v2\/comments?post=663631"}],"version-history":[{"count":0,"href":"https:\/\/www.europesays.com\/fr\/wp-json\/wp\/v2\/posts\/663631\/revisions"}],"wp:featuredmedia":[{"embeddable":true,"href":"https:\/\/www.europesays.com\/fr\/wp-json\/wp\/v2\/media\/663632"}],"wp:attachment":[{"href":"https:\/\/www.europesays.com\/fr\/wp-json\/wp\/v2\/media?parent=663631"}],"wp:term":[{"taxonomy":"category","embeddable":true,"href":"https:\/\/www.europesays.com\/fr\/wp-json\/wp\/v2\/categories?post=663631"},{"taxonomy":"post_tag","embeddable":true,"href":"https:\/\/www.europesays.com\/fr\/wp-json\/wp\/v2\/tags?post=663631"}],"curies":[{"name":"wp","href":"https:\/\/api.w.org\/{rel}","templated":true}]}}