{"id":663634,"date":"2026-01-14T19:33:16","date_gmt":"2026-01-14T19:33:16","guid":{"rendered":"https:\/\/www.europesays.com\/fr\/663634\/"},"modified":"2026-01-14T19:33:16","modified_gmt":"2026-01-14T19:33:16","slug":"le-maroc-depasse-lallemagne-au-classement-fifa-international-maroc","status":"publish","type":"post","link":"https:\/\/www.europesays.com\/fr\/663634\/","title":{"rendered":"Le Maroc d\u00e9passe l\u2019Allemagne au classement FIFA &#8211; International &#8211; Maroc"},"content":{"rendered":"<p data-start=\"43\" data-end=\"525\">Un peu plus pr\u00e8s des \u00e9toiles. <strong><a target=\"_blank\" href=\"https:\/\/www.sofoot.com\/articles\/coupe-dafrique-des-nations-le-maroc-eteint-facilement-le-cameroun-en-quarts-de-finale-du-tournoi\" rel=\"noopener\">Gr\u00e2ce \u00e0 sa victoire nette contre le Cameroun en quarts (2-0)<\/a>, la s\u00e9lection de Walid Regragui a engrang\u00e9 11,42 points FIFA, suffisant pour grimper de la 11e \u00e0 la 8e place mondiale.<\/strong><\/p>\n<p data-start=\"43\" data-end=\"525\">Un record historique pour les Lions de l\u2019Atlas, d\u00e9sormais devant la Belgique et l\u2019Allemagne. Et si la CAN se termine en apoth\u00e9ose le 18 janvier, le top 5 mondial ne sera plus si loin.<\/p>\n<p>Le Maroc, encore dans le dernier carr\u00e9<\/p>\n<p data-start=\"571\" data-end=\"1080\" data-is-last-node=\"\" data-is-only-node=\"\">Ce bond au classement s\u2019accompagne surtout d\u2019un retour qui compte : <strong>le Maroc est de nouveau en demi-finales de la CAN, une premi\u00e8re depuis 2004, ann\u00e9e de la finale perdue face \u00e0 la Tunisie.<\/strong><\/p>\n<p data-start=\"571\" data-end=\"1080\" data-is-last-node=\"\" data-is-only-node=\"\">Apr\u00e8s avoir marqu\u00e9 l\u2019histoire en devenant la premi\u00e8re nation africaine demi-finaliste d\u2019une Coupe du monde, les Lions confirment qu\u2019ils savent aussi durer sur le continent. Cette fois, obstacle Nigeria pour une place en finale.<\/p>\n<p data-start=\"571\" data-end=\"1080\" data-is-last-node=\"\" data-is-only-node=\"\">Nouveau d\u00e9cor, autre \u00e9poque, et un Maroc qui s\u2019installe clairement parmi les patrons.<\/p>\n","protected":false},"excerpt":{"rendered":"Un peu plus pr\u00e8s des \u00e9toiles. Gr\u00e2ce \u00e0 sa victoire nette contre le Cameroun en quarts (2-0), la&hellip;\n","protected":false},"author":2,"featured_media":663635,"comment_status":"","ping_status":"","sticky":false,"template":"","format":"standard","meta":{"footnotes":""},"categories":[1587],"tags":[47,11,61,672,69,1804,65,1805,1803,64,1777,674,63,1801,68,66,12,62,70,1802,67],"class_list":{"0":"post-663634","1":"post","2":"type-post","3":"status-publish","4":"format-standard","5":"has-post-thumbnail","7":"category-allemagne","8":"tag-actualite","9":"tag-actualites","10":"tag-actus-football","11":"tag-allemagne","12":"tag-bundesliga","13":"tag-bundesrepublik-deutschland","14":"tag-championnats-europeens","15":"tag-de","16":"tag-deutschland","17":"tag-equipe-de-france","18":"tag-eu","19":"tag-europe","20":"tag-football","21":"tag-germany","22":"tag-ligua","23":"tag-ligue-1","24":"tag-news","25":"tag-news-foot","26":"tag-premier-league","27":"tag-republique-federale-dallemagne","28":"tag-serie-a"},"share_on_mastodon":{"url":"https:\/\/pubeurope.com\/@fr\/115895127704762446","error":""},"_links":{"self":[{"href":"https:\/\/www.europesays.com\/fr\/wp-json\/wp\/v2\/posts\/663634","targetHints":{"allow":["GET"]}}],"collection":[{"href":"https:\/\/www.europesays.com\/fr\/wp-json\/wp\/v2\/posts"}],"about":[{"href":"https:\/\/www.europesays.com\/fr\/wp-json\/wp\/v2\/types\/post"}],"author":[{"embeddable":true,"href":"https:\/\/www.europesays.com\/fr\/wp-json\/wp\/v2\/users\/2"}],"replies":[{"embeddable":true,"href":"https:\/\/www.europesays.com\/fr\/wp-json\/wp\/v2\/comments?post=663634"}],"version-history":[{"count":0,"href":"https:\/\/www.europesays.com\/fr\/wp-json\/wp\/v2\/posts\/663634\/revisions"}],"wp:featuredmedia":[{"embeddable":true,"href":"https:\/\/www.europesays.com\/fr\/wp-json\/wp\/v2\/media\/663635"}],"wp:attachment":[{"href":"https:\/\/www.europesays.com\/fr\/wp-json\/wp\/v2\/media?parent=663634"}],"wp:term":[{"taxonomy":"category","embeddable":true,"href":"https:\/\/www.europesays.com\/fr\/wp-json\/wp\/v2\/categories?post=663634"},{"taxonomy":"post_tag","embeddable":true,"href":"https:\/\/www.europesays.com\/fr\/wp-json\/wp\/v2\/tags?post=663634"}],"curies":[{"name":"wp","href":"https:\/\/api.w.org\/{rel}","templated":true}]}}