{"id":663650,"date":"2026-01-14T19:46:10","date_gmt":"2026-01-14T19:46:10","guid":{"rendered":"https:\/\/www.europesays.com\/fr\/663650\/"},"modified":"2026-01-14T19:46:10","modified_gmt":"2026-01-14T19:46:10","slug":"cyclisme-interview-matteo-jorgenson-jai-demande-a-aller-sur-les-ardennaises","status":"publish","type":"post","link":"https:\/\/www.europesays.com\/fr\/663650\/","title":{"rendered":"Cyclisme. INTERVIEW &#8211; Matteo Jorgenson : \u00abJ\u2019ai demand\u00e9 \u00e0 aller sur les Ardennaises\u00bb"},"content":{"rendered":"<p> Lire la suite de l&rsquo;article&#13;<\/p>\n<p>\u00a0<\/p>\n<p>&#13;<br \/>\n\u00ab\u00a0Pas de Paris-Nice&#8230; il fallait changer parce que mon objectif est un peu plus tard\u00a0\u00bb&#13;<\/p>\n<p><strong>Matteo Jorgenson, comment se passent ces premiers jours du deuxi\u00e8me stage d&rsquo;entra\u00eenement de l&rsquo;ann\u00e9e, avec une nouvelle coupe a\u00e9rodynamique ?<\/strong><\/p>\n<p>&#13;<\/p>\n<p>C&rsquo;est tout pour la performance en fait, \u00e7a se passe bien, je suis content d&rsquo;\u00eatre l\u00e0 et de commencer une nouvelle ann\u00e9e.<\/p>\n<p>&#13;<\/p>\n<p>\u00a0<\/p>\n<p>&#13;<\/p>\n<p><strong>Justement, cette nouvelle ann\u00e9e, nouveaux objectifs\u2026 On a entendu pas de Flandriennes notamment, les Ardennaises seront \u00e0 ton programme. Pourquoi ce changement ?<\/strong><\/p>\n<p>&#13;<\/p>\n<p>En fait, c&rsquo;\u00e9tait moi qui ai demand\u00e9 \u00e7a. Cette derni\u00e8re ann\u00e9e, j&rsquo;ai regard\u00e9 les Ardennaises \u00e0 la t\u00e9l\u00e9 et je voulais \u00eatre l\u00e0, mais c&rsquo;est difficile de combiner Flandriennes et Ardennaises. Donc cette ann\u00e9e, j&rsquo;ai choisi de faire une petite exp\u00e9rience : faire Li\u00e8ge surtout et pr\u00e9parer vraiment l&rsquo;altitude avant. \u00c7a ne va pas \u00eatre toujours comme \u00e7a, je pense que je reviendrai sur les Flandriennes, mais cette ann\u00e9e, c&rsquo;est juste un changement.<\/p>\n<p>&#13;<\/p>\n<p>\u00a0<\/p>\n<p>&#13;<br \/>\nGrischa Niermann se confie \u00e0 Cyclism&rsquo;Actu&#13;<\/p>\n<p>&#13;<\/p>\n<p>\u00a0<\/p>\n<p>&#13;<\/p>\n<p><strong>Au niveau de ton programme justement, il faudrait faire de l&rsquo;altitude avant les Ardennaises, du coup c&rsquo;est quoi ? Tu feras Tirreno, Milan-Sanremo, apr\u00e8s l&rsquo;altitude, puis les Ardennaises ?<\/strong><\/p>\n<p>&#13;<\/p>\n<p>Exact. Entre Sanremo et l\u2019Amstel Gold Race, je vais partir en altitude et faire trois semaines.<\/p>\n<p>&#13;<\/p>\n<p>\u00a0<\/p>\n<p>&#13;<\/p>\n<p><strong>Et justement, on a entendu pas de Paris-Nice pour toi, qui es le double vainqueur en titre. C&rsquo;est quoi, c&rsquo;est un pincement au c\u0153ur, \u00e7a fait mal ?<\/strong><\/p>\n<p>&#13;<\/p>\n<p>C&rsquo;est dommage. Non, franchement, je sais pas combien d&rsquo;ann\u00e9es j&rsquo;\u00e9tais \u00e0 <a href=\"https:\/\/www.cyclismactu.net\/..\/news-paris-nice-route-le-parcours-de-paris-nice-2026-des-classiques-et-un-mini-tour-91266.html\" target=\"_blank\" rel=\"noopener\">Paris-Nice<\/a>, et j&rsquo;\u00e9tais vraiment en pleine forme parce que j&rsquo;adore la course. Cette ann\u00e9e, il faut changer parce que mon objectif est un peu plus tard. Donc je vais changer pour Tirreno et Strade, et cet hiver, on a d\u00e9j\u00e0 chang\u00e9 un peu l&rsquo;entra\u00eenement pour rester calme et en forme pour Li\u00e8ge.<\/p>\n<p>&#13;<\/p>\n<p>\u00a0<\/p>\n<p>&#13;<\/p>\n<p><strong>Justement aussi, tu vas\u2026 je sais pas si tu l&rsquo;as d\u00e9j\u00e0 fait\u2026 Strade-Milan-Sanremo ? Ces derni\u00e8res ann\u00e9es, tu ne les as pas faites. Quel sera ton r\u00f4le et tes objectifs sur ces courses-l\u00e0 ?<\/strong><\/p>\n<p>&#13;<\/p>\n<p>Strade, en fait, je pense que je vais avec Wout (Van Aert, ndlr). Je ne sais pas encore exactement les tactiques, mais je ne l&rsquo;ai fait qu&rsquo;une fois \u00e0 Strade et c&rsquo;est une course que j&rsquo;aime bien \u00e0 distance, je la regarde \u00e0 la t\u00e9l\u00e9. On va voir les tactiques sur place, mais je pense qu&rsquo;\u00e0 Sanremo, on aura m\u00eame Matthew Brennan qui vient, donc on devrait avoir un bon bloc d&rsquo;\u00e9quipe et peut-\u00eatre arriver un de nous trois sur le podium.<\/p>\n<p>&#13;<\/p>\n<p>\u00a0<\/p>\n<p>&#13;<br \/>\nL&rsquo;interview de Wout Van Aert&#13;<\/p>\n<p>&#13;<\/p>\n<p>\u00a0<\/p>\n<p>&#13;<\/p>\n<p><strong>Justement, maintenant, revenons sur la deuxi\u00e8me partie de la saison : Tour de France pour toi, ton programme. \u00c7a sera le seul Grand Tour ?<\/strong><\/p>\n<p>&#13;<\/p>\n<p>Oui, cette ann\u00e9e, ce sera le seul.<\/p>\n<p>&#13;<\/p>\n<p>\u00a0<\/p>\n<p>&#13;<\/p>\n<p><strong>Et pourquoi \u00e7a ? On a entendu que tu voudrais sans doute, dans le futur, briller sur un classement g\u00e9n\u00e9ral de Grand Tour. Pourquoi pas, par exemple, le leadership sur la Vuelta ? Pourquoi cette d\u00e9cision ?<\/strong><\/p>\n<p>&#13;<\/p>\n<p>En fait, c&rsquo;est le championnat du monde cette ann\u00e9e, c&rsquo;est proche de chez moi, aux \u00c9tats-Unis, et c&rsquo;est un parcours qui me convient. Donc je voulais \u00eatre l\u00e0 et j&rsquo;ai demand\u00e9 si je pouvais faire une pr\u00e9paration chez moi aux \u00c9tats-Unis apr\u00e8s le Tour. Cette ann\u00e9e, j&rsquo;ai choisi \u00e7a.<\/p>\n<p>&#13;<\/p>\n<p>\u00a0<\/p>\n<p>&#13;<\/p>\n<p><strong>Qu&rsquo;est-ce qu&rsquo;on peut te souhaiter pour cette ann\u00e9e 2026 ? Qu&rsquo;est-ce qui ferait de 2026 une ann\u00e9e r\u00e9ussie ?<\/strong><\/p>\n<p>&#13;<\/p>\n<p>Si on gagne un Monument, je pense que \u00e7a va \u00eatre une r\u00e9ussite. Et aussi, si on a une victoire sur un Grand Tour, ce n&rsquo;est jamais mal.<\/p>\n","protected":false},"excerpt":{"rendered":"Lire la suite de l&rsquo;article&#13; \u00a0 &#13; \u00ab\u00a0Pas de Paris-Nice&#8230; il fallait changer parce que mon objectif est&hellip;\n","protected":false},"author":2,"featured_media":663651,"comment_status":"","ping_status":"","sticky":false,"template":"","format":"standard","meta":{"footnotes":""},"categories":[1411],"tags":[1154,207,211,1011,27,2173,209,60,210,212,208,213],"class_list":{"0":"post-663650","1":"post","2":"type-post","3":"status-publish","4":"format-standard","5":"has-post-thumbnail","7":"category-cyclisme","8":"tag-cycling","9":"tag-cyclisme","10":"tag-ffc","11":"tag-fr","12":"tag-france","13":"tag-interview","14":"tag-route","15":"tag-sports","16":"tag-tour-de-france","17":"tag-uci","18":"tag-velo","19":"tag-world-tour"},"share_on_mastodon":{"url":"https:\/\/pubeurope.com\/@fr\/115895178626760050","error":""},"_links":{"self":[{"href":"https:\/\/www.europesays.com\/fr\/wp-json\/wp\/v2\/posts\/663650","targetHints":{"allow":["GET"]}}],"collection":[{"href":"https:\/\/www.europesays.com\/fr\/wp-json\/wp\/v2\/posts"}],"about":[{"href":"https:\/\/www.europesays.com\/fr\/wp-json\/wp\/v2\/types\/post"}],"author":[{"embeddable":true,"href":"https:\/\/www.europesays.com\/fr\/wp-json\/wp\/v2\/users\/2"}],"replies":[{"embeddable":true,"href":"https:\/\/www.europesays.com\/fr\/wp-json\/wp\/v2\/comments?post=663650"}],"version-history":[{"count":0,"href":"https:\/\/www.europesays.com\/fr\/wp-json\/wp\/v2\/posts\/663650\/revisions"}],"wp:featuredmedia":[{"embeddable":true,"href":"https:\/\/www.europesays.com\/fr\/wp-json\/wp\/v2\/media\/663651"}],"wp:attachment":[{"href":"https:\/\/www.europesays.com\/fr\/wp-json\/wp\/v2\/media?parent=663650"}],"wp:term":[{"taxonomy":"category","embeddable":true,"href":"https:\/\/www.europesays.com\/fr\/wp-json\/wp\/v2\/categories?post=663650"},{"taxonomy":"post_tag","embeddable":true,"href":"https:\/\/www.europesays.com\/fr\/wp-json\/wp\/v2\/tags?post=663650"}],"curies":[{"name":"wp","href":"https:\/\/api.w.org\/{rel}","templated":true}]}}