{"id":663654,"date":"2026-01-14T19:48:11","date_gmt":"2026-01-14T19:48:11","guid":{"rendered":"https:\/\/www.europesays.com\/fr\/663654\/"},"modified":"2026-01-14T19:48:11","modified_gmt":"2026-01-14T19:48:11","slug":"sa-maison-atypique-de-300-m2-en-eure-et-loir-a-visiter","status":"publish","type":"post","link":"https:\/\/www.europesays.com\/fr\/663654\/","title":{"rendered":"sa maison atypique de 300 m2 en Eure-et-Loir, \u00e0 visiter"},"content":{"rendered":"<p>D\u00e9c\u00e9d\u00e9 en 2016 \u00e0 l\u00a0\u00bb\u00e2ge de 78 ans, l&rsquo;animateur d&rsquo;\u00e9missions<br \/>\nculinaires aux c\u00e9l\u00e8bres lunettes rondes est rest\u00e9 dans le c\u0153ur de<br \/>\nnombreux Fran\u00e7ais. C&rsquo;est dans sa demeure de Saint-Denis-Lanneray<br \/>\n(Eure-et-Loir) que l&rsquo;homme aux avis tranch\u00e9s et incisifs sur la<br \/>\n\u00ab\u00a0malbouffe\u00a0\u00bb a construit sa vie, et o\u00f9 il a pouss\u00e9 son dernier<br \/>\nsoupir. Et l&rsquo;histoire de cet endroit vaut le d\u00e9tour. Son ancien<br \/>\ncompagnon Christophe Dolbeau <strong data-start=\"1453\" data-end=\"1507\">en a fait l&rsquo;acquisition en 2017<\/strong> et continue d&rsquo;en<br \/>\nfaire vivre l&rsquo;h\u00e9ritage.<\/p>\n<p>Jean-Pierre Coffe \u00e0<br \/>\nSaint-Denis-Lanneray : l&rsquo;impressionnante restauration d&rsquo;une maison<br \/>\nhistorique<\/p>\n<p data-start=\"827\" data-end=\"1586\">Originellement <a href=\"https:\/\/www.lejournaldelamaison.fr\/le-journal-de-la-maison\/reportages-maisons\/maisons-reportages-maisons\/patrick-bruel-domaine-472825.html\" target=\"_blank\" rel=\"noopener\"><br \/>\n<strong>construite au XIIe si\u00e8cle<\/strong><\/a>, Christophe Dolbeau<br \/>\nassure aupr\u00e8s de L&rsquo;\u00c9cho R\u00e9publicain\u00a0que la maison<br \/>\ndans laquelle a habit\u00e9 Jean-Pierre Coffe \u00ab a \u00e9t\u00e9 construite sur<br \/>\ndes terres qui appartenaient au chapitre de Notre-Dame de Chartres.<br \/>\nIl y avait un manoir seigneurial qui \u00e9tait en la possession de<br \/>\nl\u2019\u00e9cuyer Guillaume de la For\u00eat en 1378. Ce manoir s&rsquo;est effondr\u00e9.<br \/>\nOn ignore la date. Mais une partie des communs est rest\u00e9e.<br \/>\n\u00bb<\/p>\n<p data-start=\"827\" data-end=\"1586\">C&rsquo;est en 1984 que le critique<br \/>\ngastronomique a d\u00e9couvert les lieux, alors que la b\u00e2tisse \u00e9tait \u00e0<br \/>\nmoiti\u00e9 en ruines et le jardin rong\u00e9 par les ronces. <strong>Apr\u00e8s<br \/>\navoir lou\u00e9 la maison pendant 30 ans, il en est devenu le<br \/>\npropri\u00e9taire en 2010<\/strong> apr\u00e8s avoir r\u00e9alis\u00e9 des travaux<br \/>\nconsid\u00e9rables pour la restaurer. \u00ab Il a tout fait d\u00e9roncer et<br \/>\nd\u00e9broussailler, d\u00e9plac\u00e9 des tonnes de terre, sem\u00e9 de la pelouse,<br \/>\nplant\u00e9 des fleurs et des arbres, restaur\u00e9 la <a href=\"https:\/\/www.lejournaldelamaison.fr\/le-journal-de-la-maison\/avant-apres\/avant-apres-renovation-maison-bourgeoise-410560.html\" target=\"_blank\" rel=\"noopener\"><br \/>\nmaison bourgeoise<\/a>\u2026 \u00bb, se souvient Christophe Dolbeau.<\/p>\n<p>Les incroyables particularit\u00e9s<br \/>\nde la maison de Jean-Pierre Coffe<\/p>\n<p data-start=\"827\" data-end=\"1586\">F\u00e9ru de jardinage, l&rsquo;animateur<br \/>\na cr\u00e9\u00e9 <strong>un jardin de 2 hectares<\/strong>, plantant des<br \/>\nmilliers de bulbes, des centaines de vivaces, d&rsquo;arbres et<br \/>\nd&rsquo;arbustes (dont dix ch\u00eanes s\u00e9culaires) qu&rsquo;il consid\u00e9rait comme ses<br \/>\nenfants. La maison, qui fait pr\u00e8s de 300 m2, se montre atypique \u00e0<br \/>\nplus d&rsquo;un titre. Pour Christophe Dolbeau, qui y a v\u00e9cu \u00e0 partir de<br \/>\n2007, \u00ab <strong>elle me fait penser \u00e0 un grand<br \/>\npaquebot<\/strong> et j\u2019ai ensuite appris que <strong>les grandes<br \/>\nbaies vitr\u00e9es en forme de paire de lunettes<\/strong> que<br \/>\nJean-Pierre avait chin\u00e9es chez un antiquaire provenaient d\u2019un<br \/>\npaquebot des ann\u00e9es 20 ! Mais ce n\u2019est pas une maison ostentatoire.<br \/>\nC\u2019est une ancienne grosse ferme toute simple ! \u00bb<\/p>\n<p data-start=\"827\" data-end=\"1586\">Perch\u00e9e au lieu-dit<br \/>\n<strong data-start=\"254\" data-end=\"266\">La For\u00eat<\/strong>, \u00e0<br \/>\nSaint-Denis-Lanneray dans le d\u00e9partement d&rsquo;Eure-et-Loir,<br \/>\n<strong data-start=\"327\" data-end=\"435\">l&rsquo;ancienne maison du<br \/>\nc\u00e9l\u00e8bre critique gastronomique vit toujours<\/strong>, et attire les<br \/>\nregards bien au-del\u00e0 des fronti\u00e8res de ce petit village centr\u00e9<br \/>\nentre Beauce et <a href=\"https:\/\/www.lejournaldelamaison.fr\/le-journal-de-la-maison\/reportages-maisons\/maisons-campagne\/serge-lama-sa-maison-de-campagne-intimiste-dans-le-perche-478602.html\" target=\"_blank\" rel=\"noopener\"><br \/>\nPerche<\/a>. Il est m\u00eame possible de la visiter.<\/p>\n<blockquote class=\"instagram-media\" style=\"background: #ffffff;border: 0;margin: 1px;width: 100%;padding: 0;max-width: 500px;\" data-instgrm-permalink=\"https:\/\/www.instagram.com\/p\/DRO3Ae-DdnQ\/\" data-instgrm-version=\"14\"\/><p>\nUne<br \/>\ndemeure que l&rsquo;on peut visiter<\/p>\n<p data-start=\"1588\" data-end=\"2314\">Aujourd\u2019hui, ce domaine n&rsquo;est<br \/>\npas seulement une demeure priv\u00e9e : il s&rsquo;ouvre au public sur<br \/>\nr\u00e9servation. Les visiteurs peuvent d\u00e9couvrir le <strong data-start=\"1838\" data-end=\"1868\">jardin de La Duchaylati\u00e8re<\/strong>,<br \/>\nv\u00e9ritable \u00e9crin de verdure con\u00e7u par le critique gastronomique o\u00f9<br \/>\nse trouvent de nombreuses esp\u00e8ces v\u00e9g\u00e9tales et arbres, faisant de<br \/>\nce lieu un espace inscrit parmi les <strong data-start=\"2018\" data-end=\"2048\">Parcs et Jardins de France<\/strong>.<\/p>\n<p><script async src=\"\/\/www.instagram.com\/embed.js\"><\/script><\/p>\n","protected":false},"excerpt":{"rendered":"D\u00e9c\u00e9d\u00e9 en 2016 \u00e0 l\u00a0\u00bb\u00e2ge de 78 ans, l&rsquo;animateur d&rsquo;\u00e9missions culinaires aux c\u00e9l\u00e8bres lunettes rondes est rest\u00e9 dans&hellip;\n","protected":false},"author":2,"featured_media":663655,"comment_status":"","ping_status":"","sticky":false,"template":"","format":"standard","meta":{"footnotes":""},"categories":[1359],"tags":[3743,13041,39120,76472,1446,1805,58,23059,3170,3026,59,12219,9770,21,1011,27,2515,13392,76473,38871,2142,73459,5600,58197,973,11850,25685,746,10649,9066,14560,4568],"class_list":{"0":"post-663654","1":"post","2":"type-post","3":"status-publish","4":"format-standard","5":"has-post-thumbnail","7":"category-people","8":"tag-3743","9":"tag-a","10":"tag-atypique","11":"tag-coffe","12":"tag-dans","13":"tag-de","14":"tag-divertissement","15":"tag-domaine","16":"tag-elle","17":"tag-en","18":"tag-entertainment","19":"tag-et","20":"tag-eure","21":"tag-fait","22":"tag-fr","23":"tag-france","24":"tag-grand","25":"tag-jean","26":"tag-loir","27":"tag-m","28":"tag-maison","29":"tag-me","30":"tag-paquebot","31":"tag-penser","32":"tag-people","33":"tag-pierre","34":"tag-pouvez","35":"tag-que","36":"tag-sa","37":"tag-un","38":"tag-visiter","39":"tag-vous"},"share_on_mastodon":{"url":"https:\/\/pubeurope.com\/@fr\/115895186492634366","error":""},"_links":{"self":[{"href":"https:\/\/www.europesays.com\/fr\/wp-json\/wp\/v2\/posts\/663654","targetHints":{"allow":["GET"]}}],"collection":[{"href":"https:\/\/www.europesays.com\/fr\/wp-json\/wp\/v2\/posts"}],"about":[{"href":"https:\/\/www.europesays.com\/fr\/wp-json\/wp\/v2\/types\/post"}],"author":[{"embeddable":true,"href":"https:\/\/www.europesays.com\/fr\/wp-json\/wp\/v2\/users\/2"}],"replies":[{"embeddable":true,"href":"https:\/\/www.europesays.com\/fr\/wp-json\/wp\/v2\/comments?post=663654"}],"version-history":[{"count":0,"href":"https:\/\/www.europesays.com\/fr\/wp-json\/wp\/v2\/posts\/663654\/revisions"}],"wp:featuredmedia":[{"embeddable":true,"href":"https:\/\/www.europesays.com\/fr\/wp-json\/wp\/v2\/media\/663655"}],"wp:attachment":[{"href":"https:\/\/www.europesays.com\/fr\/wp-json\/wp\/v2\/media?parent=663654"}],"wp:term":[{"taxonomy":"category","embeddable":true,"href":"https:\/\/www.europesays.com\/fr\/wp-json\/wp\/v2\/categories?post=663654"},{"taxonomy":"post_tag","embeddable":true,"href":"https:\/\/www.europesays.com\/fr\/wp-json\/wp\/v2\/tags?post=663654"}],"curies":[{"name":"wp","href":"https:\/\/api.w.org\/{rel}","templated":true}]}}