{"id":663656,"date":"2026-01-14T19:49:12","date_gmt":"2026-01-14T19:49:12","guid":{"rendered":"https:\/\/www.europesays.com\/fr\/663656\/"},"modified":"2026-01-14T19:49:12","modified_gmt":"2026-01-14T19:49:12","slug":"les-meilleures-expositions-photo-a-paris-en-janvier-2026-telerama","status":"publish","type":"post","link":"https:\/\/www.europesays.com\/fr\/663656\/","title":{"rendered":"Les meilleures expositions photo \u00e0 Paris en janvier 2026 &#8211; T\u00e9l\u00e9rama"},"content":{"rendered":"<ol>\n<li><a href=\"https:\/\/news.google.com\/rss\/articles\/CBMitAFBVV95cUxPai1OcjR3SURmNFJfNW40R2FDS190cmhpSFdsOXZ1cmIzTVB2MlpOOFlIYUFUUXN6ajdVYVRScjZFemlqc0k2VDN2RkwxQlVkMlpSeWNURjVsdVRzcTRWa0dJV2xDeHA2TDcwcUtpOVdWOFdicWdlS0NELVBoa19xSDRHRFh0SV9NbFJGZl9RV0t4N2lOcmlsLXZrUldWMTJ1clRJcUFvQmdsRmtfaTY0ajVzOGU?oc=5\" target=\"_blank\" rel=\"noopener\">Les meilleures expositions photo \u00e0 Paris en janvier 2026<\/a>&nbsp;&nbsp;T\u00e9l\u00e9rama<\/li>\n<li><a href=\"https:\/\/news.google.com\/rss\/articles\/CBMi9AFBVV95cUxQcTl2LVRjSEY5Y0g5QWpJcHZaSXZlV05tZWoxNFJaYnNWcmRMTW5FSWxiYm1hMlNGME1nYy1aRFlmTk1nQUtQVWJYZllvcml6Nm1vSkNLcGo0NkRYSGJWaFo2a1gyVEFIMXBsb0hZY19ydHJHenk4UG95RzNETC1GT1lSbXUteDMteFR4dGdNRllIdGtIcUx2SEFJYlJhSThtZUVWMW5NbC1uVDFjcS1GcjJsbzNheTFUS2VTZkg1elhlZUxSTkpFU09UTEF0X0VTMW1ZM0Iycmd3WUtPb3pvWU5ZNDBNaWtlWDhSZnhINVlGTEJV?oc=5\" target=\"_blank\" rel=\"noopener\">Top 10 des expositions de design, architecture et mode \u00e0 ne pas manquer en 2026, de Paris \u00e0 Marseille<\/a>&nbsp;&nbsp;Connaissance des Arts<\/li>\n<li><a href=\"https:\/\/news.google.com\/rss\/articles\/CBMisgFBVV95cUxPbFB1Zk9McDVyLUlxalRkbld3dHg0cDdjYW5oV3haeTByVjI2SlI0XzVlZGRPRS0xbHNiY0NVOF9TMk1oY0ZEOGNCNkJOaGpHWW9TQmNWZUx0cmJaOG9URlI2aEQ2Zm1BcWpJald4SzhrRUV5STNhbkY3OERGRFZpb3I2RXRUVWJ1Ynk4elR3Wlp2YThoR1lyOGV1Wm9aWVZxUDZYZm9acG9sNUtEQkZySVJ3?oc=5\" target=\"_blank\" rel=\"noopener\">Les grandes expositions de 2026 dans la r\u00e9gion et le voisinage<\/a>&nbsp;&nbsp;L&rsquo;Alsace<\/li>\n<li><a href=\"https:\/\/news.google.com\/rss\/articles\/CBMiaEFVX3lxTE1tSkxQVzZ1NDVWS2RPU2VpR1NLVVZCcFZVd08xbzRDZ1diVXZCcFVRWVJ0OHJOVnNhNU1YLXNWQ0tjT0x4QXNrZTFvLWtXMWZvZHllSXJyRlZ5NFFoWlJvYmxRZ1VHOUFj?oc=5\" target=\"_blank\" rel=\"noopener\">Renoir, Matisse, Lee Miller\u2026 d\u00e9couvrez les expositions que tout le monde voudra voir \u00e0 Paris en 2026<\/a>&nbsp;&nbsp;Paris Secret<\/li>\n<li><a href=\"https:\/\/news.google.com\/rss\/articles\/CBMilAFBVV95cUxNQkdfd1VaOFk4TG1qckVQTjIzN1dObENDZnVOLUI1VkhYWlptS1c3QlZzWWtDM1BrOU5qX2JBZTJyMEVZVVJsb0VTRHlPVUp6OUM2dy13MVhVU1A5MkZtREx5aGZCcllHVkR1OWZBdDY5dnliUzJ4Q2ZPZm9jb3F2X2VYODlZT3NVN1dpRUF4T2xZRHZo?oc=5\" target=\"_blank\" rel=\"noopener\">Les 4 expositions photo qui vont faire l\u2019actualit\u00e9 dans les mus\u00e9es parisiens en 2026<\/a>&nbsp;&nbsp;Time Out Paris<\/li>\n<\/ol>\n","protected":false},"excerpt":{"rendered":"Les meilleures expositions photo \u00e0 Paris en janvier 2026&nbsp;&nbsp;T\u00e9l\u00e9rama Top 10 des expositions de design, architecture et mode&hellip;\n","protected":false},"author":2,"featured_media":663657,"comment_status":"","ping_status":"","sticky":false,"template":"","format":"standard","meta":{"footnotes":""},"categories":[1358],"tags":[1348,1384,1385,1386,58,59,1011,27],"class_list":{"0":"post-663656","1":"post","2":"type-post","3":"status-publish","4":"format-standard","5":"has-post-thumbnail","7":"category-arts-et-design","8":"tag-arts","9":"tag-arts-and-design","10":"tag-arts-et-design","11":"tag-design","12":"tag-divertissement","13":"tag-entertainment","14":"tag-fr","15":"tag-france"},"share_on_mastodon":{"url":"https:\/\/pubeurope.com\/@fr\/115895190318144897","error":""},"_links":{"self":[{"href":"https:\/\/www.europesays.com\/fr\/wp-json\/wp\/v2\/posts\/663656","targetHints":{"allow":["GET"]}}],"collection":[{"href":"https:\/\/www.europesays.com\/fr\/wp-json\/wp\/v2\/posts"}],"about":[{"href":"https:\/\/www.europesays.com\/fr\/wp-json\/wp\/v2\/types\/post"}],"author":[{"embeddable":true,"href":"https:\/\/www.europesays.com\/fr\/wp-json\/wp\/v2\/users\/2"}],"replies":[{"embeddable":true,"href":"https:\/\/www.europesays.com\/fr\/wp-json\/wp\/v2\/comments?post=663656"}],"version-history":[{"count":0,"href":"https:\/\/www.europesays.com\/fr\/wp-json\/wp\/v2\/posts\/663656\/revisions"}],"wp:featuredmedia":[{"embeddable":true,"href":"https:\/\/www.europesays.com\/fr\/wp-json\/wp\/v2\/media\/663657"}],"wp:attachment":[{"href":"https:\/\/www.europesays.com\/fr\/wp-json\/wp\/v2\/media?parent=663656"}],"wp:term":[{"taxonomy":"category","embeddable":true,"href":"https:\/\/www.europesays.com\/fr\/wp-json\/wp\/v2\/categories?post=663656"},{"taxonomy":"post_tag","embeddable":true,"href":"https:\/\/www.europesays.com\/fr\/wp-json\/wp\/v2\/tags?post=663656"}],"curies":[{"name":"wp","href":"https:\/\/api.w.org\/{rel}","templated":true}]}}