{"id":663658,"date":"2026-01-14T19:51:14","date_gmt":"2026-01-14T19:51:14","guid":{"rendered":"https:\/\/www.europesays.com\/fr\/663658\/"},"modified":"2026-01-14T19:51:14","modified_gmt":"2026-01-14T19:51:14","slug":"on-ridiculise-le-sport-et-le-prof-christophe-pinna-star-academy-donne-son-avis-sur-la-saison-actuelle","status":"publish","type":"post","link":"https:\/\/www.europesays.com\/fr\/663658\/","title":{"rendered":"\u00ab\u00a0On ridiculise le sport et le prof\u00a0\u00bb : Christophe Pinna (Star Academy) donne son avis sur la saison actuelle"},"content":{"rendered":"<p>Ce roi du tatami a fait transpirer plusieurs promotions d&rsquo;\u00e9l\u00e8ves. \u00c0 57 ans, Christophe Pinna compte parmi les figures incontournables de la<a href=\"https:\/\/www.programme-tv.net\/news\/tv\/395835-elle-n-est-pas-au-courant-anouk-star-academy-fait-une-annonce-sur-ses-projets-avec-jeanne-qui-risque-de-beaucoup-surprendre-sa-camarade\/\" data-api-deeplink=\"teleloisirs:\/\/news\/395835\" target=\"_blank\" rel=\"noopener\"> Star Academy<\/a> sur TF1, alors que<a href=\"https:\/\/www.programme-tv.net\/news\/tv\/388521-star-academy-2025-date-de-diffusion-professeurs-casting-toutes-les-infos-sur-la-nouvelle-saison\/\" data-api-deeplink=\"teleloisirs:\/\/news\/388521\" target=\"_blank\" rel=\"noopener\"> l&rsquo;\u00e9dition 2025 du t\u00e9l\u00e9-crochet anim\u00e9 par Nikos Aliagas<\/a> rythme les samedis soir de la cha\u00eene depuis mi-octobre. Professeur de sport durant quatre saisons, le champion du monde de karat\u00e9 a marqu\u00e9 le programme musical par son exigence, sa bienveillance et sa vision du sport comme moteur de d\u00e9passement de soi. Entre souvenirs, <a href=\"https:\/\/www.programme-tv.net\/news\/tv\/395751-je-n-ai-jamais-voulu-christophe-pinna-ancien-professeur-a-la-star-academy-devoile-cette-demande-de-la-production-qu-il-a-refusee\/\" data-api-deeplink=\"teleloisirs:\/\/news\/395751\" target=\"_blank\" rel=\"noopener\">avis tranch\u00e9 sur l&rsquo;\u00e9mission<\/a> et envies t\u00e9l\u00e9visuelles, le Ni\u00e7ois, rare dans les m\u00e9dias, a r\u00e9pondu avec sinc\u00e9rit\u00e9 aux questions de T\u00e9l\u00e9-Loisirs sur son inoubliable aventure \u00e0 la Star Academy.<\/p>\n<p>\u00ab\u00a0Ce n&rsquo;est pas un super souvenir\u00a0\u00bb : Christophe Pinna confie son regret concernant sa derni\u00e8re saison dans la Star Academy<\/p>\n<p><b>T\u00e9l\u00e9-Loisirs <\/b><b>: \u00cates-vous issu d&rsquo;une famille de sportifs ?<br \/>Christophe Pinna : <\/b>Mon p\u00e8re l&rsquo;\u00e9tait, mais j&rsquo;ai grandi avec une m\u00e8re atteinte d&rsquo;un cancer du sein puis d&rsquo;un cancer g\u00e9n\u00e9ralis\u00e9. Elle a beaucoup souffert toute sa vie. <b>Quand ma m\u00e8re est morte <\/b><b>[des suites d&rsquo;un cancer g\u00e9n\u00e9ralis\u00e9, NDLR]<\/b><b>, j&rsquo;avais 17 ans <\/b>et j&rsquo;\u00e9tais dans une \u00e9cole religieuse. Mon p\u00e8re travaillait la nuit et mon fr\u00e8re avait sa vie. Je d\u00eenais souvent chez l&rsquo;un de mes professeurs le soir pour ne pas \u00eatre seul. Ils ont \u00e9t\u00e9 un vrai soutien dans cette \u00e9preuve. \u00c0 cette p\u00e9riode, le karat\u00e9 \u00e9tait toute ma vie. Quand j&rsquo;ai perdu ma m\u00e8re, ce qui n&rsquo;\u00e9tait qu&rsquo;une passion est devenu une b\u00e9quille gr\u00e2ce \u00e0 laquelle je me suis construit.<\/p>\n<p><b>Votre derni\u00e8re saison de<\/b><b> <\/b><a href=\"https:\/\/www.programme-tv.net\/news\/tv\/278704-star-academy-jenifer-devoile-des-photos-des-coulisses-du-prime-des-20-ans-de-lemission-et-pose-avec-ses-anciens-professeurs\/\" data-api-deeplink=\"teleloisirs:\/\/news\/278704\" target=\"_blank\" rel=\"noopener\"><b>Star Academy<\/b><\/a><b> remonte \u00e0 2008. Comment l&rsquo;avez-vous v\u00e9cue ?<br \/><\/b>Cette ann\u00e9e-l\u00e0, nous n&rsquo;\u00e9tions plus au ch\u00e2teau de Dammarie-les-Lys, mais dans le Marais, en plein c\u0153ur de Paris. <b>Ce n&rsquo;est pas un super souvenir <\/b>car c&rsquo;\u00e9tait difficile de faire du sport, et tout \u00e9tait compliqu\u00e9, m\u00eame pour la production. Cette ann\u00e9e-l\u00e0, ils avaient aussi fait venir Marine M\u00e9chin [coach de d\u00e9veloppement \u00e9motionnel au cours de la saison 8, NDLR]. Je crois que son r\u00f4le devait \u00eatre de faire se disputer les \u00e9l\u00e8ves entre eux. <b>Je n&rsquo;ai jamais vraiment trop compris \u00e0 quoi elle servait.<\/b> Un jour, en plein prime, j&rsquo;ai pris la parole pour l&rsquo;attaquer. J&rsquo;avais d\u00e9j\u00e0 en t\u00eate d&rsquo;arr\u00eater l&rsquo;\u00e9mission.<b> J&rsquo;aime les ondes positives et ce n&rsquo;\u00e9tait plus le cas.<\/b> La production \u00e9tait sans doute en difficult\u00e9 et je ne veux pas leur jeter la pierre, mais je ne pense pas que les clashs n&rsquo;\u00e9taient pas la solution.<\/p>\n<p><b>L&rsquo;apr\u00e8s-<\/b><b>Star Academy<\/b><b> a-t-elle \u00e9t\u00e9 une p\u00e9riode compliqu\u00e9e pour vous ?<br \/><\/b>Non.<b> <\/b>Quand on m&rsquo;a pr\u00e9venu que l&rsquo;\u00e9mission n&rsquo;\u00e9tait pas renouvel\u00e9e, je me suis dit que c&rsquo;\u00e9tait la vie et j&rsquo;ai continu\u00e9 \u00e0 avancer.<\/p>\n<p><b>\u00cates-vous encore en contact avec certains \u00e9l\u00e8ves ?<br \/><\/b>Je suis toujours en lien avec ceux de la saison 5. Maud m&rsquo;a demand\u00e9 de participer \u00e0 son podcast r\u00e9cemment. Je suis aussi en contact avec <a href=\"https:\/\/www.programme-tv.net\/biographie\/85097-mosimann-quentin\/\" data-link-people=\"7584cc0f-d89a-4e5f-99cb-1db14308489f\" target=\"_blank\" rel=\"noopener\">Quentin Mosimann<\/a> qui m&rsquo;\u00e9crit quand il fait des concerts pr\u00e8s de Cannes. Il y a toujours \u00e9norm\u00e9ment de respect entre nous, c&rsquo;est tr\u00e8s agr\u00e9able.<\/p>\n<p>\u00ab\u00a0\u00c7a me plairait\u00a0\u00bb : cette \u00e9mission \u00e0 laquelle Christophe Pinna (Star Academy) aimerait participer<\/p>\n<p><b>Lors du retour de l&rsquo;\u00e9mission en 2022, Rapha\u00eblle Ricci, <\/b><a href=\"https:\/\/www.programme-tv.net\/news\/tv\/362838-c-est-assez-coherent-de-me-coller-ca-sur-le-dos-raphaelle-ricci-dement-avoir-recale-marlene-schaff-de-la-saison-2-de-la-star-academy-et-lui-repond\/\" data-api-deeplink=\"teleloisirs:\/\/news\/362838\" target=\"_blank\" rel=\"noopener\"><b>professeure d&rsquo;expression sc\u00e9nique embl\u00e9matique<\/b><\/a><b>, avait dit qu&rsquo;elle ne voulait plus en entendre parler. Comprenez-vous son choix ?<br \/><\/b>Je ne me permettrais pas de r\u00e9pondre \u00e0 sa place, mais je pense que c&rsquo;est une personne enti\u00e8re. Elle a essay\u00e9 de faire du mieux qu&rsquo;elle a pu en \u00e9tant la plus franche et transparente possible avec les \u00e9l\u00e8ves. Les gens ont s\u00fbrement cru que c&rsquo;\u00e9tait de la m\u00e9chancet\u00e9 alors qu&rsquo;elle avait le souci de les faire avancer. Rapha\u00eblle avait conscience qu&rsquo;on \u00e9tait court dans le temps et il arrive qu&rsquo;on emploie des mots un peu rudes. Elle a cru en ce qu&rsquo;elle faisait. Elle \u00e9tait all\u00e9e au bout de ses convictions et<b> certaines critiques ont d\u00fb la blesser profond\u00e9ment<\/b>. Aujourd&rsquo;hui elle se prot\u00e8ge, c&rsquo;est comme \u00e7a que je l&rsquo;interpr\u00e8te.<\/p>\n<p><b>Regardez-vous encore le programme aujourd&rsquo;hui ?<br \/><\/b>Un peu moins car j&rsquo;ai du mal \u00e0 comprendre la place du sport. On dirait que c&rsquo;est de l&rsquo;occupationnel, du jeu, contrairement \u00e0 mon \u00e9poque. <b>On ridiculise le sport et le prof par la m\u00eame occasion. Quand je vois \u00e7a, \u00e7a me fait mal.<\/b> En revanche, je n&rsquo;ai rien contre <a href=\"https:\/\/www.programme-tv.net\/biographie\/94320-doucoure-ladji\/\" data-link-people=\"dc79d9f5-65a1-496f-aa30-75f10e55c6a6\" target=\"_blank\" rel=\"noopener\">Ladji Doucour\u00e9<\/a>, un grand athl\u00e8te que je respecte \u00e9norm\u00e9ment. Pour moi, la Star Ac&rsquo; est une \u00e9cole d&rsquo;excellence et tout ce qu&rsquo;on fait doit \u00eatre dans l&rsquo;int\u00e9r\u00eat des \u00e9l\u00e8ves pour les faire progresser. Le sport en fait partie.<\/p>\n<p><b>Avez-vous \u00e9t\u00e9 contact\u00e9 pour<\/b><a href=\"https:\/\/www.programme-tv.net\/news\/tv\/395570-je-ne-voyais-pas-l-interet-d-apparaitre-sur-le-plateau-elodie-frege-explique-son-absence-lors-du-200e-prime-de-la-star-academy\/\" data-api-deeplink=\"teleloisirs:\/\/news\/395570\" target=\"_blank\" rel=\"noopener\"><b> le 200e prime diffus\u00e9 le 3 janvier dernier<\/b><\/a><b> ?<br \/><\/b>Non et ce n&rsquo;est pas grave. La Star Ac&rsquo; est une grande famille, mais ce n&rsquo;est pas toute ma vie. Je les aime, que je sois invit\u00e9 ou non. Et puis, est-ce que j&rsquo;aurais eu ma place ? Je n&rsquo;ai jamais not\u00e9 les \u00e9l\u00e8ves. Et puis, il n&rsquo;y a rien eu de sp\u00e9cial en lien avec le sport. J&rsquo;imagine qu&rsquo;ils devaient faire des choix. En revanche, j&rsquo;\u00e9tais pr\u00e9sent parmi les professeurs \u00ab\u00a0charismatiques\u00a0\u00bb, comme ils ont dit, pour les 20 ans de l&rsquo;\u00e9mission. \u00c7a m&rsquo;a fait tr\u00e8s plaisir.<\/p>\n<p><b>\u00c0 quoi ressemble votre vie aujourd\u2019hui ?<br \/><\/b>Je cours tout le temps, jusqu&rsquo;\u00e0 ces derniers temps&#8230; Je donne des stages de karat\u00e9 \u00e0 travers le monde. J&rsquo;ai aussi une soci\u00e9t\u00e9 d&rsquo;\u00e9v\u00e9nementiel. En parall\u00e8le, j&rsquo;\u00e9cris un programme d&rsquo;activit\u00e9 physique adapt\u00e9e pour les personnes en perte d&rsquo;autonomie dans les EHPAD. C&rsquo;est l&rsquo;un des seuls programmes reconnus comme un moyen th\u00e9rapeutique non m\u00e9dicamenteux en France. Mais mon fil rouge, c&rsquo;est le sport.<\/p>\n<p><b>La t\u00e9l\u00e9 vous manque-t-elle ou avez-vous d\u00e9finitivement tourn\u00e9 la page ?<br \/><\/b>Au moment de la Star Ac&rsquo;, je faisais d&rsquo;autres \u00e9missions. J&rsquo;animais The biggest Loser sur T\u00e9va. J&rsquo;ai aussi fait G\u00e9n\u00e9ration mannequin sur M6 et Ultimate Girls sur TF6, en plus de toutes les \u00e9missions pour faire la promotion de la Star Ac&rsquo;. <b>J&rsquo;en ai eu un peu ras-le-bol<\/b>&#8230; Je recevais aussi des propositions d&rsquo;\u00e9missions sur le coaching et l&rsquo;alimentation. Finalement, je suis sorti du circuit avec les ann\u00e9es. Et il y a deux ans environ, mon envie de faire de la t\u00e9l\u00e9 est revenue, mais je n&rsquo;avais plus rien. [Il rit.] Si demain on me propose une \u00e9mission d&rsquo;aventure comme <a href=\"https:\/\/www.programme-tv.net\/news\/evenement\/miss-france-miss-france\/393607-koh-lanta-2026-la-premiere-bande-annonce-du-retour-de-l-emission-diffusee-pendant-miss-france-2026-sur-tf1\/\" data-api-deeplink=\"teleloisirs:\/\/news\/393607\" target=\"_blank\" rel=\"noopener\">Koh-Lanta<\/a>, P\u00e9kin Express ou <a href=\"https:\/\/www.programme-tv.net\/news\/tv\/391001-la-carte-aux-tresors-cyril-feraud-va-t-il-organiser-une-passation-de-pouvoirs-avec-stephane-bern\/\" data-api-deeplink=\"teleloisirs:\/\/news\/391001\" target=\"_blank\" rel=\"noopener\">La carte aux tr\u00e9sors<\/a> en tant que pr\u00e9sentateur ou m\u00eame candidat, <b>\u00e7a me plairait<\/b>.<\/p>\n","protected":false},"excerpt":{"rendered":"Ce roi du tatami a fait transpirer plusieurs promotions d&rsquo;\u00e9l\u00e8ves. \u00c0 57 ans, Christophe Pinna compte parmi les&hellip;\n","protected":false},"author":2,"featured_media":663659,"comment_status":"","ping_status":"","sticky":false,"template":"","format":"standard","meta":{"footnotes":""},"categories":[1356],"tags":[19647,76474,244,58,59,1011,27,2173,10827,76475,5095,252,199,1364],"class_list":{"0":"post-663658","1":"post","2":"type-post","3":"status-publish","4":"format-standard","5":"has-post-thumbnail","7":"category-television","8":"tag-chez-jordan","9":"tag-christophe-pinna","10":"tag-commentaire","11":"tag-divertissement","12":"tag-entertainment","13":"tag-fr","14":"tag-france","15":"tag-interview","16":"tag-nikos-aliagas","17":"tag-raphau00eblle-ricci","18":"tag-star-academy","19":"tag-television","20":"tag-tf1","21":"tag-tv"},"share_on_mastodon":{"url":"https:\/\/pubeurope.com\/@fr\/115895198566826766","error":""},"_links":{"self":[{"href":"https:\/\/www.europesays.com\/fr\/wp-json\/wp\/v2\/posts\/663658","targetHints":{"allow":["GET"]}}],"collection":[{"href":"https:\/\/www.europesays.com\/fr\/wp-json\/wp\/v2\/posts"}],"about":[{"href":"https:\/\/www.europesays.com\/fr\/wp-json\/wp\/v2\/types\/post"}],"author":[{"embeddable":true,"href":"https:\/\/www.europesays.com\/fr\/wp-json\/wp\/v2\/users\/2"}],"replies":[{"embeddable":true,"href":"https:\/\/www.europesays.com\/fr\/wp-json\/wp\/v2\/comments?post=663658"}],"version-history":[{"count":0,"href":"https:\/\/www.europesays.com\/fr\/wp-json\/wp\/v2\/posts\/663658\/revisions"}],"wp:featuredmedia":[{"embeddable":true,"href":"https:\/\/www.europesays.com\/fr\/wp-json\/wp\/v2\/media\/663659"}],"wp:attachment":[{"href":"https:\/\/www.europesays.com\/fr\/wp-json\/wp\/v2\/media?parent=663658"}],"wp:term":[{"taxonomy":"category","embeddable":true,"href":"https:\/\/www.europesays.com\/fr\/wp-json\/wp\/v2\/categories?post=663658"},{"taxonomy":"post_tag","embeddable":true,"href":"https:\/\/www.europesays.com\/fr\/wp-json\/wp\/v2\/tags?post=663658"}],"curies":[{"name":"wp","href":"https:\/\/api.w.org\/{rel}","templated":true}]}}