{"id":663660,"date":"2026-01-14T19:52:13","date_gmt":"2026-01-14T19:52:13","guid":{"rendered":"https:\/\/www.europesays.com\/fr\/663660\/"},"modified":"2026-01-14T19:52:13","modified_gmt":"2026-01-14T19:52:13","slug":"suite-a-une-forte-demande-bruno-mars-annonce-une-3e-date-au-stade-de-france-le-18-juin-2026","status":"publish","type":"post","link":"https:\/\/www.europesays.com\/fr\/663660\/","title":{"rendered":"Suite \u00e0 une forte demande, Bruno Mars annonce une 3e date au Stade de France le 18\u00a0juin 2026"},"content":{"rendered":"<p>La nouvelle tourn\u00e9e de Bruno Mars \u00ab\u00a0The Romantic Tour\u00a0\u00bb sera un des \u00e9v\u00e9nements musicaux de l\u2019ann\u00e9e, \u00e0 n\u2019en pas douter. \u00c0 tel point que le Stade de France a confirm\u00e9 une troisi\u00e8me date de concert de l\u2019artiste am\u00e9ricain. En plus des 20 et 21\u00a0juin 2026, un nouveau show vient d\u2019\u00eatre annonc\u00e9, le 18.<\/p>\n<p>Une \u00ab\u00a0demande incroyable\u00a0\u00bb apr\u00e8s 10 ans d\u2019attente<\/p>\n<p>M\u00eame si la mise en vente des places est pr\u00e9vue ce jeudi 15\u00a0janvier \u00e0 12 heures, un communiqu\u00e9 de presse du Stade de France fait \u00e9tat d\u2019une grande demande des fans pour voir Bruno Mars sur sc\u00e8ne. Il faut dire qu\u2019il n\u2019\u00e9tait plus revenu dans l\u2019Hexagone depuis\u00a02018. Son nouvel album ne sort que le 27\u00a0f\u00e9vrier. Comme premier avant-go\u00fbt de ce nouveau projet, Bruno Mars a d\u00e9voil\u00e9 la chanson I Just Might, ainsi que son clip, le vendredi 9\u00a0janvier dernier.<\/p>\n<p><a href=\"https:\/\/www.stadefrance.com\/fr\/billetterie\/bruno-mars-2026\" target=\"_blank\" class=\"c-link c-btn c-btn--primary\" rel=\"noopener\">Pour \u00eatre pr\u00e9venu lors de la mise en vente des billets pour voir Bruno Mars<\/a><\/p>\n<p>Bruno Mars sera accompagn\u00e9 par Anderson. Paak sur toutes les dates de sa tourn\u00e9e. En revanche, Victoria Mon\u00e9t, RAYE et Leon Thomas seront pr\u00e9sents de fa\u00e7on plus ponctuelle.<\/p>\n<blockquote class=\"twitter-tweet\" align=\"center\" data-lang=\"fr_FR\">\n<p lang=\"fr\" dir=\"ltr\">\ud83d\udea8 DATE SUPPL\u00c9MENTAIRE : En raison d\u2019une demande incroyable, une 3e date a \u00e9t\u00e9 ajout\u00e9e pour Bruno Mars &#8211; The Romantic Tour au Stade de France le 18 juin !<\/p>\n<p>\ud83c\udf9f\ufe0f La mise en vente g\u00e9n\u00e9rale commence ce jeudi 15 janvier \u00e0 12h. <a href=\"https:\/\/twitter.com\/hashtag\/BrunoMars?src=hash&amp;ref_src=twsrc%5Etfw\" target=\"_blank\" rel=\"noopener\">#BrunoMars<\/a> <a href=\"https:\/\/twitter.com\/hashtag\/StadeDeFrance?src=hash&amp;ref_src=twsrc%5Etfw\" target=\"_blank\" rel=\"noopener\">#StadeDeFrance<\/a> <a href=\"https:\/\/t.co\/lNZ5MvzcZP\">pic.twitter.com\/lNZ5MvzcZP<\/a><\/p>\n<p>\u2014 Stade de France (@StadeFrance) <a href=\"https:\/\/twitter.com\/StadeFrance\/status\/2011416493284802959?ref_src=twsrc%5Etfw\" target=\"_blank\" rel=\"noopener\">January 14, 2026<\/a><\/p><\/blockquote>\n<p class=\"mb-m@xs text-l@xs\">En cliquant sur\u00ab J\u2019accepte \u00bb, vous acceptez le d\u00e9p\u00f4t de cookies par des services externes et aurez ainsi acc\u00e8s aux contenus de nos partenaires.<\/p>\n<p class=\"mb-xl@xs text-s@xs\">Plus d\u2019informations sur la page<a href=\"https:\/\/www.20minutes.fr\/gestion-cookies\" class=\"mx-xxs@xs color-ultramarine\" target=\"_blank\" rel=\"noopener\">Politique de gestion des cookies<\/a><\/p>\n<p>J\u2019accepteUn artiste au sommet depuis plus d\u2019une d\u00e9cennie<\/p>\n<p>Au-del\u00e0 de ses tubes, Bruno Mars est actuellement en t\u00eate des charts avec \u00ab\u00a0Die With A Smile\u00a0\u00bb en duo avec <a href=\"https:\/\/www.20minutes.fr\/dossier\/lady_gaga\" class=\"c-link c-link--is-underlined\" target=\"_blank\" rel=\"noopener\">Lady Gaga<\/a> (chanson la plus rapide de l\u2019histoire \u00e0 atteindre 1\u00a0milliard de streams sur <a href=\"https:\/\/www.20minutes.fr\/dossier\/spotify\" class=\"c-link c-link--is-underlined\" target=\"_blank\" rel=\"noopener\">Spotify<\/a>) ou encore \u00ab\u00a0APT.\u00a0\u00bb avec ROS\u00c9 (chanson la plus \u00e9cout\u00e9e au niveau mondial en\u00a02025 par <a href=\"https:\/\/www.20minutes.fr\/high-tech\/apple-music\/\" class=\"c-link c-link--is-underlined\" target=\"_blank\" rel=\"noopener\">Apple Music<\/a>).<\/p>\n<p>Nul doute que ses trois concerts parisiens marqueront l\u2019ann\u00e9e sur la sc\u00e8ne musicale.<\/p>\n<p><script async src=\"https:\/\/platform.twitter.com\/widgets.js\" charset=\"utf-8\"><\/script><\/p>\n","protected":false},"excerpt":{"rendered":"La nouvelle tourn\u00e9e de Bruno Mars \u00ab\u00a0The Romantic Tour\u00a0\u00bb sera un des \u00e9v\u00e9nements musicaux de l\u2019ann\u00e9e, \u00e0 n\u2019en&hellip;\n","protected":false},"author":2,"featured_media":663661,"comment_status":"","ping_status":"","sticky":false,"template":"","format":"standard","meta":{"footnotes":""},"categories":[1355],"tags":[1696,1697,58,59,1011,27,662,1361,873,626,14478,5896],"class_list":{"0":"post-663660","1":"post","2":"type-post","3":"status-publish","4":"format-standard","5":"has-post-thumbnail","7":"category-musique","8":"tag-chanteur","9":"tag-concert","10":"tag-divertissement","11":"tag-entertainment","12":"tag-fr","13":"tag-france","14":"tag-ile-de-france","15":"tag-music","16":"tag-musique","17":"tag-paris","18":"tag-stade-de-france","19":"tag-tempo"},"share_on_mastodon":{"url":"https:\/\/pubeurope.com\/@fr\/115895202222813551","error":""},"_links":{"self":[{"href":"https:\/\/www.europesays.com\/fr\/wp-json\/wp\/v2\/posts\/663660","targetHints":{"allow":["GET"]}}],"collection":[{"href":"https:\/\/www.europesays.com\/fr\/wp-json\/wp\/v2\/posts"}],"about":[{"href":"https:\/\/www.europesays.com\/fr\/wp-json\/wp\/v2\/types\/post"}],"author":[{"embeddable":true,"href":"https:\/\/www.europesays.com\/fr\/wp-json\/wp\/v2\/users\/2"}],"replies":[{"embeddable":true,"href":"https:\/\/www.europesays.com\/fr\/wp-json\/wp\/v2\/comments?post=663660"}],"version-history":[{"count":0,"href":"https:\/\/www.europesays.com\/fr\/wp-json\/wp\/v2\/posts\/663660\/revisions"}],"wp:featuredmedia":[{"embeddable":true,"href":"https:\/\/www.europesays.com\/fr\/wp-json\/wp\/v2\/media\/663661"}],"wp:attachment":[{"href":"https:\/\/www.europesays.com\/fr\/wp-json\/wp\/v2\/media?parent=663660"}],"wp:term":[{"taxonomy":"category","embeddable":true,"href":"https:\/\/www.europesays.com\/fr\/wp-json\/wp\/v2\/categories?post=663660"},{"taxonomy":"post_tag","embeddable":true,"href":"https:\/\/www.europesays.com\/fr\/wp-json\/wp\/v2\/tags?post=663660"}],"curies":[{"name":"wp","href":"https:\/\/api.w.org\/{rel}","templated":true}]}}