{"id":663662,"date":"2026-01-14T19:53:10","date_gmt":"2026-01-14T19:53:10","guid":{"rendered":"https:\/\/www.europesays.com\/fr\/663662\/"},"modified":"2026-01-14T19:53:10","modified_gmt":"2026-01-14T19:53:10","slug":"roubaix-une-lumiere-lea-seydoux-et-roschdy-zem-dans-un-polar-metaphysique-des-plus-singuliers-telerama","status":"publish","type":"post","link":"https:\/\/www.europesays.com\/fr\/663662\/","title":{"rendered":"\u201cRoubaix, une lumi\u00e8re\u201d : L\u00e9a Seydoux et Roschdy Zem dans un polar m\u00e9taphysique des plus singuliers &#8211; T\u00e9l\u00e9rama"},"content":{"rendered":"<ol>\n<li><a href=\"https:\/\/news.google.com\/rss\/articles\/CBMi3gFBVV95cUxQWUUxM2MxRXhBejNYZDhoWnlDaUJMWlkzTURkaHpLUGdHS3pham00UENjSEN6eTVielY5bEQ3WjJwNDduaUIzd19IdTcxZzdGem56ZUF3bHpVaFoyTGtKUDVTNnFvMTlWNFBTSFVheU5Dcy1NWVpaSzV4SzZ2clhja0VZb3NmdEVWb2wyRU4zMzg5Y2UxN3FNaHF0THdBOUxYVEV4OFM4ZndvQklOSWVwQVlMZ1YtMHhpbHJraTJEclJoWk1oeEpwRDZSNkszcUJKM0ktQjhXdjRkUm43dXc?oc=5\" target=\"_blank\" rel=\"noopener\">\u201cRoubaix, une lumi\u00e8re\u201d : L\u00e9a Seydoux et Roschdy Zem dans un polar m\u00e9taphysique des plus singuliers<\/a>&nbsp;&nbsp;T\u00e9l\u00e9rama<\/li>\n<li><a href=\"https:\/\/news.google.com\/rss\/articles\/CBMiowFBVV95cUxOVVFidFljYnZvdGxMRXd0azQzenJQaUNvZ2YzWDREN0NRenFsSXVhN2Y4S1g3YWpOYW1ta0xuTjI0aXI1TWh4NG5XenhFVDJuWVhYemQxOGg4ZjNlU09raXRLaVdlRnRUUmpPY01uOUhBNG5DQjFvMzdHcTJybm55TktlUmdGcGRzcmVHY2txSERXWmphUDhhbGlpX1FTZE85Z3BB?oc=5\" target=\"_blank\" rel=\"noopener\">\u00ab Roubaix, une lumi\u00e8re \u00bb : le r\u00e9el \u00e0 la Desplechin<\/a>&nbsp;&nbsp;Le Nouvel Obs<\/li>\n<li><a href=\"https:\/\/news.google.com\/rss\/articles\/CBMifkFVX3lxTFBrRjVaWlhRdm1kRjRMZGZTc3NQR1drbHJqSzg0dkdXSWhzeWRxSlRkTkxqZzFtZ1podVhSNnNNWHk3eHRBZUg1Z256Mjcyam44bXEtdGVfUk0wN05WakYya0NlbnVlVWxoVmpZekhtdWF1RlU4M1p1MzVIcGdPQQ?oc=5\" target=\"_blank\" rel=\"noopener\">Ce soir \u00e0 la t\u00e9l\u00e9 : Roschdy Zem a obtenu un C\u00e9sar pour sa prestation fascinante de charisme sous la direction d&rsquo;un tr\u00e8s grand r\u00e9alisateur<\/a>&nbsp;&nbsp;AlloCin\u00e9<\/li>\n<li><a href=\"https:\/\/news.google.com\/rss\/articles\/CBMivwFBVV95cUxNeTBYbW5EZTZBTFVydUxxWmJ6aFpCT1JlSVVvNFVhN3RhQ1FQOVc0TGdvcFJPM2E5V0xKT1Qwa3dEU3JGNW1PQlY4X3JzTmcxdmRJcE9ob2pCZHhtMkNIRDg2T0IzeXVGUjcwQ2hkODczYXhmUlpCZTRRSldCUTF4al9KcWFkQW81SVpxYTRJazJiNHNobEVDcnpyTS1iU0RlcWVIdVpHUVF0WmtBa1pSazMzYjhhSGU4aFdfc1Nhcw?oc=5\" target=\"_blank\" rel=\"noopener\">Roschdy Zem y est \u00e9patant : Roubaix, une lumi\u00e8re est rediffus\u00e9 ce mercredi sur ARTE.<\/a>&nbsp;&nbsp;LeBlogTVNews<\/li>\n<li><a href=\"https:\/\/news.google.com\/rss\/articles\/CBMirAFBVV95cUxOTEhOMlVlSndvanUwb2M3anROOFYtcHRKSm5NYnFaT0hXNG1OU1VNbkNMbnZBdzRqV0UyZi1SLWRWb3ZuTlBqUTZLeG9wa0ZRQ0hmc2hIUjluZWRHX2p4RVUxcl9mOGVTRVFlQmo4bndGVFhiZzYwZzNlZ0p3WGxobWxBY2VSb0tCLWUxOW92MUtzd1R5WlZwblRfSEZwUnlOdU82WldvOTdtbkd1?oc=5\" target=\"_blank\" rel=\"noopener\">\u00ab Roubaix, une lumi\u00e8re \u00bb : du cin\u00e9ma v\u00e9rit\u00e9 \u00e0 la sauce Desplechin<\/a>&nbsp;&nbsp;Soirmag<\/li>\n<\/ol>\n","protected":false},"excerpt":{"rendered":"\u201cRoubaix, une lumi\u00e8re\u201d : L\u00e9a Seydoux et Roschdy Zem dans un polar m\u00e9taphysique des plus singuliers&nbsp;&nbsp;T\u00e9l\u00e9rama \u00ab Roubaix,&hellip;\n","protected":false},"author":2,"featured_media":663663,"comment_status":"","ping_status":"","sticky":false,"template":"","format":"standard","meta":{"footnotes":""},"categories":[1354],"tags":[58,59,1346,1011,27,1360],"class_list":{"0":"post-663662","1":"post","2":"type-post","3":"status-publish","4":"format-standard","5":"has-post-thumbnail","7":"category-films","8":"tag-divertissement","9":"tag-entertainment","10":"tag-films","11":"tag-fr","12":"tag-france","13":"tag-movies"},"share_on_mastodon":{"url":"https:\/\/pubeurope.com\/@fr\/115895206320191155","error":""},"_links":{"self":[{"href":"https:\/\/www.europesays.com\/fr\/wp-json\/wp\/v2\/posts\/663662","targetHints":{"allow":["GET"]}}],"collection":[{"href":"https:\/\/www.europesays.com\/fr\/wp-json\/wp\/v2\/posts"}],"about":[{"href":"https:\/\/www.europesays.com\/fr\/wp-json\/wp\/v2\/types\/post"}],"author":[{"embeddable":true,"href":"https:\/\/www.europesays.com\/fr\/wp-json\/wp\/v2\/users\/2"}],"replies":[{"embeddable":true,"href":"https:\/\/www.europesays.com\/fr\/wp-json\/wp\/v2\/comments?post=663662"}],"version-history":[{"count":0,"href":"https:\/\/www.europesays.com\/fr\/wp-json\/wp\/v2\/posts\/663662\/revisions"}],"wp:featuredmedia":[{"embeddable":true,"href":"https:\/\/www.europesays.com\/fr\/wp-json\/wp\/v2\/media\/663663"}],"wp:attachment":[{"href":"https:\/\/www.europesays.com\/fr\/wp-json\/wp\/v2\/media?parent=663662"}],"wp:term":[{"taxonomy":"category","embeddable":true,"href":"https:\/\/www.europesays.com\/fr\/wp-json\/wp\/v2\/categories?post=663662"},{"taxonomy":"post_tag","embeddable":true,"href":"https:\/\/www.europesays.com\/fr\/wp-json\/wp\/v2\/tags?post=663662"}],"curies":[{"name":"wp","href":"https:\/\/api.w.org\/{rel}","templated":true}]}}