{"id":663664,"date":"2026-01-14T19:54:17","date_gmt":"2026-01-14T19:54:17","guid":{"rendered":"https:\/\/www.europesays.com\/fr\/663664\/"},"modified":"2026-01-14T19:54:17","modified_gmt":"2026-01-14T19:54:17","slug":"cancers-le-registre-national-enfin-lance","status":"publish","type":"post","link":"https:\/\/www.europesays.com\/fr\/663664\/","title":{"rendered":"Cancers : le registre national enfin lanc\u00e9 !"},"content":{"rendered":"<p>             <a href=\"https:\/\/ma-sante.news\/wp-content\/uploads\/2026\/01\/Registre-national-des-cancers-a-quoi-ca-sert-concretement-Ma-Sante.jpg\" data-caption=\"Jusqu\u2019ici, les chiffres du cancer en France reposaient sur des estimations, faute de registres couvrant l\u2019ensemble de la population. \u00a9 Freepik\" target=\"_blank\" rel=\"noopener\"><img loading=\"lazy\" decoding=\"async\" width=\"696\" height=\"464\" class=\"entry-thumb td-modal-image ewww_webp_lazy_load\" src=\"data:image\/svg+xml,%3Csvg%20xmlns=\" http:=\"\" data-lazy- data-lazy- alt=\"Une femme, atteinte d'un cancer, qui prend connaissance du nouveau registre national des cancers.\" title=\"Registre national des cancers a\u0300 quoi c\u0327a sert concre\u0300tement Ma Sante\u0301\" data-lazy-src=\"https:\/\/www.europesays.com\/fr\/wp-content\/uploads\/2026\/01\/Registre-national-des-cancers-a-quoi-ca-sert-concretement-Ma-Sante-696x464.jpg\" data-lazy-src-webp=\"https:\/\/www.europesays.com\/fr\/wp-content\/uploads\/2026\/01\/Registre-national-des-cancers-a-quoi-ca-sert-concretement-Ma-Sante-696x464.jpg.webp\" data-lazy-srcset-webp=\"https:\/\/www.europesays.com\/fr\/wp-content\/uploads\/2026\/01\/Registre-national-des-cancers-a-quoi-ca-sert-concretement-Ma-Sante-696x464.jpg.webp 696w, https:\/\/ma-sante.news\/wp-content\/uploads\/2026\/01\/Registre-national-des-cancers-a-quoi-ca-sert-concretement-Ma-Sante-300x200.jpg.webp 300w, https:\/\/ma-sante.news\/wp-content\/uploads\/2026\/01\/Registre-national-des-cancers-a-quoi-ca-sert-concretement-Ma-Sante-768x512.jpg.webp 768w, https:\/\/ma-sante.news\/wp-content\/uploads\/2026\/01\/Registre-national-des-cancers-a-quoi-ca-sert-concretement-Ma-Sante-630x420.jpg.webp 630w, https:\/\/ma-sante.news\/wp-content\/uploads\/2026\/01\/Registre-national-des-cancers-a-quoi-ca-sert-concretement-Ma-Sante.jpg.webp 800w\"\/><\/a>Jusqu\u2019ici, les chiffres du cancer en France reposaient sur des estimations, faute de registres couvrant l\u2019ensemble de la population. \u00a9 Freepik                                    \t\t\t             <a class=\"gofollow\" data-track=\"MjgsMCw2MA==\" href=\"https:\/\/ma-sante.news\/inscrivez-vous-a-notre-newsletter\/\" target=\"_blank\" rel=\"noopener\"><img loading=\"lazy\" decoding=\"async\" width=\"1068\" height=\"131\" src=\"data:image\/svg+xml,%3Csvg%20xmlns=\" http:=\"\" data-lazy-src=\"https:\/\/www.europesays.com\/fr\/wp-content\/uploads\/2025\/03\/banniere-newsletter.png\"\/><\/a> <\/p>\n<p>Pendant des d\u00e9cennies, la France a v\u00e9cu avec l\u2019 \u00e9trange contradiction d\u2019un syst\u00e8me de soins performant, une recherche en canc\u00e9rologie reconnue\u2026 mais pas de vision exhaustive des cancers sur son territoire.<\/p>\n<p>Jusqu\u2019ici, seules certaines zones \u00e9taient couvertes par des registres locaux, pilot\u00e9s notamment par des \u00e9quipes hospitalo-universitaires. Environ 24 % de la population fran\u00e7aise seulement entrait r\u00e9ellement dans les statistiques, selon Sant\u00e9 publique France.<\/p>\n<p>Pour le reste du pays, on extrapolait. Depuis le 1er janvier 2026, cette \u00e9poque touche officiellement \u00e0 sa fin. Le registre national des cancers est lanc\u00e9, sous la responsabilit\u00e9 de l\u2019Institut national du cancer (INCa), avec l\u2019objectif de recenser l\u2019ensemble des cancers diagnostiqu\u00e9s en France, m\u00e9tropole et Outre-mer compris.<\/p>\n<p>        Un registre des cancers, c\u2019est quoi exactement ?    <\/p>\n<p>Un registre des cancers, ce n\u2019est pas un fichier nominatif ni une base r\u00e9serv\u00e9e aux experts. C\u2019est un outil de sant\u00e9 publique, qui compile de mani\u00e8re pseudonymis\u00e9e (les noms ne sont pas visibles) des informations essentielles :<\/p>\n<p>Ces donn\u00e9es proviennent de plusieurs sources : h\u00f4pitaux, <a href=\"https:\/\/ma-sante.news\/assurance-maladie-conseils-deconfinement-lyon-rhone\/\" target=\"_blank\" rel=\"noopener\">assurance maladie<\/a>, laboratoires, m\u00e9decins, certificats de d\u00e9c\u00e8s. Elles existaient d\u00e9j\u00e0, mais \u00e9taient \u00e9parpill\u00e9es. Le registre les rassemble enfin.<\/p>\n<p>        \u00c0 quoi \u00e7a sert pour moi, concr\u00e8tement ?    <strong>Pas \u00e0 vous diagnostiquer, ni \u00e0 vous surveiller<\/strong>\u2026    <\/p>\n<p>Le registre national des cancers ne sert pas \u00e0 suivre les individus. Il ne pose aucun diagnostic, ne d\u00e9clenche aucune alerte personnelle et ne permet \u00e0 personne de savoir si vous, ou un proche, \u00eates malade.\u00a0<\/p>\n<p>Les informations collect\u00e9es sont pseudonymis\u00e9es, prot\u00e9g\u00e9es par le RGPD et strictement encadr\u00e9es par la CNIL. Elles ne sont ni accessibles aux assurances, ni aux employeurs, ni \u00e0 quelque organisme que ce soit en dehors du champ sanitaire et scientifique.<\/p>\n<p>        <strong>Mais \u00e0 mieux comprendre la maladie\u2026 pour mieux la pr\u00e9venir<\/strong>    <\/p>\n<p>L\u00e0 o\u00f9 le registre prend tout son sens, c\u2019est dans la compr\u00e9hension collective du cancer. Pour la premi\u00e8re fois, la France pourra disposer de donn\u00e9es pr\u00e9cises, compl\u00e8tes et homog\u00e8nes sur l\u2019ensemble du territoire :\u00a0<\/p>\n<p>Concr\u00e8tement, si l\u2019on observe qu<a href=\"https:\/\/ma-sante.news\/hausse-generale-des-cas-le-cancer-pas-une-fatalite-circ\/\" target=\"_blank\" rel=\"noopener\">\u2019un type de cancer augmente de fa\u00e7on inhabituelle<\/a> dans une zone donn\u00e9e, cela peut alerter les autorit\u00e9s sanitaires. En cause, parfois, des facteurs environnementaux, des habitudes de vie, un retard de d\u00e9pistage ou un acc\u00e8s insuffisant aux soins.<\/p>\n<p>        Cancers : on saura quelle r\u00e9gion est vraiment la plus touch\u00e9es    <\/p>\n<p>Jusqu\u2019ici, certaines r\u00e9gions \u00e9taient bien document\u00e9es, d\u2019autres presque invisibles dans les statistiques nationales. Avec le registre national, chaque territoire compte.<\/p>\n<p>Cela signifie :<\/p>\n<ul class=\"wp-block-list\">\n<li>une meilleure identification des in\u00e9galit\u00e9s g\u00e9ographiques<\/li>\n<li>une adaptation plus fine des politiques de pr\u00e9vention<\/li>\n<li>un pilotage plus juste de l\u2019offre de soins<\/li>\n<\/ul>\n<p>Pour les Outre-mer, souvent sous-repr\u00e9sent\u00e9s dans les \u00e9tudes nationales, l\u2019enjeu est majeur. Les autorit\u00e9s sanitaires disposeront enfin de donn\u00e9es solides pour ajuster les strat\u00e9gies locales.<\/p>\n<p>        Registre national des cancers : un outil cl\u00e9 pour la recherche et les politiques publiques    <\/p>\n<p>Chaque ann\u00e9e en France, environ 433 000 nouveaux cas de cancer sont diagnostiqu\u00e9s. Le cancer reste la premi\u00e8re cause de mortalit\u00e9 pr\u00e9matur\u00e9e, malgr\u00e9 les progr\u00e8s th\u00e9rapeutiques.Le registre national permettra :<\/p>\n<ul class=\"wp-block-list\">\n<li>de mesurer l\u2019impact r\u00e9el des campagnes de d\u00e9pistage<\/li>\n<li>d\u2019\u00e9valuer l\u2019efficacit\u00e9 des politiques de pr\u00e9vention<\/li>\n<li>de mieux orienter la recherche sur les facteurs de risque environnementaux et sociaux<\/li>\n<\/ul>\n<p>C\u2019est un travail de fond, sur le long terme. Les premi\u00e8res donn\u00e9es consolid\u00e9es r\u00e9ellement exploitables prendront du temps. Les experts parlent de plusieurs ann\u00e9es avant une pleine mont\u00e9e en charge.<\/p>\n<blockquote class=\"wp-block-quote is-layout-flow wp-block-quote-is-layout-flow\">\n<p><strong>\u00c0 SAVOIR <\/strong><\/p>\n<p>Une fois consolid\u00e9es et anonymis\u00e9es, certaines donn\u00e9es seront accessibles au public, notamment sous forme de cartes, de chiffres cl\u00e9s et de tendances nationales ou r\u00e9gionales, via les publications de l\u2019Sant\u00e9 publique France et de l\u2019Institut national du cancer.<\/p>\n<\/blockquote>\n<p>  <a class=\"gofollow\" data-track=\"MTIsMCw2MA==\" href=\"https:\/\/ma-sante.news\/annonceurs\/\" target=\"_blank\" rel=\"noopener\"><img loading=\"lazy\" decoding=\"async\" width=\"2560\" height=\"2133\" src=\"data:image\/svg+xml,%3Csvg%20xmlns=\" http:=\"\" data-lazy-src=\"https:\/\/www.europesays.com\/fr\/wp-content\/uploads\/2025\/03\/pub-annonceurs-4-scaled.jpg\"\/><\/a>    <img loading=\"lazy\" decoding=\"async\" width=\"755\" height=\"495\" src=\"data:image\/svg+xml,%3Csvg%20xmlns=\" http:=\"\" data-lazy-src=\"https:\/\/www.europesays.com\/fr\/wp-content\/uploads\/2025\/03\/Image1.jpg\" data-lazy-src-webp=\"https:\/\/www.europesays.com\/fr\/wp-content\/uploads\/2025\/03\/Image1.jpg.webp\" class=\"ewww_webp_lazy_load\"\/>Inscrivez-vous \u00e0 notre newsletter <br \/>Ma Sant\u00e9                      <\/p>\n","protected":false},"excerpt":{"rendered":"Jusqu\u2019ici, les chiffres du cancer en France reposaient sur des estimations, faute de registres couvrant l\u2019ensemble de la&hellip;\n","protected":false},"author":2,"featured_media":663665,"comment_status":"","ping_status":"","sticky":false,"template":"","format":"standard","meta":{"footnotes":""},"categories":[10],"tags":[1011,27,72,14463,71],"class_list":{"0":"post-663664","1":"post","2":"type-post","3":"status-publish","4":"format-standard","5":"has-post-thumbnail","7":"category-sante","8":"tag-fr","9":"tag-france","10":"tag-health","11":"tag-pru00e9vention-cancer","12":"tag-sante"},"share_on_mastodon":{"url":"https:\/\/pubeurope.com\/@fr\/115895210163096048","error":""},"_links":{"self":[{"href":"https:\/\/www.europesays.com\/fr\/wp-json\/wp\/v2\/posts\/663664","targetHints":{"allow":["GET"]}}],"collection":[{"href":"https:\/\/www.europesays.com\/fr\/wp-json\/wp\/v2\/posts"}],"about":[{"href":"https:\/\/www.europesays.com\/fr\/wp-json\/wp\/v2\/types\/post"}],"author":[{"embeddable":true,"href":"https:\/\/www.europesays.com\/fr\/wp-json\/wp\/v2\/users\/2"}],"replies":[{"embeddable":true,"href":"https:\/\/www.europesays.com\/fr\/wp-json\/wp\/v2\/comments?post=663664"}],"version-history":[{"count":0,"href":"https:\/\/www.europesays.com\/fr\/wp-json\/wp\/v2\/posts\/663664\/revisions"}],"wp:featuredmedia":[{"embeddable":true,"href":"https:\/\/www.europesays.com\/fr\/wp-json\/wp\/v2\/media\/663665"}],"wp:attachment":[{"href":"https:\/\/www.europesays.com\/fr\/wp-json\/wp\/v2\/media?parent=663664"}],"wp:term":[{"taxonomy":"category","embeddable":true,"href":"https:\/\/www.europesays.com\/fr\/wp-json\/wp\/v2\/categories?post=663664"},{"taxonomy":"post_tag","embeddable":true,"href":"https:\/\/www.europesays.com\/fr\/wp-json\/wp\/v2\/tags?post=663664"}],"curies":[{"name":"wp","href":"https:\/\/api.w.org\/{rel}","templated":true}]}}