{"id":663668,"date":"2026-01-14T19:56:13","date_gmt":"2026-01-14T19:56:13","guid":{"rendered":"https:\/\/www.europesays.com\/fr\/663668\/"},"modified":"2026-01-14T19:56:13","modified_gmt":"2026-01-14T19:56:13","slug":"la-mort-de-scott-adams-caricaturiste-de-lunivers-de-lentreprise-avec-son-strip-dilbert","status":"publish","type":"post","link":"https:\/\/www.europesays.com\/fr\/663668\/","title":{"rendered":"La mort de Scott Adams, caricaturiste de l\u2019univers de l\u2019entreprise avec son strip \u00ab\u00a0Dilbert\u00a0\u00bb"},"content":{"rendered":"<p>                     <img loading=\"lazy\" decoding=\"async\" src=\"https:\/\/www.europesays.com\/fr\/wp-content\/uploads\/2026\/01\/32ce5d3_ftp-1-uvb4edk3n4kn-29e3001585ca4254acdb17fac19c0a38-0-115e197848614ccd8865ba15896f7b94.jpg\" alt=\"Scott Adams et son personnage \u00ab\u00a0Dilbert\u00a0\u00bb, \u00e0 Dublin (Californie), le 26\u00a0octobre 2006.\"   width=\"664\" height=\"443\"\/>    Scott Adams et son personnage \u00ab\u00a0Dilbert\u00a0\u00bb, \u00e0 Dublin (Californie), le 26\u00a0octobre 2006.  MARCIO JOSE SANCHEZ\/AP                 <\/p>\n<p class=\"article__paragraph  \">Les ascenseurs, les recoins pour machines \u00e0 caf\u00e9, les panneaux d\u2019affichage des centrales syndicales ont longtemps \u00e9t\u00e9 le royaume r\u00e9serv\u00e9 de Scott Adams. Rarement \u0153uvre d\u2019un auteur de bande dessin\u00e9e aura \u00e9t\u00e9 autant photocopi\u00e9e et accroch\u00e9e dans les espaces communs des entreprises. Son strip Dilbert parlait du monde du travail et de sa vacuit\u00e9. En retour, le monde du travail a \u00e9largi son audience en diffusant son esth\u00e9tique minimaliste au-del\u00e0 des journaux pour lesquels elle avait \u00e9t\u00e9 initialement con\u00e7u.<\/p>\n<p class=\"article__paragraph  \">Au sommet de son succ\u00e8s, plus de 2\u00a0000\u00a0titres \u00e0 travers le monde publiaient simultan\u00e9ment Dilbert. Un chiffre \u00e9quivalent \u00e0 ceux des plus grands strips de l\u2019histoire des comics, comme les Peanuts ou Garfield, mais qui diminua brutalement de moiti\u00e9 en\u00a02023 apr\u00e8s que son cr\u00e9ateur eut tenu des propos racistes sur son podcast.<\/p>\n<p>                              Lire aussi |  <a href=\"https:\/\/www.lemonde.fr\/international\/article\/2023\/02\/26\/l-auteur-de-la-bd-dilbert-scott-adams-sanctionne-par-des-journaux-americains-pour-ses-propos-racistes_6163372_3210.html\" class=\"js-article-read-also catcher--favoris__link\" data-premium=\"\" id=\"article-title-3312163\" target=\"_blank\" rel=\"noopener\">L\u2019auteur de la BD \u00ab\u00a0Dilbert\u00a0\u00bb, Scott Adams, sanctionn\u00e9 par des journaux am\u00e9ricains pour ses propos racistes<\/a>    <\/p>\n<p>   Lire plus tard  <\/p>\n<p class=\"article__paragraph  \">Scott Adams est mort le 13\u00a0janvier \u00e0 son domicile de Pleasanton (Californie) \u00e0 l\u2019\u00e2ge de 68\u00a0ans, des suites d\u2019un cancer de la prostate dont il avait annonc\u00e9 l\u2019existence il y a huit mois. N\u00e9 en\u00a01957 \u00e0 Windham, dans l\u2019Etat de New York, d\u2019un p\u00e8re employ\u00e9 des postes et d\u2019une m\u00e8re agente immobili\u00e8re, puis ouvri\u00e8re, il commence \u00e0 travailler dans une banque, puis dans une compagnie de t\u00e9l\u00e9phone.<\/p>\n<p class=\"reading-mode-only \"><strong>Il vous reste 72.69% de cet article \u00e0 lire. La suite est r\u00e9serv\u00e9e aux abonn\u00e9s.<\/strong><\/p>\n","protected":false},"excerpt":{"rendered":"Scott Adams et son personnage \u00ab\u00a0Dilbert\u00a0\u00bb, \u00e0 Dublin (Californie), le 26\u00a0octobre 2006. MARCIO JOSE SANCHEZ\/AP Les ascenseurs, les&hellip;\n","protected":false},"author":2,"featured_media":663669,"comment_status":"","ping_status":"","sticky":false,"template":"","format":"standard","meta":{"footnotes":""},"categories":[8],"tags":[58,59,1011,27],"class_list":{"0":"post-663668","1":"post","2":"type-post","3":"status-publish","4":"format-standard","5":"has-post-thumbnail","7":"category-divertissement","8":"tag-divertissement","9":"tag-entertainment","10":"tag-fr","11":"tag-france"},"share_on_mastodon":{"url":"https:\/\/pubeurope.com\/@fr\/115895218042513180","error":""},"_links":{"self":[{"href":"https:\/\/www.europesays.com\/fr\/wp-json\/wp\/v2\/posts\/663668","targetHints":{"allow":["GET"]}}],"collection":[{"href":"https:\/\/www.europesays.com\/fr\/wp-json\/wp\/v2\/posts"}],"about":[{"href":"https:\/\/www.europesays.com\/fr\/wp-json\/wp\/v2\/types\/post"}],"author":[{"embeddable":true,"href":"https:\/\/www.europesays.com\/fr\/wp-json\/wp\/v2\/users\/2"}],"replies":[{"embeddable":true,"href":"https:\/\/www.europesays.com\/fr\/wp-json\/wp\/v2\/comments?post=663668"}],"version-history":[{"count":0,"href":"https:\/\/www.europesays.com\/fr\/wp-json\/wp\/v2\/posts\/663668\/revisions"}],"wp:featuredmedia":[{"embeddable":true,"href":"https:\/\/www.europesays.com\/fr\/wp-json\/wp\/v2\/media\/663669"}],"wp:attachment":[{"href":"https:\/\/www.europesays.com\/fr\/wp-json\/wp\/v2\/media?parent=663668"}],"wp:term":[{"taxonomy":"category","embeddable":true,"href":"https:\/\/www.europesays.com\/fr\/wp-json\/wp\/v2\/categories?post=663668"},{"taxonomy":"post_tag","embeddable":true,"href":"https:\/\/www.europesays.com\/fr\/wp-json\/wp\/v2\/tags?post=663668"}],"curies":[{"name":"wp","href":"https:\/\/api.w.org\/{rel}","templated":true}]}}